{"id":68016,"date":"2021-06-11T11:06:06","date_gmt":"2021-06-11T14:06:06","guid":{"rendered":"https:\/\/catolicanet.net\/wp-cnet\/?p=68016"},"modified":"2021-06-11T16:12:42","modified_gmt":"2021-06-11T19:12:42","slug":"ultimo-dia-da-semana-biblica-nacional-tratou-sobre-a-importancia-dos-circulos-biblicos","status":"publish","type":"post","link":"https:\/\/catolicanet.net\/wp-cnet\/ultimo-dia-da-semana-biblica-nacional-tratou-sobre-a-importancia-dos-circulos-biblicos\/","title":{"rendered":"\u00daLTIMO DIA DA SEMANA B\u00cdBLICA NACIONAL TRATOU SOBRE A IMPORT\u00c2NCIA DOS C\u00cdRCULOS B\u00cdBLICOS"},"content":{"rendered":"<p style=\"text-align: justify;\">No \u00faltimo dia da Semana B\u00edblica Nacional, 10 de junho, iniciativa proposta pela Comiss\u00e3o para a Anima\u00e7\u00e3o B\u00edblica-Catequ\u00e9tica da Confer\u00eancia Nacional dos Bispos do Brasil (CNBB), houve a reflex\u00e3o sobre a import\u00e2ncia dos c\u00edrculos b\u00edblicos, especialmente no M\u00eas da B\u00edblica, na perspectiva da Carta aos G\u00e1latas, tema central do M\u00eas da B\u00edblia de 2021.<\/p>\n<p style=\"text-align: justify;\"><strong>Biblistas \u2013<\/strong>\u00a0Um dos convidados foi o professor do Programa de P\u00f3s-Gradua\u00e7\u00e3o em Teologia da UNICAP, Claudio Vianney Malzoni.\u00a0 Ele falou sobre a prepara\u00e7\u00e3o que os biblistas t\u00eam para elaborar materiais para ajudar as comunidades.<\/p>\n<p style=\"text-align: justify;\">Claudio destacou a import\u00e2ncia do biblista em si, o que elabora o texto-base, mas tamb\u00e9m a das comunidades, que estudam o texto-base e, a partir disso, animam. \u201cO M\u00eas da B\u00edblia \u00e9 importante para fazermos essa intera\u00e7\u00e3o entre comunidades\u201d, disse Claudio.<\/p>\n<p style=\"text-align: justify;\">Ele salientou as caracter\u00edsticas que um biblista deve ter para se adentrar na din\u00e2mica dos c\u00edrculos b\u00edblicos. Umas delas, segundo ele, \u00e9 o rigor metodol\u00f3gico. A outra caracter\u00edstica citada \u00e9 a linguagem acess\u00edvel.<\/p>\n<p style=\"text-align: justify;\"><img loading=\"lazy\" decoding=\"async\" class=\"wp-image-299170 alignright\" src=\"https:\/\/www.cnbb.org.br\/wp-content\/uploads\/2021\/06\/Claudio-Vianney.jpg\" sizes=\"auto, (max-width: 469px) 100vw, 469px\" srcset=\"https:\/\/www.cnbb.org.br\/wp-content\/uploads\/2021\/06\/Claudio-Vianney.jpg 764w, https:\/\/www.cnbb.org.br\/wp-content\/uploads\/2021\/06\/Claudio-Vianney-300x168.jpg 300w, https:\/\/www.cnbb.org.br\/wp-content\/uploads\/2021\/06\/Claudio-Vianney-500x280.jpg 500w\" alt=\"\" width=\"469\" height=\"263\" \/><\/p>\n<p style=\"text-align: justify;\">Ainda de acordo com ele, \u00e9 importante que o biblista saiba ouvir, participar junto com a comunidade eclesial. \u201cSe s\u00f3 falarmos e n\u00e3o ouvirmos, ent\u00e3o o trabalho que a gente faz vai refletir s\u00f3 a n\u00f3s mesmos. Por isso, \u00e9 importante sairmos do espelho, conversarmos com as pessoas, ouvir\u201d, disse.<\/p>\n<p style=\"text-align: justify;\">J\u00e1 sobre a din\u00e2mica dos c\u00edrculos b\u00edblicos, Claudio disse que os c\u00edrculos s\u00e3o um incentivo a ouvir a Deus que fala na vida e na B\u00edblia. \u201cN\u00f3s temos essas duas palavras de Deus: a palavra de Deus na vida e a palavra na B\u00edblia. Por isso que na din\u00e2mica dos c\u00edrculos b\u00edblicos, esse ouvir a vida ganha uma import\u00e2ncia muito grande\u201d, diz.<\/p>\n<p style=\"text-align: justify;\">\u201cQuando n\u00f3s que somos biblistas fazemos o estudo da B\u00edblia, n\u00f3s tamb\u00e9m temos que fazer esse exerc\u00edcio de ouvir o que Deus nos fala na vida, na vida de cada um, na nossa vida, ent\u00e3o essa din\u00e2mica \u00e9 tamb\u00e9m a de deixar os ouvidos abertos para escutar aquilo que Deus fala atrav\u00e9s da vida\u201d, salienta.<\/p>\n<p style=\"text-align: justify;\">\u201cAs vezes \u00e9 dif\u00edcil compreender a B\u00edblia, as vezes \u00e9 dif\u00edcil compreender a vida, mas a vida ajuda a compreender a B\u00edblia e a vida ajuda a compreender a B\u00edblia\u201d, finalizou.<\/p>\n<p style=\"text-align: justify;\"><strong>C\u00edrculos B\u00edblicos \u2013<\/strong>\u00a0O segundo convidado da live foi o padre Jo\u00e3o Batista Maroni, doutorando em Teologia pela PUC-Rio. Ele falou sobre a import\u00e2ncia dos c\u00edrculos b\u00edblicos no caminho de anima\u00e7\u00e3o b\u00edblica da pastoral.<\/p>\n<p style=\"text-align: justify;\">Padre Jo\u00e3o explicou que os grupos se re\u00fanem continuamente para estudar a Palavra de Deus. \u201cOra a fonte s\u00e3o os momentos tem\u00e1ticos da Igreja, como a CF, o M\u00eas da B\u00edblia, o M\u00eas Mission\u00e1rio, M\u00eas Vocacional. Ora s\u00e3o os Evangelhos tem\u00e1ticos ou os temas pr\u00f3prios das dioceses, ent\u00e3o a Palavra de Deus \u00e9 o carro chefe de toda essa reflex\u00e3o\u201d, disse.<\/p>\n<p style=\"text-align: justify;\"><img loading=\"lazy\" decoding=\"async\" class=\" wp-image-299172 alignleft\" src=\"https:\/\/www.cnbb.org.br\/wp-content\/uploads\/2021\/06\/Joao-Batista.jpg\" sizes=\"auto, (max-width: 482px) 100vw, 482px\" srcset=\"https:\/\/www.cnbb.org.br\/wp-content\/uploads\/2021\/06\/Joao-Batista.jpg 766w, https:\/\/www.cnbb.org.br\/wp-content\/uploads\/2021\/06\/Joao-Batista-300x159.jpg 300w, https:\/\/www.cnbb.org.br\/wp-content\/uploads\/2021\/06\/Joao-Batista-500x266.jpg 500w\" alt=\"\" width=\"482\" height=\"256\" \/>Para o padre, a experi\u00eancia do c\u00edrculo b\u00edblico vem ajudando a definir um pouco o lugar do c\u00edrculo b\u00edblico, a sua identidade, o seu papel na vida da Igreja.<\/p>\n<p style=\"text-align: justify;\">\u201cA experi\u00eancia tem nos mostrado que o c\u00edrculo b\u00edblico tem que estar plantado numa comunidade eclesial, seja ela uma comunidade mission\u00e1ria, uma comunidade de base, mas uma comunidade de Igreja, uma comunidade eclesial. O c\u00edrculo n\u00e3o pode existir sem essa raiz, o de ser plantada na comunidade eclesial\u201d, afirmou.<\/p>\n<p style=\"text-align: justify;\">Segundo o padre Jo\u00e3o, a vida numa comunidade eclesial alimenta o c\u00edrculo b\u00edblico. \u201cA vida da comunidade \u00e9 a pr\u00f3pria palavra de Deus na vida. E a palavra de Deus na Sagrada Escritura vai alimentar e orientar as a\u00e7\u00f5es e a reflex\u00e3o dos c\u00edrculos\u201d, diz.<\/p>\n<p style=\"text-align: justify;\">Ainda conforme o padre, o c\u00edrculo b\u00edblico \u00e9 especificamente o mergulhar na Palavra de Deus. \u201cSempre digo que a fun\u00e7\u00e3o do c\u00edrculo \u00e9 descobrir a Palavra de Deus. \u00c9 ajudar as pessoas a ter contato com a Palavra de Deus, que est\u00e1 escondida nas letras da B\u00edblia, nas palavras da B\u00edblia\u201d.<\/p>\n<p style=\"text-align: justify;\">\u201cO c\u00edrculo tem essa din\u00e2mica de descoberta da Palavra de Deus escrita nas sagradas escrituras. O c\u00edrculo concorre para a anima\u00e7\u00e3o dessa forma \u2013 bebendo da Palavra para que ela seja essa fonte de vida para a Igreja e fonte de vida para a pr\u00f3pria vida\u201d.<\/p>\n<p style=\"text-align: justify;\"><strong>Anima\u00e7\u00e3o B\u00edblica \u2013\u00a0<\/strong>Mariana Aparecida Ven\u00e2ncio, Doutorando em Estudos Liter\u00e1rios pela UFJF, foi a terceira convidada da live e partilhou um pouco de sua experi\u00eancia na anima\u00e7\u00e3o b\u00edblica na Igreja.<\/p>\n<p style=\"text-align: justify;\"><img loading=\"lazy\" decoding=\"async\" class=\" wp-image-299173 alignright\" src=\"https:\/\/www.cnbb.org.br\/wp-content\/uploads\/2021\/06\/Mariana.jpg\" sizes=\"auto, (max-width: 432px) 100vw, 432px\" srcset=\"https:\/\/www.cnbb.org.br\/wp-content\/uploads\/2021\/06\/Mariana.jpg 761w, https:\/\/www.cnbb.org.br\/wp-content\/uploads\/2021\/06\/Mariana-300x158.jpg 300w, https:\/\/www.cnbb.org.br\/wp-content\/uploads\/2021\/06\/Mariana-500x264.jpg 500w\" alt=\"\" width=\"432\" height=\"228\" \/><\/p>\n<p style=\"text-align: justify;\">Na ocasi\u00e3o, Mariana defendeu que os c\u00edrculos b\u00edblicos promovem a aproxima\u00e7\u00e3o das comunidades com a Palavra de Deus.<\/p>\n<p style=\"text-align: justify;\">\u201cA experi\u00eancia dos c\u00edrculos b\u00edblicos difunde a Palavra de Deus. Ela faz com que a Palavra de Deus seja visita nos nossos encontros lit\u00fargicos, nas celebra\u00e7\u00f5es dos nossos sacramentos, mas que ela esteja mesmo na m\u00e3o do povo, em pequenos grupos para refletir sobre a Palavra de Deus, para falar da Palavra de Deus, ent\u00e3o al\u00e9m de um espa\u00e7o de reflex\u00e3o o c\u00edrculo b\u00edblico acaba sendo tamb\u00e9m um espa\u00e7o de catequese, que \u00e9 um espa\u00e7o muito importante dentro das nossas comunidades\u201d, disse.<\/p>\n<p style=\"text-align: justify;\">Assista a live na \u00edntegra:<\/p>\n<div class=\"ast-oembed-container\" style=\"text-align: justify;\">\n<div>\n<div>\n<p><iframe loading=\"lazy\" title=\"Semana B\u00edblica Nacional: C\u00edrculos B\u00edblicos da Carta aos G\u00e1latas\" width=\"696\" height=\"392\" src=\"https:\/\/www.youtube.com\/embed\/5P_m2-7Znjo?feature=oembed\" frameborder=\"0\" allow=\"accelerometer; autoplay; clipboard-write; encrypted-media; gyroscope; picture-in-picture\" allowfullscreen><\/iframe><\/p>\n<\/div>\n<\/div>\n<\/div>\n<h3 style=\"text-align: justify;\"><strong>A Semana B\u00edblica Nacional<\/strong><\/h3>\n<p style=\"text-align: justify;\">A Semana B\u00edblica Nacional aconteceu de 7 a 10 de junho. O evento, em modalidade virtual, marcou o in\u00edcio da celebra\u00e7\u00e3o do jubileu de ouro do M\u00eas da B\u00edblia.<\/p>\n<p style=\"text-align: justify;\">No dia 7, na abertura, houve uma mesa redonda com a participa\u00e7\u00e3o de dom Jos\u00e9 Ant\u00f4nio Peruzzo, presidente da Comiss\u00e3o; dom Jacinto Bergmann; a irm\u00e3 Zuleica Silvano (Paulina); o imr\u00e3o Jos\u00e9 Nery (Lassalista) e o padre J\u00e2nison de S\u00e1 Santos.<\/p>\n<p style=\"text-align: justify;\">Na segunda noite, dia 8, foi apresentado o tema do M\u00eas da B\u00edblia para o ano de 2021, com o autor do texto-base, o professor Joel Ant\u00f4nio Ferreira.<\/p>\n<p style=\"text-align: justify;\">O tema do dia 9 foi a miss\u00e3o de Paulo Ap\u00f3stolo com a participa\u00e7\u00e3o da irm\u00e3 A\u00edla Pinheiro, da Congrega\u00e7\u00e3o Nova Jerusal\u00e9m, e o\u00a0 padre Benedito Ant\u00f4nio Bueno de Almeida (Paulino).<\/p>\n<p style=\"text-align: justify;\">O tema do \u00faltimo dia, 10, foi a import\u00e2ncia dos c\u00edrculos b\u00edblicos no M\u00eas da B\u00edblia na perspectiva da Carta aos G\u00e1latas, com a participa\u00e7\u00e3o do professor Cl\u00e1udio Vianney Malzoni; Mariana Aparecida Ven\u00e2ncio e o padre\u00a0 Jo\u00e3o Batista Maroni.<\/p>\n<p style=\"text-align: justify;\">A Semana B\u00edblica p\u00f4de ser acompanhada pelas redes socias da CNBB (@cnbbnacional); Edi\u00e7\u00f5es CNBB (cnbbedicoes) e no canal da Catequese do Brasil (catequesedobrasil).<\/p>\n<h4 style=\"text-align: justify;\"><strong>Leia mais:<\/strong><\/h4>\n<ul>\n<li style=\"text-align: justify;\"><a href=\"https:\/\/www.cnbb.org.br\/semana-biblica-nacional-de-7-a-10-de-junho-marcara-o-inicio-da-celebracao-do-jubileu-de-ouro-do-mes-da-biblia\/\">Semana B\u00edblica Nacional, de 7 a 10 de junho, marcar\u00e1 o in\u00edcio da celebra\u00e7\u00e3o do Jubileu de Ouro do M\u00eas da B\u00edblia<\/a><\/li>\n<li style=\"text-align: justify;\"><a href=\"https:\/\/www.cnbb.org.br\/em-sintonia-com-a-semana-biblica-nacional-irma-fala-sobre-a-contribuicao-das-paulinas-no-surgimento-do-mes-da-biblia\/\">Em sintonia com a Semana B\u00edblica Nacional, irm\u00e3 Zuleica fala sobre a contribui\u00e7\u00e3o das Paulinas no surgimentos do M\u00eas da B\u00edblia<\/a><\/li>\n<li style=\"text-align: justify;\"><a href=\"https:\/\/www.cnbb.org.br\/na-semana-biblia-nacional-joel-antonio-ferreira-autor-do-texto-base-do-mes-da-biblia-explica-a-carta-aos-galatas\/\">Na Semana B\u00edblica Nacional, Joel Amado, autor do texto-base do M\u00eas da B\u00edblia, explica a Carta aos G\u00e1latas<\/a><\/li>\n<\/ul>\n<p>&nbsp;<\/p>\n","protected":false},"excerpt":{"rendered":"<p>No \u00faltimo dia da Semana B\u00edblica Nacional, 10 de junho, iniciativa proposta pela Comiss\u00e3o para a Anima\u00e7\u00e3o B\u00edblica-Catequ\u00e9tica da Confer\u00eancia Nacional dos Bispos do Brasil (CNBB), houve a reflex\u00e3o sobre a import\u00e2ncia dos c\u00edrculos b\u00edblicos, especialmente no M\u00eas da B\u00edblica, na perspectiva da Carta aos G\u00e1latas, tema central do M\u00eas da B\u00edblia de 2021. Biblistas [&hellip;]<\/p>\n","protected":false},"author":1,"featured_media":68017,"comment_status":"open","ping_status":"closed","sticky":false,"template":"","format":"standard","meta":{"footnotes":""},"categories":[7],"tags":[],"class_list":["post-68016","post","type-post","status-publish","format-standard","has-post-thumbnail","hentry","category-cnbb"],"_links":{"self":[{"href":"https:\/\/catolicanet.net\/wp-cnet\/wp-json\/wp\/v2\/posts\/68016","targetHints":{"allow":["GET"]}}],"collection":[{"href":"https:\/\/catolicanet.net\/wp-cnet\/wp-json\/wp\/v2\/posts"}],"about":[{"href":"https:\/\/catolicanet.net\/wp-cnet\/wp-json\/wp\/v2\/types\/post"}],"author":[{"embeddable":true,"href":"https:\/\/catolicanet.net\/wp-cnet\/wp-json\/wp\/v2\/users\/1"}],"replies":[{"embeddable":true,"href":"https:\/\/catolicanet.net\/wp-cnet\/wp-json\/wp\/v2\/comments?post=68016"}],"version-history":[{"count":1,"href":"https:\/\/catolicanet.net\/wp-cnet\/wp-json\/wp\/v2\/posts\/68016\/revisions"}],"predecessor-version":[{"id":68018,"href":"https:\/\/catolicanet.net\/wp-cnet\/wp-json\/wp\/v2\/posts\/68016\/revisions\/68018"}],"wp:featuredmedia":[{"embeddable":true,"href":"https:\/\/catolicanet.net\/wp-cnet\/wp-json\/wp\/v2\/media\/68017"}],"wp:attachment":[{"href":"https:\/\/catolicanet.net\/wp-cnet\/wp-json\/wp\/v2\/media?parent=68016"}],"wp:term":[{"taxonomy":"category","embeddable":true,"href":"https:\/\/catolicanet.net\/wp-cnet\/wp-json\/wp\/v2\/categories?post=68016"},{"taxonomy":"post_tag","embeddable":true,"href":"https:\/\/catolicanet.net\/wp-cnet\/wp-json\/wp\/v2\/tags?post=68016"}],"curies":[{"name":"wp","href":"https:\/\/api.w.org\/{rel}","templated":true}]}}