{"id":68013,"date":"2021-06-11T11:01:07","date_gmt":"2021-06-11T14:01:07","guid":{"rendered":"https:\/\/catolicanet.net\/wp-cnet\/?p=68013"},"modified":"2021-06-11T16:04:04","modified_gmt":"2021-06-11T19:04:04","slug":"novena-missionaria-2021-ja-pode-ser-acessada-no-site-das-pontificias-obras-missionarias-pom","status":"publish","type":"post","link":"https:\/\/catolicanet.net\/wp-cnet\/novena-missionaria-2021-ja-pode-ser-acessada-no-site-das-pontificias-obras-missionarias-pom\/","title":{"rendered":"NOVENA MISSION\u00c1RIA 2021 J\u00c1 PODE SER ACESSADA NO SITE DAS PONTIF\u00cdCIAS OBRAS MISSION\u00c1RIAS (POM)"},"content":{"rendered":"<p style=\"text-align: justify;\">A novena mission\u00e1ria deste ano destaca o testemunho de mission\u00e1rios e mission\u00e1rias da compaix\u00e3o e da esperan\u00e7a. Com o tema\u00a0<em><strong>\u201cJesus Cristo \u00e9 miss\u00e3o\u201d<\/strong><\/em>\u00a0e o lema\u00a0<strong><em>\u201cN\u00e3o podemos deixar de falar sobre o que vimos e ouvimos\u201d<\/em><\/strong>\u00a0(At 4,20), a novena mission\u00e1ria traz o panorama da nova realidade trazida pela pandemia, que evidenciou e ampliou o sofrimento, a solid\u00e3o, a pobreza e as injusti\u00e7as que tantos j\u00e1 padeciam.<\/p>\n<p style=\"text-align: justify;\">A novena e os v\u00eddeos da campanha mission\u00e1ria evidenciam o testemunho de pessoas an\u00f4nimas que est\u00e3o na linha de frente da pandemia. Trazem profissionais da sa\u00fade; fam\u00edlias enlutadas com testemunho de esperan\u00e7a; pessoas em situa\u00e7\u00e3o de rua e de abandono; migrantes ind\u00edgenas; educadores; trabalhadores; e a solidariedade local e universal, entre mission\u00e1rios e mission\u00e1rias.<\/p>\n<p style=\"text-align: justify;\">Al\u00e9m da ora\u00e7\u00e3o, a novena nos convida a praticarmos a solidariedade. Em todas as Igrejas do mundo, realiza-se a coleta mission\u00e1ria no pen\u00faltimo final de semana de outubro, 23 e 24, a ser destinada, de forma integral, para a miss\u00e3o da compaix\u00e3o. A mensagem do Papa para o Dia Mundial das Miss\u00f5es, bem como a presta\u00e7\u00e3o de contas da coleta mission\u00e1ria no mundo, tamb\u00e9m est\u00e3o dispon\u00edveis no\u00a0<a href=\"https:\/\/www.pom.org.br\/campanha-missionaria-2021\/\" target=\"_blank\" rel=\"noopener\">site oficial da Campanha Mission\u00e1ria<\/a>.<\/p>\n<p style=\"text-align: justify;\"><a href=\"https:\/\/www.pom.org.br\/wp-content\/uploads\/2021\/06\/Novena-Missionaria-2021-web.pdf\" target=\"_blank\" rel=\"noopener\">Acesse a Novena Mission\u00e1ria 2021<\/a><\/p>\n<pre><strong><em>Com informa\u00e7\u00f5es das POM<\/em><\/strong><\/pre>\n","protected":false},"excerpt":{"rendered":"<p>A novena mission\u00e1ria deste ano destaca o testemunho de mission\u00e1rios e mission\u00e1rias da compaix\u00e3o e da esperan\u00e7a. Com o tema\u00a0\u201cJesus Cristo \u00e9 miss\u00e3o\u201d\u00a0e o lema\u00a0\u201cN\u00e3o podemos deixar de falar sobre o que vimos e ouvimos\u201d\u00a0(At 4,20), a novena mission\u00e1ria traz o panorama da nova realidade trazida pela pandemia, que evidenciou e ampliou o sofrimento, a [&hellip;]<\/p>\n","protected":false},"author":1,"featured_media":68014,"comment_status":"open","ping_status":"closed","sticky":false,"template":"","format":"standard","meta":{"footnotes":""},"categories":[7],"tags":[],"class_list":["post-68013","post","type-post","status-publish","format-standard","has-post-thumbnail","hentry","category-cnbb"],"_links":{"self":[{"href":"https:\/\/catolicanet.net\/wp-cnet\/wp-json\/wp\/v2\/posts\/68013","targetHints":{"allow":["GET"]}}],"collection":[{"href":"https:\/\/catolicanet.net\/wp-cnet\/wp-json\/wp\/v2\/posts"}],"about":[{"href":"https:\/\/catolicanet.net\/wp-cnet\/wp-json\/wp\/v2\/types\/post"}],"author":[{"embeddable":true,"href":"https:\/\/catolicanet.net\/wp-cnet\/wp-json\/wp\/v2\/users\/1"}],"replies":[{"embeddable":true,"href":"https:\/\/catolicanet.net\/wp-cnet\/wp-json\/wp\/v2\/comments?post=68013"}],"version-history":[{"count":1,"href":"https:\/\/catolicanet.net\/wp-cnet\/wp-json\/wp\/v2\/posts\/68013\/revisions"}],"predecessor-version":[{"id":68015,"href":"https:\/\/catolicanet.net\/wp-cnet\/wp-json\/wp\/v2\/posts\/68013\/revisions\/68015"}],"wp:featuredmedia":[{"embeddable":true,"href":"https:\/\/catolicanet.net\/wp-cnet\/wp-json\/wp\/v2\/media\/68014"}],"wp:attachment":[{"href":"https:\/\/catolicanet.net\/wp-cnet\/wp-json\/wp\/v2\/media?parent=68013"}],"wp:term":[{"taxonomy":"category","embeddable":true,"href":"https:\/\/catolicanet.net\/wp-cnet\/wp-json\/wp\/v2\/categories?post=68013"},{"taxonomy":"post_tag","embeddable":true,"href":"https:\/\/catolicanet.net\/wp-cnet\/wp-json\/wp\/v2\/tags?post=68013"}],"curies":[{"name":"wp","href":"https:\/\/api.w.org\/{rel}","templated":true}]}}