{"id":68007,"date":"2021-06-11T10:37:57","date_gmt":"2021-06-11T13:37:57","guid":{"rendered":"https:\/\/catolicanet.net\/wp-cnet\/?p=68007"},"modified":"2021-06-11T15:43:22","modified_gmt":"2021-06-11T18:43:22","slug":"ha-cem-anos-as-conversas-de-malines-entre-catolicos-e-anglicanos","status":"publish","type":"post","link":"https:\/\/catolicanet.net\/wp-cnet\/ha-cem-anos-as-conversas-de-malines-entre-catolicos-e-anglicanos\/","title":{"rendered":"H\u00e1 cem anos, as &#8220;Conversas de Malines&#8221; entre cat\u00f3licos e anglicanos"},"content":{"rendered":"<figure class=\"article__image\" style=\"text-align: justify;\"><span class=\"didascalia_img\">O cardeal D\u00e9sir\u00e9-Joseph Mercier que organizou as &#8220;Conversas de Malines&#8221;\u00a0<\/span><\/figure>\n<div class=\"article__meta\">\n<div class=\"article__subTitle\" style=\"text-align: justify;\">Confer\u00eancia por ocasi\u00e3o dos 100 anos do in\u00edcio do caminho ecum\u00eanico entre cat\u00f3licos e anglicanos \u00e0 luz do &#8220;esp\u00edrito dos Malines&#8221;, nascido de uma s\u00e9rie de encontros informais realizados na cidade belga entre 1921 e 1926. A Confer\u00eancia de Roma \u00e9 organizada pelas embaixadas brit\u00e2nica e belga junto \u00e0 Santa S\u00e9.<\/div>\n<div class=\"title__separator\" style=\"text-align: justify;\"><\/div>\n<div class=\"article__text \">\n<p style=\"text-align: justify;\"><b>Charles de Pechpeyrou<\/b><\/p>\n<p style=\"text-align: justify;\">&#8220;Desde o in\u00edcio, nossa inten\u00e7\u00e3o n\u00e3o era examinar, em um determinado per\u00edodo de tempo, alguma quest\u00e3o de teologia, exegese ou hist\u00f3ria. Pelo contr\u00e1rio, nosso objetivo era organizar reuni\u00f5es presenciais como homens de boa vontade e crentes sinceros, preocupados com a crescente indiferen\u00e7a em rela\u00e7\u00e3o \u00e0 religi\u00e3o e \u00e0 concep\u00e7\u00e3o materialista da vida que dela deriva. Come\u00e7amos a trabalhar sem saber nem quando nem como essa uni\u00e3o desejada por Cristo poderia ser alcan\u00e7ada, mas convencidos de que era poss\u00edvel porque Ele a queria e que, portanto, cada um de n\u00f3s deveria trazer nossa contribui\u00e7\u00e3o para sua realiza\u00e7\u00e3o&#8221;. Assim escrevia o ent\u00e3o Arcebispo de Malines, Cardeal D\u00e9sir\u00e9-Joseph Mercier, em sua \u00faltima carta ao Arcebispo de Cantu\u00e1ria, Randall Davidson, em outubro de 1925, quatro meses antes de sua morte. Na carta resumia em poucas palavras o esp\u00edrito que havia guiado os protagonistas das quatro primeiras &#8220;Conversas de Malines&#8221;, uma s\u00e9rie de reuni\u00f5es informais que ocorreram na cidade belga em 1921, 1923, 1925 e 1926. Iniciativas ecum\u00eanicas nascidas por vontade do Cardeal Mercier e do Lazarista franc\u00eas Fernand Portal, e por outro lado do Arcebispo de York, William Cosmo Gordon Lang, e de Lord Halifax, muito conhecido no movimento anglo-cat\u00f3lico, com a inten\u00e7\u00e3o de aproximar as duas confiss\u00f5es crist\u00e3s, cujo centen\u00e1rio ser\u00e1 comemorado oficialmente em dezembro em Malines.<\/p>\n<div style=\"text-align: justify;\">\n<div class=\"article__embed article__embed--unwrap article__embed--dark\">\n<div class=\"article__innerTitle\">Ou\u00e7a e compartilhe!<\/div>\n<div>\n<!--[if lt IE 9]><script>document.createElement('audio');<\/script><![endif]-->\n<audio class=\"wp-audio-shortcode\" id=\"audio-68007-1\" preload=\"none\" style=\"width: 100%;\" controls=\"controls\"><source type=\"audio\/mpeg\" src=\"https:\/\/media.vaticannews.va\/media\/audio\/s1\/2021\/06\/11\/12\/136083151_F136083151.mp3?_=1\" \/><a href=\"https:\/\/media.vaticannews.va\/media\/audio\/s1\/2021\/06\/11\/12\/136083151_F136083151.mp3\">https:\/\/media.vaticannews.va\/media\/audio\/s1\/2021\/06\/11\/12\/136083151_F136083151.mp3<\/a><\/audio>\n<\/div>\n<\/div>\n<\/div>\n<h2 style=\"text-align: justify;\"><b>Centen\u00e1rio das Conversas de Malines<\/b><\/h2>\n<p style=\"text-align: justify;\">Na tarde desta sexta-feira 11, em Roma, ser\u00e1 realizada uma confer\u00eancia organizada conjuntamente pelas embaixadas brit\u00e2nica e belga junto \u00e0 Santa S\u00e9, a fim de analisar o impacto dessas conversas no caminho ecum\u00eanico, com a participa\u00e7\u00e3o do Cardeal Kurt Koch, presidente do Pontif\u00edcio Conselho para a Promo\u00e7\u00e3o da Unidade dos Crist\u00e3os, Cardeal Joseph De Kesel, Arcebispo de Malines-Bruxelas, Rowan Williams, Arcebispo de Cantu\u00e1ria de 2003 a 2013, assim como outros representantes cat\u00f3licos e anglicanos de todo o mundo.<\/p>\n<p style=\"text-align: justify;\">As Conversas Malines devem ser colocadas em um duplo contexto, explicou o embaixador da B\u00e9lgica Renault durante uma reuni\u00e3o com a imprensa. Do ponto de vista hist\u00f3rico, a Europa estava saindo da I Guerra Mundial: &#8220;O Cardeal Mercier, personagem central destes encontros, \u00e9 um verdadeiro her\u00f3i da resist\u00eancia contra a ocupa\u00e7\u00e3o alem\u00e3 na B\u00e9lgica e \u00e9 tamb\u00e9m muito apreciado pelos brit\u00e2nicos, que de qualquer forma melhoram seu conhecimento da cultura do pequeno Reino gra\u00e7as \u00e0 presen\u00e7a de refugiados belgas na Inglaterra&#8221;. Do ponto de vista religioso, prosseguiu o diplomata, as conversa\u00e7\u00f5es come\u00e7aram apenas um ano ap\u00f3s a sexta Confer\u00eancia de Lambeth, organizada pela Comunh\u00e3o Anglicana sob a lideran\u00e7a de Davidson, durante a qual foi lan\u00e7ado um apelo a todo o mundo crist\u00e3o para superar as divis\u00f5es. Antes disso, houve contatos entre cat\u00f3licos e anglicanos, &#8220;mas nada t\u00e3o estruturado como as Conversas de Malines&#8221;, destacou Renault.<\/p>\n<p style=\"text-align: justify;\">Ap\u00f3s a morte de Mercier, a iniciativa ecum\u00eanica das &#8220;conversas&#8221; desvaneceu-se pouco a pouco, embora a \u00faltima sess\u00e3o tivesse sido organizada em 1926, novamente no arcebispado de Malines, por seu sucessor Jozef-Ernest Van Roey. Para Lord Halifax, entretanto, foi dado um passo definitivo. Assim ele afirmou em uma nota de 1928: &#8220;Nenhum participante destas confer\u00eancias pode deixar de perceber o quanto elas afetaram profundamente as rela\u00e7\u00f5es at\u00e9 ent\u00e3o existentes entre os membros da Igreja da Inglaterra e a Santa S\u00e9. Os representantes de ambos os lados n\u00e3o poder\u00e3o mais abordar o assunto da reuni\u00e3o com o esp\u00edrito de desapego frio e cr\u00edtico que prevalecia antes das Conversas de Malines&#8221;.<\/p>\n<\/div>\n<\/div>\n","protected":false},"excerpt":{"rendered":"<p>O cardeal D\u00e9sir\u00e9-Joseph Mercier que organizou as &#8220;Conversas de Malines&#8221;\u00a0 Confer\u00eancia por ocasi\u00e3o dos 100 anos do in\u00edcio do caminho ecum\u00eanico entre cat\u00f3licos e anglicanos \u00e0 luz do &#8220;esp\u00edrito dos Malines&#8221;, nascido de uma s\u00e9rie de encontros informais realizados na cidade belga entre 1921 e 1926. A Confer\u00eancia de Roma \u00e9 organizada pelas embaixadas brit\u00e2nica [&hellip;]<\/p>\n","protected":false},"author":1,"featured_media":68008,"comment_status":"open","ping_status":"closed","sticky":false,"template":"","format":"standard","meta":{"footnotes":""},"categories":[3],"tags":[],"class_list":["post-68007","post","type-post","status-publish","format-standard","has-post-thumbnail","hentry","category-vaticano"],"_links":{"self":[{"href":"https:\/\/catolicanet.net\/wp-cnet\/wp-json\/wp\/v2\/posts\/68007","targetHints":{"allow":["GET"]}}],"collection":[{"href":"https:\/\/catolicanet.net\/wp-cnet\/wp-json\/wp\/v2\/posts"}],"about":[{"href":"https:\/\/catolicanet.net\/wp-cnet\/wp-json\/wp\/v2\/types\/post"}],"author":[{"embeddable":true,"href":"https:\/\/catolicanet.net\/wp-cnet\/wp-json\/wp\/v2\/users\/1"}],"replies":[{"embeddable":true,"href":"https:\/\/catolicanet.net\/wp-cnet\/wp-json\/wp\/v2\/comments?post=68007"}],"version-history":[{"count":1,"href":"https:\/\/catolicanet.net\/wp-cnet\/wp-json\/wp\/v2\/posts\/68007\/revisions"}],"predecessor-version":[{"id":68009,"href":"https:\/\/catolicanet.net\/wp-cnet\/wp-json\/wp\/v2\/posts\/68007\/revisions\/68009"}],"wp:featuredmedia":[{"embeddable":true,"href":"https:\/\/catolicanet.net\/wp-cnet\/wp-json\/wp\/v2\/media\/68008"}],"wp:attachment":[{"href":"https:\/\/catolicanet.net\/wp-cnet\/wp-json\/wp\/v2\/media?parent=68007"}],"wp:term":[{"taxonomy":"category","embeddable":true,"href":"https:\/\/catolicanet.net\/wp-cnet\/wp-json\/wp\/v2\/categories?post=68007"},{"taxonomy":"post_tag","embeddable":true,"href":"https:\/\/catolicanet.net\/wp-cnet\/wp-json\/wp\/v2\/tags?post=68007"}],"curies":[{"name":"wp","href":"https:\/\/api.w.org\/{rel}","templated":true}]}}