{"id":67974,"date":"2021-06-10T10:26:28","date_gmt":"2021-06-10T13:26:28","guid":{"rendered":"https:\/\/catolicanet.net\/wp-cnet\/?p=67974"},"modified":"2021-06-10T17:32:51","modified_gmt":"2021-06-10T20:32:51","slug":"36a-semana-do-migrante-de-13-a-20-de-junho-levanta-a-reflexao-sobre-a-pergunta-quem-bate-a-nossa-porta","status":"publish","type":"post","link":"https:\/\/catolicanet.net\/wp-cnet\/36a-semana-do-migrante-de-13-a-20-de-junho-levanta-a-reflexao-sobre-a-pergunta-quem-bate-a-nossa-porta\/","title":{"rendered":"36\u00aa SEMANA DO MIGRANTE, DE 13 A 20 DE JUNHO, LEVANTA A REFLEX\u00c3O SOBRE A PERGUNTA: \u201cQUEM BATE \u00c0 NOSSA PORTA?\u201d"},"content":{"rendered":"<p style=\"text-align: justify;\">De 13 a 20 de junho pr\u00f3ximo, a Comiss\u00e3o Episcopal Pastoral para a A\u00e7\u00e3o Sociotransformadora da Confer\u00eancia Nacional dos Bispos do Brasil (CNBB) e o Servi\u00e7o Pastoral dos Migrantes (SPM) realizam a da 36\u00aa Semana do Migrante, este ano com o tema \u201cMigra\u00e7\u00e3o e di\u00e1logo\u201d.\u00a0 O lema adotado apresenta um questionamento b\u00edblico: \u201cQuem bate \u00e0 nossa porta?\u201d<\/p>\n<blockquote><p>Segundo o bispo de Pesqueira (PE) e presidente do Servi\u00e7o Pastoral dos Migrantes e referencial do Setor de Mobilidade Humana da CNBB, dom Jos\u00e9 Luiz Ferreira Salles, abordar essa tem\u00e1tica significa estar disposto a ser uma Igreja em sa\u00edda, sempre.<\/p>\n<p>\u201cQuerer dialogar \u00e9 sin\u00f4nimo de quem se abre para a n\u00e3o intransig\u00eancia. \u00c9 estar aberto a viver com os diferentes. \u00c9 criar cen\u00e1rios que propiciem solu\u00e7\u00f5es eficazes a partir do di\u00e1logo e de uma atitude desprovida de autoritarismos\u201d, afirma.<\/p><\/blockquote>\n<p style=\"text-align: justify;\">Dom Jos\u00e9 Luiz convida a vivenciar a 36\u00aa Semana do Migrante, neste tempo de \u201cpandemia e pandem\u00f4nios\u201d, com o olhar e o cora\u00e7\u00e3o atentos a quem \u201cbate \u00e0 tua porta\u201d e, assim, abrir-se ao mundo e ampliar os la\u00e7os do amor, da fraternidade e da justi\u00e7a, esperan\u00e7ando em comunh\u00e3o com a Igreja.<\/p>\n<h3 style=\"text-align: justify;\"><strong>Texto Base 2021\u00a0<\/strong><\/h3>\n<p style=\"text-align: justify;\"><img loading=\"lazy\" decoding=\"async\" class=\"size-full wp-image-297624 alignright\" src=\"https:\/\/www.cnbb.org.br\/wp-content\/uploads\/2021\/06\/Oracao-36a-Semana-do-Migrante.jpg\" sizes=\"auto, (max-width: 379px) 100vw, 379px\" srcset=\"https:\/\/www.cnbb.org.br\/wp-content\/uploads\/2021\/06\/Oracao-36a-Semana-do-Migrante.jpg 379w, https:\/\/www.cnbb.org.br\/wp-content\/uploads\/2021\/06\/Oracao-36a-Semana-do-Migrante-200x300.png 200w\" alt=\"\" width=\"379\" height=\"569\" \/>O material base est\u00e1 organizado a partir do m\u00e9todo \u201cVer\u201d (com os rostos e as hist\u00f3rias que se refletem em estat\u00edsticas os fluxos migrat\u00f3rios), J\u00e1 o \u201cJulgar\u201d convida, \u00e0 luz dos textos b\u00edblicos, \u00e0 promo\u00e7\u00e3o da migra\u00e7\u00e3o em di\u00e1logo. O \u201cAgir\u201d acena sobre a necessidade de ir al\u00e9m e abrir-se a quem bate \u00e0 porta.<\/p>\n<p style=\"text-align: justify;\">\u201cN\u00e3o basta o reconhecimento da pluralidade; n\u00e3o basta a coexist\u00eancia pac\u00edfica com o diferente; n\u00e3o basta o di\u00e1logo. O conceito de compromisso tem a ver com um programa de atividades centradas nas causas dos migrantes e refugiados. Aqui est\u00e3o em jogo as a\u00e7\u00f5es sociopastorais e os atores\u201d, sugere o Texto Base.<\/p>\n<p style=\"text-align: justify;\">Segundo dom Jos\u00e9 Luiz, autor da apresenta\u00e7\u00e3o, o Texto Base provoca \u00e0 reflex\u00e3o, a dimens\u00e3o do di\u00e1logo e a riqueza cultural no processo migrat\u00f3rio, mas lembra, tamb\u00e9m, que essa din\u00e2mica pode acirrar os \u00e2nimos do recha\u00e7o ao diferente, ao outro, \u00e0 outra.<\/p>\n<p style=\"text-align: justify;\">\u201cA migra\u00e7\u00e3o, por si s\u00f3, \u00e9 j\u00e1 uma abertura ao di\u00e1logo. Querendo ou n\u00e3o, o ato de migrar provoca um potencial confronto dial\u00f3gico. P\u00f4r-se a caminho equivale a pavimentar a via para um interc\u00e2mbio entre diferentes express\u00f5es culturais e valores. Deslocar-se pressup\u00f5e ou estimula troca de valores\u201d, traz o texto.<\/p>\n<p style=\"text-align: justify;\">O bispo de Brejo (MA) e presidente da Comiss\u00e3o Episcopal Pastoral para A\u00e7\u00e3o Sociotransformadora da CNBB, interpela a todos para pensarem sobre o \u201cque os crist\u00e3os\/cat\u00f3licos podemos fazer no sentido de pressionar por leis migrat\u00f3rias mais justas e inclusivas e que levem em conta os direitos humanos dos migrantes?\u201d<\/p>\n<p style=\"text-align: justify;\">Dom Jos\u00e9 lembra que o Texto Base deste ano, \u00e0 luz da par\u00e1bola do Bom Samaritano e a partir da Enc\u00edclica Fratelli Tutti, do Papa Francisco, faz o convite diante da realidade migrat\u00f3ria: \u201cabrir-se \u00e0 sensibilidade, \u00e0 solidariedade e ao profetismo\u201d.<\/p>\n<p style=\"text-align: justify;\">\u201cO SPM e CNBB acenam \u00e0 todas as institui\u00e7\u00f5es da Igreja no Brasil e da sociedade que atuam com migrantes e refugiados a somarem-se \u00e0 36\u00aa Semana do Migrante na tem\u00e1tica Migra\u00e7\u00e3o e di\u00e1logo e a refletir conosco sobre a pergunta: \u2018Quem bate \u00e0 nossa porta?&#8217;\u201d<\/p>\n<p style=\"text-align: justify;\"><strong>Acesse os materiais de apoio:<\/strong><\/p>\n<p style=\"text-align: justify;\"><a href=\"https:\/\/www.migrante.org.br\/wp-content\/uploads\/2021\/04\/oracao-10x15_compressed_compressed.pdf\" target=\"_blank\" rel=\"noopener\">Ora\u00e7\u00e3o da 36\u00aa Semana do Migrante<\/a><br \/>\n<a href=\"https:\/\/www.migrante.org.br\/wp-content\/uploads\/2021\/04\/texto-base_compressed_compressed.pdf\" target=\"_blank\" rel=\"noopener\">Texto Base da 36\u00aa Semana do Migrante<\/a><br \/>\n<a href=\"https:\/\/www.migrante.org.br\/wp-content\/uploads\/2021\/04\/Roda-de-conversa_compressed_compressed.pdf\" target=\"_blank\" rel=\"noopener\">Roda de Conversa da 36\u00aa Semana do Migrante<\/a><\/p>\n","protected":false},"excerpt":{"rendered":"<p>De 13 a 20 de junho pr\u00f3ximo, a Comiss\u00e3o Episcopal Pastoral para a A\u00e7\u00e3o Sociotransformadora da Confer\u00eancia Nacional dos Bispos do Brasil (CNBB) e o Servi\u00e7o Pastoral dos Migrantes (SPM) realizam a da 36\u00aa Semana do Migrante, este ano com o tema \u201cMigra\u00e7\u00e3o e di\u00e1logo\u201d.\u00a0 O lema adotado apresenta um questionamento b\u00edblico: \u201cQuem bate \u00e0 [&hellip;]<\/p>\n","protected":false},"author":1,"featured_media":67975,"comment_status":"open","ping_status":"closed","sticky":false,"template":"","format":"standard","meta":{"footnotes":""},"categories":[7],"tags":[],"class_list":["post-67974","post","type-post","status-publish","format-standard","has-post-thumbnail","hentry","category-cnbb"],"_links":{"self":[{"href":"https:\/\/catolicanet.net\/wp-cnet\/wp-json\/wp\/v2\/posts\/67974","targetHints":{"allow":["GET"]}}],"collection":[{"href":"https:\/\/catolicanet.net\/wp-cnet\/wp-json\/wp\/v2\/posts"}],"about":[{"href":"https:\/\/catolicanet.net\/wp-cnet\/wp-json\/wp\/v2\/types\/post"}],"author":[{"embeddable":true,"href":"https:\/\/catolicanet.net\/wp-cnet\/wp-json\/wp\/v2\/users\/1"}],"replies":[{"embeddable":true,"href":"https:\/\/catolicanet.net\/wp-cnet\/wp-json\/wp\/v2\/comments?post=67974"}],"version-history":[{"count":1,"href":"https:\/\/catolicanet.net\/wp-cnet\/wp-json\/wp\/v2\/posts\/67974\/revisions"}],"predecessor-version":[{"id":67976,"href":"https:\/\/catolicanet.net\/wp-cnet\/wp-json\/wp\/v2\/posts\/67974\/revisions\/67976"}],"wp:featuredmedia":[{"embeddable":true,"href":"https:\/\/catolicanet.net\/wp-cnet\/wp-json\/wp\/v2\/media\/67975"}],"wp:attachment":[{"href":"https:\/\/catolicanet.net\/wp-cnet\/wp-json\/wp\/v2\/media?parent=67974"}],"wp:term":[{"taxonomy":"category","embeddable":true,"href":"https:\/\/catolicanet.net\/wp-cnet\/wp-json\/wp\/v2\/categories?post=67974"},{"taxonomy":"post_tag","embeddable":true,"href":"https:\/\/catolicanet.net\/wp-cnet\/wp-json\/wp\/v2\/tags?post=67974"}],"curies":[{"name":"wp","href":"https:\/\/api.w.org\/{rel}","templated":true}]}}