{"id":67942,"date":"2021-06-09T10:05:25","date_gmt":"2021-06-09T13:05:25","guid":{"rendered":"https:\/\/catolicanet.net\/wp-cnet\/?p=67942"},"modified":"2021-06-09T16:08:56","modified_gmt":"2021-06-09T19:08:56","slug":"na-semana-biblica-nacional-joel-antonio-ferreira-autor-do-texto-base-do-mes-da-biblia-explica-a-carta-aos-galatas","status":"publish","type":"post","link":"https:\/\/catolicanet.net\/wp-cnet\/na-semana-biblica-nacional-joel-antonio-ferreira-autor-do-texto-base-do-mes-da-biblia-explica-a-carta-aos-galatas\/","title":{"rendered":"NA SEMANA B\u00cdBLICA NACIONAL, JOEL ANT\u00d4NIO FERREIRA, AUTOR DO TEXTO-BASE DO M\u00caS DA B\u00cdBLIA, EXPLICA A CARTA AOS G\u00c1LATAS"},"content":{"rendered":"<p style=\"text-align: justify;\">O professor titular de Ci\u00eancias da Religi\u00e3o na Pontif\u00edcia Universidade Cat\u00f3lica de Goi\u00e1s,\u00a0 autor do texto-base do M\u00eas da B\u00edblia, Joel Ant\u00f4nio Ferreira, participou da live de ontem, 8 de junho, da Semana B\u00edblica Nacional, promovida pela Comiss\u00e3o para a Anima\u00e7\u00e3o B\u00edblico-Catequ\u00e9tica da CNBB.<\/p>\n<p style=\"text-align: justify;\">Na live, Joel falou sobre o contexto em que a Carta de S\u00e3o Paulo aos G\u00e1latas (tema do\u00a0<a href=\"https:\/\/www.cnbb.org.br\/comissao-lanca-selo-comemorativo-pelos-50-anos-do-mes-da-biblia\/\">M\u00eas da B\u00edblia<\/a>) foi escrita e qual o sentido dela para seus interlocutores. \u201cO autor dessa carta aos G\u00e1latas \u00e9 Paulo Ap\u00f3stolo. \u00c9 uma carta genu\u00edna, onde ele come\u00e7a dizendo que a Carta \u00e9 escrita por ele e todos os irm\u00e3os que estavam com ele\u201d, diz Joel.<\/p>\n<p style=\"text-align: justify;\">O autor do texto-base explicou que a Gal\u00e1cia \u00e9 onde hoje \u00e9 a Turquia e que, na parte sul, era onde estavam as pequenas habita\u00e7\u00f5es da Gal\u00e1cia, local onde Paulo foi evangelizar. A Carta, segundo Joel, \u00e9 dirigida aos crist\u00e3os da Gal\u00e1cia, onde Paulo esteve evangelizando e criando v\u00e1rias comunidades.<\/p>\n<p style=\"text-align: justify;\">Joel salientou que a Carta ao mesmo tempo em que anima aos Gal\u00e1tas tamb\u00e9m \u00e9 muito dura contra pessoas que n\u00e3o aceitavam a linha de Paulo. \u201cEssas pessoas pertenciam a um grupo chamado de judaizantes, que eram pessoas que pertenciam a um juda\u00edsmo mais conservador\u201d, explica.<\/p>\n<p style=\"text-align: justify;\">Joel conta que a Carta foi escrita no ano de \u2013 57 ou 58 D.C \u2013 e o seu hist\u00f3rico \u00e9 a de que Paulo havia anunciado o Evangelho na Gal\u00e1cia, atual Turquia. \u201cMuitos G\u00e1latas aderiram o Evangelho com muito entusiasmo e alegria e quando Paulo foi embora os G\u00e1latas continuaram a caminhar com os pr\u00f3prios p\u00e9s\u201d.<\/p>\n<blockquote><p>\u201cDepois que Paulo formou essas comunidades apareceram na regi\u00e3o alguns crist\u00e3os judaizantes querendo estabelecer algumas leis do juda\u00edsmo, ent\u00e3o eles criaram essas juizantes, o que gerou divis\u00f5es nas comunidades G\u00e1latas. Com isso, muitos G\u00e1latas aderiram a prega\u00e7\u00e3o dos mission\u00e1rios juizantes e mudaram de lado\u201d, diz Joel.<\/p><\/blockquote>\n<p style=\"text-align: justify;\">O autor do texto-base informa que Paulo recebeu not\u00edcias das divis\u00f5es das comunidades judaizantes e ficou decepcionado. Com isso, resolveu escrever a Carta aos G\u00e1latas, enviando-a \u00e0s comunidades vivas e tamb\u00e9m \u00e0quelas que dividiram todos os crist\u00e3os que estavam na Gal\u00e1cia.<\/p>\n<p style=\"text-align: justify;\"><strong>S\u00f3 existe um Evangelho, o de Jesus Cristo \u2013\u00a0\u00a0<\/strong>Na Carta, Joel salientou que Paulo deixa claro que s\u00f3 existia um evangelho: o de Jesus Cristo.<\/p>\n<p style=\"text-align: justify;\">Assista a live completa:<\/p>\n<div class=\"ast-oembed-container\" style=\"text-align: justify;\">\n<div>\n<div>\n<p><iframe loading=\"lazy\" title=\"Semana Nacional da B\u00edblia: Carta aos G\u00e1latas\" width=\"696\" height=\"392\" src=\"https:\/\/www.youtube.com\/embed\/ep8jjyd_AmI?feature=oembed\" frameborder=\"0\" allow=\"accelerometer; autoplay; clipboard-write; encrypted-media; gyroscope; picture-in-picture\" allowfullscreen><\/iframe><\/p>\n<\/div>\n<\/div>\n<\/div>\n<p style=\"text-align: justify;\">\n<h3 style=\"text-align: justify;\"><strong>Conhe\u00e7a a Semana B\u00edblica Nacional, realizada de 7 a 10 de junho:<\/strong><\/h3>\n<div class=\"iframely-embed\" style=\"text-align: justify;\">\n<div>\n<div>\n<div class=\"body\">\n<div class=\"w __if _ls _sm _od _alsd _alcd _lh14 _xi _tm _dm __wc-600\">\n<div class=\"wf\">\n<div class=\"wc\">\n<div class=\"e\">\n<div class=\"em\"><\/div>\n<\/div>\n<\/div>\n<div class=\"wt\">\n<div class=\"t _f0 _ffsa _fsn _fwn\">\n<div class=\"th _f2p _fsn _fwb\"><a class=\"thl\" href=\"https:\/\/www.cnbb.org.br\/semana-biblica-nacional-de-7-a-10-de-junho-marcara-o-inicio-da-celebracao-do-jubileu-de-ouro-do-mes-da-biblia\/\" target=\"_blank\" rel=\"noopener\">Semana B\u00edblica Nacional, de 7 a 10 de junho, marcar\u00e1 o in\u00edcio da celebra\u00e7\u00e3o do jubileu de ouro do M\u00eas da B\u00edblia<\/a><\/div>\n<div class=\"td\">A Comiss\u00e3o para a Anima\u00e7\u00e3o B\u00edblico Catequ\u00e9tica da Confer\u00eancia Nacional dos Bispos do Brasil (CNBB) promover\u00e1, nos dias 7 a 10 de junho, a Semana B\u00edblica Nacional. O evento, em modalidade virtual, marca o in\u00edcio da celebra\u00e7\u00e3o do jubileu de ouro do M\u00eas da B\u00edblia<\/div>\n<div class=\"tf _f1m\"><a class=\"ti _f1m\" href=\"https:\/\/www.cnbb.org.br\/\" target=\"_blank\" rel=\"noopener\"><img decoding=\"async\" class=\"tim\" src=\"https:\/\/if-cdn.com\/pj?url=https%3A%2F%2Fwww.cnbb.org.br%2Fwp-content%2Fuploads%2F2020%2F04%2Fcropped-favicon-32x32.jpg&amp;width=32&amp;key=0b53b8873babc83d758c2359383b14a1b34da32a&amp;cache=temp\" \/><\/a><\/p>\n<div class=\"tc\"><a class=\"tw _f1m\" href=\"https:\/\/www.cnbb.org.br\/\" target=\"_blank\" rel=\"noopener\"><span class=\"twt\">CNBB<\/span>\u00a0<\/a><span class=\"tx\">\/<\/span>\u00a0<span class=\"tm\"><span class=\"tmd\">7\u00a0de\u00a0jun.<\/span><\/span><\/div>\n<\/div>\n<\/div>\n<\/div>\n<\/div>\n<\/div>\n<\/div>\n<\/div>\n<\/div>\n<\/div>\n<p style=\"text-align: justify;\">\n<h3 style=\"text-align: justify;\"><\/h3>\n<h3 style=\"text-align: justify;\"><strong>Saiba onde encontrar o texto-base do M\u00eas da B\u00edblia:<\/strong><\/h3>\n<div class=\"iframely-embed\">\n<div>\n<div>\n<div class=\"body\">\n<div class=\"w __if _ls _sm _od _alsd _alcd _lh14 _xi _tm _dm __wc-600\">\n<div class=\"wf\">\n<div class=\"wc\" style=\"text-align: justify;\">\n<div class=\"e\">\n<div class=\"em\"><\/div>\n<\/div>\n<\/div>\n<div class=\"wt\">\n<div class=\"t _f0 _ffsa _fsn _fwn\">\n<div class=\"th _f2p _fsn _fwb\" style=\"text-align: justify;\"><a class=\"thl\" href=\"https:\/\/www.cnbb.org.br\/edicoes-cnbb-lanca-o-texto-base-e-os-encontros-biblicos-para-o-mes-da-biblia-2021\/\" target=\"_blank\" rel=\"noopener\">Edi\u00e7\u00f5es CNBB lan\u00e7a o texto-base e os encontros b\u00edblicos para o M\u00eas da B\u00edblia 2021<\/a><\/div>\n<div class=\"td\" style=\"text-align: justify;\">O tema deste ano \u00e9 a Carta de S\u00e3o Paulo Ap\u00f3stolo aos G\u00e1latas e o lema: \u201cpois todos v\u00f3s sois um s\u00f3 em Cristo Jesus\u201d (Gl 3,28d).<\/div>\n<div class=\"tf _f1m\"><a class=\"ti _f1m\" href=\"https:\/\/www.cnbb.org.br\/\" target=\"_blank\" rel=\"noopener\"><img decoding=\"async\" class=\"tim\" src=\"https:\/\/if-cdn.com\/pj?url=https%3A%2F%2Fwww.cnbb.org.br%2Fwp-content%2Fuploads%2F2020%2F04%2Fcropped-favicon-32x32.jpg&amp;width=32&amp;key=0b53b8873babc83d758c2359383b14a1b34da32a&amp;cache=temp\" \/><\/a><\/p>\n<div class=\"tc\" style=\"text-align: justify;\"><a class=\"tw _f1m\" href=\"https:\/\/www.cnbb.org.br\/\" target=\"_blank\" rel=\"noopener\"><span class=\"twt\">CNBB<\/span>\u00a0<\/a><span class=\"tx\">\/<\/span>\u00a0<span class=\"tm\"><span class=\"tmd\">2\u00a0de\u00a0jun.<\/span><\/span><\/div>\n<\/div>\n<\/div>\n<\/div>\n<\/div>\n<\/div>\n<\/div>\n<\/div>\n<\/div>\n<\/div>\n","protected":false},"excerpt":{"rendered":"<p>O professor titular de Ci\u00eancias da Religi\u00e3o na Pontif\u00edcia Universidade Cat\u00f3lica de Goi\u00e1s,\u00a0 autor do texto-base do M\u00eas da B\u00edblia, Joel Ant\u00f4nio Ferreira, participou da live de ontem, 8 de junho, da Semana B\u00edblica Nacional, promovida pela Comiss\u00e3o para a Anima\u00e7\u00e3o B\u00edblico-Catequ\u00e9tica da CNBB. Na live, Joel falou sobre o contexto em que a Carta [&hellip;]<\/p>\n","protected":false},"author":1,"featured_media":67943,"comment_status":"open","ping_status":"closed","sticky":false,"template":"","format":"standard","meta":{"footnotes":""},"categories":[7,13],"tags":[],"class_list":["post-67942","post","type-post","status-publish","format-standard","has-post-thumbnail","hentry","category-cnbb","category-featured"],"_links":{"self":[{"href":"https:\/\/catolicanet.net\/wp-cnet\/wp-json\/wp\/v2\/posts\/67942","targetHints":{"allow":["GET"]}}],"collection":[{"href":"https:\/\/catolicanet.net\/wp-cnet\/wp-json\/wp\/v2\/posts"}],"about":[{"href":"https:\/\/catolicanet.net\/wp-cnet\/wp-json\/wp\/v2\/types\/post"}],"author":[{"embeddable":true,"href":"https:\/\/catolicanet.net\/wp-cnet\/wp-json\/wp\/v2\/users\/1"}],"replies":[{"embeddable":true,"href":"https:\/\/catolicanet.net\/wp-cnet\/wp-json\/wp\/v2\/comments?post=67942"}],"version-history":[{"count":1,"href":"https:\/\/catolicanet.net\/wp-cnet\/wp-json\/wp\/v2\/posts\/67942\/revisions"}],"predecessor-version":[{"id":67944,"href":"https:\/\/catolicanet.net\/wp-cnet\/wp-json\/wp\/v2\/posts\/67942\/revisions\/67944"}],"wp:featuredmedia":[{"embeddable":true,"href":"https:\/\/catolicanet.net\/wp-cnet\/wp-json\/wp\/v2\/media\/67943"}],"wp:attachment":[{"href":"https:\/\/catolicanet.net\/wp-cnet\/wp-json\/wp\/v2\/media?parent=67942"}],"wp:term":[{"taxonomy":"category","embeddable":true,"href":"https:\/\/catolicanet.net\/wp-cnet\/wp-json\/wp\/v2\/categories?post=67942"},{"taxonomy":"post_tag","embeddable":true,"href":"https:\/\/catolicanet.net\/wp-cnet\/wp-json\/wp\/v2\/tags?post=67942"}],"curies":[{"name":"wp","href":"https:\/\/api.w.org\/{rel}","templated":true}]}}