{"id":67938,"date":"2021-06-09T10:50:17","date_gmt":"2021-06-09T13:50:17","guid":{"rendered":"https:\/\/catolicanet.net\/wp-cnet\/?p=67938"},"modified":"2021-06-09T15:58:24","modified_gmt":"2021-06-09T18:58:24","slug":"papa-o-amor-nao-e-uma-filosofia-idealista-e-concreto-e-transforma-o-mundo","status":"publish","type":"post","link":"https:\/\/catolicanet.net\/wp-cnet\/papa-o-amor-nao-e-uma-filosofia-idealista-e-concreto-e-transforma-o-mundo\/","title":{"rendered":"Papa: o amor n\u00e3o \u00e9 uma filosofia idealista, \u00e9 concreto e transforma o mundo"},"content":{"rendered":"<div class=\"article__subTitle\" style=\"text-align: justify;\">Numa videomensagem endere\u00e7ada ao \u201cJohn 17 Movement\u201d, reunido em retiro, Francisco recorda que somos filhos do mesmo Pai, sem distin\u00e7\u00e3o de proveni\u00eancia ou nacionalidade, chamados a \u201cdar a vida\u201d pelos outros.<\/div>\n<div class=\"title__separator\" style=\"text-align: justify;\"><\/div>\n<div class=\"article__text \">\n<p style=\"text-align: justify;\"><b>VATICAN NEWS<\/b><\/p>\n<p style=\"text-align: justify;\">\u201cJuntos no amor, n\u00f3s crist\u00e3os podemos mudar o mundo, podemos mudar n\u00f3s mesmos, porque Deus \u00e9 Amor!\u201d<\/p>\n<p style=\"text-align: justify;\">Palavras do Papa Francisco na videomensagem endere\u00e7ada ao \u201cJohn 17 Movement\u201d (Movimento Jo\u00e3o 17), uma experi\u00eancia ecum\u00eanica inspirada justamente no vers\u00edculo 17 do Evangelho de Jo\u00e3o: \u201cQue todos sejam um\u201d.<\/p>\n<p style=\"text-align: justify;\">O movimento nasceu nos Estados Unidos em 2013 da intui\u00e7\u00e3o do pastor pentecostal estatunidense Joe Tosini. Os seus integrantes est\u00e3o em retiro no Semin\u00e1rio S\u00e3o Jos\u00e9, em Nova Iorque, com a participa\u00e7\u00e3o do cardeal Joseph Tobin. O tema do retiro tamb\u00e9m \u00e9 inspitado no Evangelho de Jo\u00e3o, sempre cap\u00edtulo 17: \u201cReconcilia\u00e7\u00e3o Relacional, um Novo Caminho para a Reconcilia\u00e7\u00e3o dos Crist\u00e3os\u201d (cfr.\u00a0\u00a0<i>Jo\u00a0<\/i>17, 13-17).<\/p>\n<p style=\"text-align: justify;\"><b>Tudo nasce do encontro com Jesus<\/b><\/p>\n<p style=\"text-align: justify;\">\u201cO amor n\u00e3o precisa de profundos conhecimentos teol\u00f3gicos, que s\u00e3o todavia necess\u00e1rios\u201d, explica o Papa, recordando que \u00e9 o encontro de vida com a pessoa de Jesus. E deste encontro de amor, tudo nasce: \u201cNascem as amizades, a fraternidade e a certeza de ser filhos do mesmo Pai\u201d. Com efeito, reitera Francisco, o amor \u201cpode mudar o mundo, mas muda primeiro a n\u00f3s mesmos\u201d.<\/p>\n<p style=\"text-align: justify;\">Para o Papa, \u00e9 comovente a express\u00e3o dos Atos dos Ap\u00f3stolos com a qual definiam a primeira comunidade crist\u00e3: \u201cVede como eles se amam\u201d.<\/p>\n<p style=\"text-align: justify;\"><b>Filhos de um mesmo Pai mesmo na pobreza e na guerra<\/b><\/p>\n<p style=\"text-align: justify;\">O Movimento Jo\u00e3o 17, afirma Francisco, \u201c\u00e9 sobre o amor daqueles que, ao redor da mesa, tomando um cappuccino, almo\u00e7ando ou tomando um sorvete, descombrem-se irm\u00e3os, n\u00e3o pela cor nem pela nacionalidade ou proveni\u00eancia, nem mesmo pelas diferentes maneiras de viver a f\u00e9, mas como filhos de um mesmo Pai\u201d.<\/p>\n<p style=\"text-align: justify;\"><i>\u00a0E mesmo que n\u00e3o haja uma mesa, um cappuccino, mesmo que n\u00e3o haja um sorvete e nem mesmo um caf\u00e9, porque existem pobreza e guerra, somos igualmente irm\u00e3os, e devemos diz\u00ea-lo uns aos outros. Sem pensar na proveni\u00eancia nem na nacionalidade, nem na cor da pele, somos filhos de um mesmo Pai.<\/i><\/p>\n<p style=\"text-align: justify;\">Fazendo votos de que o encontro com o Movimento adiado pela pandemia possa se realizar o quanto antes, o Papa exorta os integrantes a \u201ccontinuarem a caminhar juntos, compartilhando a vida e o amor fraterno\u201d. Como diz Joe Tosini, \u201co amor \u00e9 a coisa mais importante do mundo, mas ningu\u00e9m ensina como amar!\u201d:<\/p>\n<p style=\"text-align: justify;\"><i>Ame ou n\u00e3o ame, o Amor que se fez carne, o Amor que deu a pr\u00f3pria vida por n\u00f3s, este \u00e9 o caminho. Muitas vezes, confundimos o amor com uma esp\u00e9cie de filosofia plat\u00f4nica, idealista. O amor \u00e9 concreto, o amor d\u00e1 a vida pelos outros, como Jesus a deu por n\u00f3s. Talvez porque o amor n\u00e3o se ensine, se vive, e voc\u00eas nos ensinam vivendo-o.\u201d<\/i><\/p>\n<p style=\"text-align: justify;\">Francisco se despede, como sempre, pedindo ora\u00e7\u00f5es por ele, \u201cporque este trabalho \u2013 disse \u2013 n\u00e3o \u00e9 nada f\u00e1cil\u201d.<\/p>\n<\/div>\n","protected":false},"excerpt":{"rendered":"<p>Numa videomensagem endere\u00e7ada ao \u201cJohn 17 Movement\u201d, reunido em retiro, Francisco recorda que somos filhos do mesmo Pai, sem distin\u00e7\u00e3o de proveni\u00eancia ou nacionalidade, chamados a \u201cdar a vida\u201d pelos outros. VATICAN NEWS \u201cJuntos no amor, n\u00f3s crist\u00e3os podemos mudar o mundo, podemos mudar n\u00f3s mesmos, porque Deus \u00e9 Amor!\u201d Palavras do Papa Francisco na [&hellip;]<\/p>\n","protected":false},"author":1,"featured_media":67939,"comment_status":"open","ping_status":"closed","sticky":false,"template":"","format":"standard","meta":{"footnotes":""},"categories":[3],"tags":[],"class_list":["post-67938","post","type-post","status-publish","format-standard","has-post-thumbnail","hentry","category-vaticano"],"_links":{"self":[{"href":"https:\/\/catolicanet.net\/wp-cnet\/wp-json\/wp\/v2\/posts\/67938","targetHints":{"allow":["GET"]}}],"collection":[{"href":"https:\/\/catolicanet.net\/wp-cnet\/wp-json\/wp\/v2\/posts"}],"about":[{"href":"https:\/\/catolicanet.net\/wp-cnet\/wp-json\/wp\/v2\/types\/post"}],"author":[{"embeddable":true,"href":"https:\/\/catolicanet.net\/wp-cnet\/wp-json\/wp\/v2\/users\/1"}],"replies":[{"embeddable":true,"href":"https:\/\/catolicanet.net\/wp-cnet\/wp-json\/wp\/v2\/comments?post=67938"}],"version-history":[{"count":1,"href":"https:\/\/catolicanet.net\/wp-cnet\/wp-json\/wp\/v2\/posts\/67938\/revisions"}],"predecessor-version":[{"id":67940,"href":"https:\/\/catolicanet.net\/wp-cnet\/wp-json\/wp\/v2\/posts\/67938\/revisions\/67940"}],"wp:featuredmedia":[{"embeddable":true,"href":"https:\/\/catolicanet.net\/wp-cnet\/wp-json\/wp\/v2\/media\/67939"}],"wp:attachment":[{"href":"https:\/\/catolicanet.net\/wp-cnet\/wp-json\/wp\/v2\/media?parent=67938"}],"wp:term":[{"taxonomy":"category","embeddable":true,"href":"https:\/\/catolicanet.net\/wp-cnet\/wp-json\/wp\/v2\/categories?post=67938"},{"taxonomy":"post_tag","embeddable":true,"href":"https:\/\/catolicanet.net\/wp-cnet\/wp-json\/wp\/v2\/tags?post=67938"}],"curies":[{"name":"wp","href":"https:\/\/api.w.org\/{rel}","templated":true}]}}