{"id":67932,"date":"2021-06-09T09:39:43","date_gmt":"2021-06-09T12:39:43","guid":{"rendered":"https:\/\/catolicanet.net\/wp-cnet\/?p=67932"},"modified":"2021-06-09T15:44:36","modified_gmt":"2021-06-09T18:44:36","slug":"francisco-na-audiencia-geral-a-oracao-e-o-respiro-da-vida","status":"publish","type":"post","link":"https:\/\/catolicanet.net\/wp-cnet\/francisco-na-audiencia-geral-a-oracao-e-o-respiro-da-vida\/","title":{"rendered":"Francisco na Audi\u00eancia Geral: a ora\u00e7\u00e3o \u00e9 o respiro da vida"},"content":{"rendered":"<div class=\"article__subTitle\" style=\"text-align: justify;\">\u201dTudo no ser humano \u00e9 \u201cbin\u00e1rio\u201d: o nosso corpo \u00e9 sim\u00e9trico, temos dois bra\u00e7os, dois olhos, duas m\u00e3os. Assim, tamb\u00e9m o trabalho e a ora\u00e7\u00e3o s\u00e3o complementares. A ora\u00e7\u00e3o, que \u00e9 o \u201crespiro\u201d de tudo, continua sendo o pano de fundo vital do trabalho, at\u00e9 nos momentos em que n\u00e3o \u00e9 expl\u00edcita\u201d, disse o Papa em sua catequese.<\/div>\n<div class=\"title__separator\" style=\"text-align: justify;\"><\/div>\n<div class=\"article__text \">\n<p style=\"text-align: justify;\"><b>Mariangela Jaguraba &#8211; Vatican News<\/b><\/p>\n<p style=\"text-align: justify;\">\u00abRezem sem cessar. Deem gra\u00e7as em todas as circunst\u00e2ncias\u00bb. Estes vers\u00edculos da Primeira Carta de S\u00e3o Paulo aos Tessalonicenses nortearam a pen\u00faltima catequese do Papa Francisco sobre o tema da ora\u00e7\u00e3o na Audi\u00eancia Geral desta quarta-feira (09\/06), realizada no P\u00e1tio S\u00e3o D\u00e2maso.<\/p>\n<div style=\"text-align: justify;\">\n<div class=\"article__embed article__embed--unwrap article__embed--dark\">\n<div class=\"article__innerTitle\">Ou\u00e7a e compartilhe<\/div>\n<div>\n<!--[if lt IE 9]><script>document.createElement('audio');<\/script><![endif]-->\n<audio class=\"wp-audio-shortcode\" id=\"audio-67932-1\" preload=\"none\" style=\"width: 100%;\" controls=\"controls\"><source type=\"audio\/mpeg\" src=\"https:\/\/media.vaticannews.va\/media\/audio\/s1\/2021\/06\/09\/13\/136080656_F136080656.mp3?_=1\" \/><a href=\"https:\/\/media.vaticannews.va\/media\/audio\/s1\/2021\/06\/09\/13\/136080656_F136080656.mp3\">https:\/\/media.vaticannews.va\/media\/audio\/s1\/2021\/06\/09\/13\/136080656_F136080656.mp3<\/a><\/audio>\n<\/div>\n<\/div>\n<\/div>\n<p style=\"text-align: justify;\">Citando o itiner\u00e1rio espiritual do\u00a0<i>Peregrino russo<\/i>, que come\u00e7a quando se depara com esta frase do Ap\u00f3stolo dos Gentios, Francisco sublinhou que as palavras de Paulo &#8220;comovem aquele homem que se questiona como \u00e9 poss\u00edvel rezar sem interrup\u00e7\u00e3o, dado que a nossa vida \u00e9 fragmentada em tantos momentos diferentes, que nem sempre tornam poss\u00edvel a concentra\u00e7\u00e3o&#8221;. Assim, ele &#8220;come\u00e7a a sua busca, que o levar\u00e1 a descobrir a ora\u00e7\u00e3o do cora\u00e7\u00e3o&#8221;.<\/p>\n<h2 style=\"text-align: justify;\">\u00a0A ora\u00e7\u00e3o como pauta musical<\/h2>\n<p style=\"text-align: justify;\"><i>Consiste em repetir com f\u00e9: \u201cSenhor Jesus Cristo, Filho de Deus, tem piedade de mim, pecador!\u201d \u00c9 uma ora\u00e7\u00e3o que, pouco a pouco, se adapta ao ritmo da respira\u00e7\u00e3o e se estende ao longo do dia. Com efeito, a respira\u00e7\u00e3o nunca para, nem sequer quando dormimos. A ora\u00e7\u00e3o \u00e9 o respiro da vida.<\/i><\/p>\n<p style=\"text-align: justify;\">A prop\u00f3sito dessa necessidade de ora\u00e7\u00e3o cont\u00ednua, ponto fulcral da exist\u00eancia crist\u00e3, o\u00a0<b>monge Ev\u00e1grio\u00a0<\/b>do Ponto afirma: \u00abN\u00e3o nos foi mandado que trabalhemos, velemos e jejuemos constantemente, mas temos a lei de orar sem cessar\u00bb.\u00a0<b>S\u00e3o Jo\u00e3o Cris\u00f3stomo<\/b>, pastor atento \u00e0 vida concreta, pregava: \u00ab\u00c9 poss\u00edvel, mesmo no mercado ou durante um passeio solit\u00e1rio, fazer ora\u00e7\u00e3o frequente e fervorosa; sentados na vossa loja, a tratar de compras e vendas, at\u00e9 mesmo a cozinhar\u00bb. &#8220;A ora\u00e7\u00e3o \u00e9 uma esp\u00e9cie de pauta musical, onde colocamos a melodia da nossa vida. N\u00e3o est\u00e1 em contraste com o trabalho di\u00e1rio, n\u00e3o contradiz as muitas pequenas obriga\u00e7\u00f5es e compromissos, mas \u00e9 o lugar onde cada a\u00e7\u00e3o encontra o seu sentido, o seu porqu\u00ea e a sua paz&#8221;.<\/p>\n<h2 style=\"text-align: justify;\">Trabalho e\u00a0equil\u00edbrio interior<\/h2>\n<p style=\"text-align: justify;\"><i>Certamente, p\u00f4r em pr\u00e1tica estes princ\u00edpios n\u00e3o \u00e9 f\u00e1cil. Um pai e uma m\u00e3e, ocupados em mil afazeres, podem sentir saudade de um per\u00edodo da sua vida, quando era f\u00e1cil encontrar tempos regulares e espa\u00e7o para a ora\u00e7\u00e3o. Depois, os filhos, o trabalho, as ocupa\u00e7\u00f5es da vida familiar, os pais que envelhecem. Tem-se a impress\u00e3o de nunca conseguir concluir tudo. Por isso \u00e9 bom pensar que Deus, nosso Pai, o qual tem de cuidar de todo o universo, se lembra sempre de cada um de n\u00f3s. Por conseguinte, tamb\u00e9m n\u00f3s devemos record\u00e1-Lo sempre!<\/i><\/p>\n<p style=\"text-align: justify;\">A seguir, o Papa recordou &#8220;que no monaquismo crist\u00e3o o trabalho foi sempre realizado com grande honra, n\u00e3o s\u00f3 por dever moral de prover a si mesmo e aos outros, mas tamb\u00e9m por uma esp\u00e9cie de equil\u00edbrio interior: \u00e9 perigoso para o homem cultivar um interesse t\u00e3o abstrato a ponto de perder o contato com a realidade&#8221;.<\/p>\n<div style=\"text-align: justify;\">\n<div class=\"article__embed article__embed--border embed_style\">\n<blockquote><p>\u201cO trabalho nos ajuda a manter-nos em contato com a realidade. As m\u00e3os juntas do monge carregam os calos daqueles que empunham p\u00e1s e enxadas.\u201d<\/p><\/blockquote>\n<\/div>\n<\/div>\n<p style=\"text-align: justify;\">Quando, no Evangelho de Lucas, Jesus diz a Marta que a \u00fanica coisa realmente necess\u00e1ria \u00e9 ouvir Deus, n\u00e3o significa de modo algum que despreza os muitos servi\u00e7os que ela estava realizando com tanto empenho&#8221;, disse Francisco<\/p>\n<h2 style=\"text-align: justify;\">Trabalho e a ora\u00e7\u00e3o s\u00e3o complementares<\/h2>\n<p style=\"text-align: justify;\"><i>Tudo no ser humano \u00e9 \u201cbin\u00e1rio\u201d: o nosso corpo \u00e9 sim\u00e9trico, temos dois bra\u00e7os, dois olhos, duas m\u00e3os. Assim, tamb\u00e9m o trabalho e a ora\u00e7\u00e3o s\u00e3o complementares. A ora\u00e7\u00e3o, que \u00e9 o \u201crespiro\u201d de tudo, continua sendo o pano de fundo vital do trabalho, at\u00e9 nos momentos em que n\u00e3o \u00e9 expl\u00edcita. \u00c9 desumano estar t\u00e3o absorvidos pelo trabalho a ponto de n\u00e3o encontrar tempo para a ora\u00e7\u00e3o.<\/i><\/p>\n<p style=\"text-align: justify;\">&#8220;Ao mesmo tempo, uma ora\u00e7\u00e3o que est\u00e1 alienada da vida n\u00e3o \u00e9 saud\u00e1vel. A ora\u00e7\u00e3o que nos afasta da realidade do viver torna-se espiritualismo, ou pior, ritualismo&#8221;, sublinhou o Papa, recordando &#8220;que Jesus, depois de ter mostrado a sua gl\u00f3ria aos disc\u00edpulos no monte Tabor, n\u00e3o quis prolongar aquele momento de \u00eaxtase, mas desceu com eles do monte e retomou o caminho di\u00e1rio&#8221;. Segundo Francisco, &#8220;aquela experi\u00eancia devia permanecer nos cora\u00e7\u00f5es como luz e for\u00e7a da sua f\u00e9. Tamb\u00e9m uma luz e for\u00e7a para os dias pr\u00f3ximos, os dias da Paix\u00e3o&#8221;. &#8220;Assim, os tempos dedicados a estar com Deus reavivam a f\u00e9, que nos ajuda na realidade da vida, e a f\u00e9, por sua vez, alimenta a ora\u00e7\u00e3o, sem interrup\u00e7\u00e3o. Nesta circularidade entre f\u00e9, vida e ora\u00e7\u00e3o, o fogo do amor crist\u00e3o que Deus espera de cada um de n\u00f3s mant\u00e9m-se aceso&#8221;, concluiu o Papa.<\/p>\n<\/div>\n","protected":false},"excerpt":{"rendered":"<p>\u201dTudo no ser humano \u00e9 \u201cbin\u00e1rio\u201d: o nosso corpo \u00e9 sim\u00e9trico, temos dois bra\u00e7os, dois olhos, duas m\u00e3os. Assim, tamb\u00e9m o trabalho e a ora\u00e7\u00e3o s\u00e3o complementares. A ora\u00e7\u00e3o, que \u00e9 o \u201crespiro\u201d de tudo, continua sendo o pano de fundo vital do trabalho, at\u00e9 nos momentos em que n\u00e3o \u00e9 expl\u00edcita\u201d, disse o Papa [&hellip;]<\/p>\n","protected":false},"author":1,"featured_media":67933,"comment_status":"open","ping_status":"closed","sticky":false,"template":"","format":"standard","meta":{"footnotes":""},"categories":[3],"tags":[],"class_list":["post-67932","post","type-post","status-publish","format-standard","has-post-thumbnail","hentry","category-vaticano"],"_links":{"self":[{"href":"https:\/\/catolicanet.net\/wp-cnet\/wp-json\/wp\/v2\/posts\/67932","targetHints":{"allow":["GET"]}}],"collection":[{"href":"https:\/\/catolicanet.net\/wp-cnet\/wp-json\/wp\/v2\/posts"}],"about":[{"href":"https:\/\/catolicanet.net\/wp-cnet\/wp-json\/wp\/v2\/types\/post"}],"author":[{"embeddable":true,"href":"https:\/\/catolicanet.net\/wp-cnet\/wp-json\/wp\/v2\/users\/1"}],"replies":[{"embeddable":true,"href":"https:\/\/catolicanet.net\/wp-cnet\/wp-json\/wp\/v2\/comments?post=67932"}],"version-history":[{"count":1,"href":"https:\/\/catolicanet.net\/wp-cnet\/wp-json\/wp\/v2\/posts\/67932\/revisions"}],"predecessor-version":[{"id":67934,"href":"https:\/\/catolicanet.net\/wp-cnet\/wp-json\/wp\/v2\/posts\/67932\/revisions\/67934"}],"wp:featuredmedia":[{"embeddable":true,"href":"https:\/\/catolicanet.net\/wp-cnet\/wp-json\/wp\/v2\/media\/67933"}],"wp:attachment":[{"href":"https:\/\/catolicanet.net\/wp-cnet\/wp-json\/wp\/v2\/media?parent=67932"}],"wp:term":[{"taxonomy":"category","embeddable":true,"href":"https:\/\/catolicanet.net\/wp-cnet\/wp-json\/wp\/v2\/categories?post=67932"},{"taxonomy":"post_tag","embeddable":true,"href":"https:\/\/catolicanet.net\/wp-cnet\/wp-json\/wp\/v2\/tags?post=67932"}],"curies":[{"name":"wp","href":"https:\/\/api.w.org\/{rel}","templated":true}]}}