{"id":67929,"date":"2021-06-09T10:05:45","date_gmt":"2021-06-09T13:05:45","guid":{"rendered":"https:\/\/catolicanet.net\/wp-cnet\/?p=67929"},"modified":"2021-06-09T15:38:28","modified_gmt":"2021-06-09T18:38:28","slug":"papa-com-amoris-laetitia-em-maos-familias-e-pastores-se-unem-pela-conversao-missionaria","status":"publish","type":"post","link":"https:\/\/catolicanet.net\/wp-cnet\/papa-com-amoris-laetitia-em-maos-familias-e-pastores-se-unem-pela-conversao-missionaria\/","title":{"rendered":"Papa: com Amoris laetitia em m\u00e3os, fam\u00edlias e pastores se unem pela convers\u00e3o mission\u00e1ria"},"content":{"rendered":"<div class=\"article__subTitle\" style=\"text-align: justify;\">Um trabalho que exige paci\u00eancia e ternura, disse Francisco, sobretudo com os desafios impostos pela pandemia. Numa mensagem em v\u00eddeo que abriu os trabalhos do F\u00f3rum \u201cEm que ponto estamos com a Amoris laetitia?\u201d para cerca de 350 pessoas do mundo inteiro, o Papa falou da corresponsabilidade de Igrejas e c\u00f4njuges para disseminar o amor de Deus nos lares, cooperando \u201cde forma fecunda no cuidado e na prote\u00e7\u00e3o das \u2018Igrejas dom\u00e9sticas\u2019\u201d que ir\u00e3o \u201cconstruir as fam\u00edlias do amanh\u00e3\u201d.<\/div>\n<div class=\"title__separator\" style=\"text-align: justify;\"><\/div>\n<div class=\"article__text \">\n<p style=\"text-align: justify;\"><b>Andressa Collet &#8211; Vatican News<\/b><\/p>\n<div style=\"text-align: justify;\">\n<div class=\"article__embed article__embed--unwrap article__embed--dark\">\n<div class=\"article__innerTitle\">Ou\u00e7a a reportagem com a voz do Papa e compartilhe<\/div>\n<div>\n<audio class=\"wp-audio-shortcode\" id=\"audio-67929-1\" preload=\"none\" style=\"width: 100%;\" controls=\"controls\"><source type=\"audio\/mpeg\" src=\"https:\/\/media.vaticannews.va\/media\/audio\/s1\/2021\/06\/09\/14\/136081042_F136081042.mp3?_=1\" \/><a href=\"https:\/\/media.vaticannews.va\/media\/audio\/s1\/2021\/06\/09\/14\/136081042_F136081042.mp3\">https:\/\/media.vaticannews.va\/media\/audio\/s1\/2021\/06\/09\/14\/136081042_F136081042.mp3<\/a><\/audio>\n<\/div>\n<\/div>\n<\/div>\n<p style=\"text-align: justify;\">Uma mensagem em v\u00eddeo do Papa abriu as atividades de uma\u00a0<a href=\"http:\/\/www.laityfamilylife.va\/content\/dam\/laityfamilylife\/amoris-laetitia\/ForumAmorisLaetitia\/IND%20ENG_4_Print.pdf\" target=\"_blank\" rel=\"external noopener\">programa\u00e7\u00e3o especial<\/a>\u00a0dedicada a aprofundar estrat\u00e9gias de aplica\u00e7\u00e3o pastoral da exorta\u00e7\u00e3o apost\u00f3lica de Francisco sobre o matrim\u00f4nio, a fam\u00edlia e os filhos. O\u00a0<a href=\"http:\/\/www.laityfamilylife.va\/content\/laityfamilylife\/pt\/news\/amorislaetitia\/forum-_a-che-punto-siamo-con-amoris-laetitia-.html\" target=\"_blank\" rel=\"external noopener\">F\u00f3rum \u201cEm que ponto estamos com a Amoris laetitia?\u201d<\/a>\u00a0come\u00e7ou nesta quarta-feira (9) e re\u00fane &#8211; em modalidade on-line durante quatro dias &#8211; cerca de 350 pessoas do mundo inteiro que trabalham com pastoral familiar, ao representar 70 Confer\u00eancias Episcopais e mais de 30 associa\u00e7\u00f5es e movimentos internacionais. O evento que prev\u00ea criar uma rede de colabora\u00e7\u00e3o para \u201canunciar o Evangelho da fam\u00edlia de maneira mais eficaz, respondendo aos sinais dos tempos\u201d, como observou o Pont\u00edfice, \u00e9 promovido pelo\u00a0<a href=\"http:\/\/www.laityfamilylife.va\/content\/laityfamilylife\/it\/amoris-laetitia.html\" target=\"_blank\" rel=\"external noopener\">Dicast\u00e9rio para os Leigos, a Fam\u00edlia e a Vida<\/a>.<\/p>\n<h2 style=\"text-align: justify;\">Em que ponto estamos com a Amoris laetitia?<\/h2>\n<p style=\"text-align: justify;\">O grande p\u00fablico formado por pastores e leigos que atuam em diversas realidades do mundo acompanhou atentamente as palavras do Papa Francisco. No in\u00edcio da mensagem, j\u00e1 veio o convite para que se escutem \u201cas necessidades concretas das fam\u00edlias\u201d numa ajuda m\u00fatua e de di\u00e1logo a partir da Santa S\u00e9:<\/p>\n<p style=\"text-align: justify;\"><i>\u201cA pergunta que voc\u00eas fazem \u2013 \u2018Em que ponto estamos com a aplica\u00e7\u00e3o de Amoris laetitia?\u2019 &#8211; visa estimular a praticar um fecundo discernimento eclesial sobre o estilo e as finalidades da pastoral familiar na perspectiva da nova evangeliza\u00e7\u00e3o. A Exorta\u00e7\u00e3o Amoris laetitia \u00e9 o fruto de uma profunda reflex\u00e3o sinodal sobre matrim\u00f4nio e fam\u00edlia e, como tal, requer um trabalho paciente de implementa\u00e7\u00e3o e uma convers\u00e3o mission\u00e1ria.\u201d<\/i><\/p>\n<h2 style=\"text-align: justify;\">A fam\u00edlia que atua junto \u00e0s pastorais<\/h2>\n<p style=\"text-align: justify;\">Um trabalho de caminho sinodal a ser desenvolvido na pr\u00e1tica nas Igrejas locais atrav\u00e9s da \u201ccoopera\u00e7\u00e3o, partilha de responsabilidades, capacidade de discernimento e disponibilidade para estar perto das fam\u00edlias\u201d, antecipou Francisco, sobretudo em meio \u00e0s dificuldades impostas pela pandemia. Nesse contexto e atrav\u00e9s da escuta ativa por parte da Igreja, inclusive a fam\u00edlia \u00e9 convidada a se envolver no percurso de evangeliza\u00e7\u00e3o, sendo \u201ctestemunha v\u00e1lida\u201d para disseminar \u201csementes de comunh\u00e3o entre os povos\u201d:<\/p>\n<div style=\"text-align: justify;\">\n<div class=\"article__embed article__embed--border embed_style\">\n<blockquote><p>\u201cPara levar o amor de Deus \u00e0s fam\u00edlias e aos jovens, que construir\u00e3o as fam\u00edlias do amanh\u00e3, precisamos da ajuda das pr\u00f3prias fam\u00edlias, da sua experi\u00eancia concreta de vida e de comunh\u00e3o. Precisamos dos c\u00f4njuges ao lado dos pastores para caminhar com outras fam\u00edlias, para ajudar os mais fracos, para anunciar que, mesmo nas dificuldades, Cristo se faz presente no Sacramento do Matrim\u00f4nio para dar ternura, paci\u00eancia e esperan\u00e7a a todos, em toda situa\u00e7\u00e3o de vida. Como \u00e9 importante para os jovens ver com os pr\u00f3prios olhos o amor de Cristo vivo e presente no amor dos c\u00f4njuges, que testemunham com a vida concreta deles que o amor para sempre \u00e9 poss\u00edvel!\u201d<\/p><\/blockquote>\n<\/div>\n<\/div>\n<h2 style=\"text-align: justify;\">A miss\u00e3o da \u201cIgreja dom\u00e9stica\u201d<\/h2>\n<p style=\"text-align: justify;\">Os casais casados, ent\u00e3o, t\u00eam \u201cuma miss\u00e3o especial na edifica\u00e7\u00e3o da Igreja\u201d, observou o Papa na mensagem em v\u00eddeo:<\/p>\n<div style=\"text-align: justify;\">\n<div class=\"article__embed article__embed--border embed_style\">\n<blockquote><p>\u201cA fam\u00edlia \u00e9 \u2018Igreja dom\u00e9stica\u2019, lugar onde a presen\u00e7a sacramental de Cristo atua entre os c\u00f4njuges e entre os pais e os filhos. Nesse sentido, \u2018o amor vivido em fam\u00edlia \u00e9 uma for\u00e7a permanente para a vida da Igreja\u2019, constantemente enriquecida pela vida de todas as Igrejas dom\u00e9sticas. Portanto, em virtude do Sacramento do Matrim\u00f4nio, toda a fam\u00edlia se torna, para todos os efeitos, um bem para a Igreja.\u201d<\/p><\/blockquote>\n<\/div>\n<\/div>\n<p style=\"text-align: justify;\">Uma \u201ccorresponsabilidade\u201d que \u00e9 vivida entre c\u00f4njuges e ministros ordenados que devem \u201ccooperar de forma fecunda no cuidado e na prote\u00e7\u00e3o das \u2018Igrejas dom\u00e9sticas\u2019\u201d. O Papa alertou, no entanto, que esses casais casados precisam \u201cser chamados\u201d pelos pastores da Igreja, num \u201cesp\u00edrito de comunh\u00e3o eclesial\u201d e dando o espa\u00e7o necess\u00e1rio para se trabalhar em conjunto na \u201cconstru\u00e7\u00e3o da Igreja como \u2018fam\u00edlia de fam\u00edlias\u2019&#8221; e \u201cpara avan\u00e7ar no caminho de uma convers\u00e3o pastoral e mission\u00e1ria\u201d.<\/p>\n<h2 style=\"text-align: justify;\">Vamos reler Amoris laetitia<\/h2>\n<p style=\"text-align: justify;\">Para esse \u201crenovado impulso pastoral\u201d acontecer com criatividade, Francisco exortou a pegar novamente a exorta\u00e7\u00e3o Amoris laetitia em m\u00e3os e identificar as prioridades concretas de cada Igreja local, de acordo as necessidades que acabaram mudando por causa da pandemia. S\u00e3o muitos os desafios atuais que as fam\u00edlias enfrentam, indicou o Papa: desde press\u00f5es ideol\u00f3gicas, problemas relacionais, pobreza material e espiritual at\u00e9 \u201cuma grande solid\u00e3o devido \u00e0 dificuldade de perceber Deus na pr\u00f3pria vida\u201d.<\/p>\n<p style=\"text-align: justify;\">A forma\u00e7\u00e3o dos leigos, ent\u00e3o, observou ainda o Pont\u00edfice, precisa receber uma aten\u00e7\u00e3o especial. Trata-se de se aprofundar na \u201cprepara\u00e7\u00e3o ao matrim\u00f4nio, no acompanhamento de jovens casais casados\u201d, al\u00e9m de se aproximar dos idosos e das fam\u00edlias feridas, por exemplo. Todo um percurso para que \u201cpossam compreender melhor a import\u00e2ncia do seu compromisso eclesial, ou seja, o significado da miss\u00e3o que vem do ser c\u00f4njuge e fam\u00edlia\u201d:<\/p>\n<div>\n<div class=\"article__embed article__embed--border embed_style\">\n<blockquote><p>\u201cMuitas fam\u00edlias n\u00e3o est\u00e3o cientes do grande dom que receberam no Sacramento, sinal eficaz da presen\u00e7a de Cristo que acompanha cada momento das suas vidas. Quando uma fam\u00edlia descobre plenamente esse dom, sente o desejo de compartilh\u00e1-lo com outras fam\u00edlias porque a alegria do encontro com o Senhor tende a se espalhar e gerar outra comunh\u00e3o; \u00e9 naturalmente mission\u00e1ria.\u201d<\/p><\/blockquote>\n<\/div>\n<\/div>\n<\/div>\n","protected":false},"excerpt":{"rendered":"<p>Um trabalho que exige paci\u00eancia e ternura, disse Francisco, sobretudo com os desafios impostos pela pandemia. Numa mensagem em v\u00eddeo que abriu os trabalhos do F\u00f3rum \u201cEm que ponto estamos com a Amoris laetitia?\u201d para cerca de 350 pessoas do mundo inteiro, o Papa falou da corresponsabilidade de Igrejas e c\u00f4njuges para disseminar o amor [&hellip;]<\/p>\n","protected":false},"author":1,"featured_media":67930,"comment_status":"open","ping_status":"closed","sticky":false,"template":"","format":"standard","meta":{"footnotes":""},"categories":[13,3],"tags":[],"class_list":["post-67929","post","type-post","status-publish","format-standard","has-post-thumbnail","hentry","category-featured","category-vaticano"],"_links":{"self":[{"href":"https:\/\/catolicanet.net\/wp-cnet\/wp-json\/wp\/v2\/posts\/67929","targetHints":{"allow":["GET"]}}],"collection":[{"href":"https:\/\/catolicanet.net\/wp-cnet\/wp-json\/wp\/v2\/posts"}],"about":[{"href":"https:\/\/catolicanet.net\/wp-cnet\/wp-json\/wp\/v2\/types\/post"}],"author":[{"embeddable":true,"href":"https:\/\/catolicanet.net\/wp-cnet\/wp-json\/wp\/v2\/users\/1"}],"replies":[{"embeddable":true,"href":"https:\/\/catolicanet.net\/wp-cnet\/wp-json\/wp\/v2\/comments?post=67929"}],"version-history":[{"count":1,"href":"https:\/\/catolicanet.net\/wp-cnet\/wp-json\/wp\/v2\/posts\/67929\/revisions"}],"predecessor-version":[{"id":67931,"href":"https:\/\/catolicanet.net\/wp-cnet\/wp-json\/wp\/v2\/posts\/67929\/revisions\/67931"}],"wp:featuredmedia":[{"embeddable":true,"href":"https:\/\/catolicanet.net\/wp-cnet\/wp-json\/wp\/v2\/media\/67930"}],"wp:attachment":[{"href":"https:\/\/catolicanet.net\/wp-cnet\/wp-json\/wp\/v2\/media?parent=67929"}],"wp:term":[{"taxonomy":"category","embeddable":true,"href":"https:\/\/catolicanet.net\/wp-cnet\/wp-json\/wp\/v2\/categories?post=67929"},{"taxonomy":"post_tag","embeddable":true,"href":"https:\/\/catolicanet.net\/wp-cnet\/wp-json\/wp\/v2\/tags?post=67929"}],"curies":[{"name":"wp","href":"https:\/\/api.w.org\/{rel}","templated":true}]}}