{"id":67925,"date":"2021-06-08T10:25:33","date_gmt":"2021-06-08T13:25:33","guid":{"rendered":"https:\/\/catolicanet.net\/wp-cnet\/?p=67925"},"modified":"2021-06-08T15:38:09","modified_gmt":"2021-06-08T18:38:09","slug":"a-formula-da-santidade-vv","status":"publish","type":"post","link":"https:\/\/catolicanet.net\/wp-cnet\/a-formula-da-santidade-vv\/","title":{"rendered":"A f\u00f3rmula da santidade: v=V"},"content":{"rendered":"<h2 class=\"subtitle\" style=\"text-align: justify;\">Os alunos do futuro m\u00e1rtir ficaram inevitavelmente curiosos para entender o que significava aquilo<\/h2>\n<p style=\"text-align: justify;\">Af\u00f3rmula da santidade \u00e9 v=V. E quem diz isso deve saber do que est\u00e1 falando, pois esta f\u00f3rmula foi apresentada por um padre m\u00e1rtir, assassinado no campo de concentra\u00e7\u00e3o nazista de Auschwitz: ele se voluntariou para ser punido no lugar de um pai de fam\u00edlia, salvando assim a vida dele ao pre\u00e7o de sacrificar a pr\u00f3pria. A Igreja canonizou esse m\u00e1rtir, que hoje atende pela invoca\u00e7\u00e3o de S\u00e3o Maximiliano Maria Kolbe.<\/p>\n<p style=\"text-align: justify;\">Certa vez, o futuro m\u00e1rtir e santo estava dando aula de catequese na sua Pol\u00f4nia natal. E anunciou que, naquele dia, os alunos iriam aprender uma nova f\u00f3rmula matem\u00e1tica:<\/p>\n<blockquote class=\"wp-block-quote\"><p>\u201cA f\u00f3rmula \u00e9 a seguinte: v=V. Esta \u00e9 a f\u00f3rmula da santidade\u201d.<\/p><\/blockquote>\n<p style=\"text-align: justify;\">Os alunos ficaram inevitavelmente curiosos para entender o que significava aquilo e que rela\u00e7\u00e3o podia haver entre a matem\u00e1tica e a santidade.<\/p>\n<h3 id=\"h-s-o-maximiliano-kolbe-o-cavaleiro-da-imaculada\" style=\"text-align: justify;\">S\u00e3o Maximiliano Kolbe, o Cavaleiro da Imaculada<\/h3>\n<div class=\"block-image-copyrigth-wrap\" style=\"text-align: justify;\">\n<figure class=\"wp-block-image size-large\"><img loading=\"lazy\" decoding=\"async\" class=\"wp-image-197062\" src=\"https:\/\/wp.pt.aleteia.org\/wp-content\/uploads\/sites\/5\/2018\/08\/web3-saint-maximilian-kolbe1.jpg?w=720\" sizes=\"auto, (max-width: 1200px) 100vw, 1200px\" srcset=\"https:\/\/wp.pt.aleteia.org\/wp-content\/uploads\/sites\/5\/2018\/08\/web3-saint-maximilian-kolbe1.jpg 1200w, https:\/\/wp.pt.aleteia.org\/wp-content\/uploads\/sites\/5\/2018\/08\/web3-saint-maximilian-kolbe1.jpg?resize=150,75 150w, https:\/\/wp.pt.aleteia.org\/wp-content\/uploads\/sites\/5\/2018\/08\/web3-saint-maximilian-kolbe1.jpg?resize=300,150 300w, https:\/\/wp.pt.aleteia.org\/wp-content\/uploads\/sites\/5\/2018\/08\/web3-saint-maximilian-kolbe1.jpg?resize=768,384 768w, https:\/\/wp.pt.aleteia.org\/wp-content\/uploads\/sites\/5\/2018\/08\/web3-saint-maximilian-kolbe1.jpg?resize=1024,512 1024w, https:\/\/wp.pt.aleteia.org\/wp-content\/uploads\/sites\/5\/2018\/08\/web3-saint-maximilian-kolbe1.jpg?resize=620,310 620w, https:\/\/wp.pt.aleteia.org\/wp-content\/uploads\/sites\/5\/2018\/08\/web3-saint-maximilian-kolbe1.jpg?resize=460,230 460w, https:\/\/wp.pt.aleteia.org\/wp-content\/uploads\/sites\/5\/2018\/08\/web3-saint-maximilian-kolbe1.jpg?resize=220,110 220w, https:\/\/wp.pt.aleteia.org\/wp-content\/uploads\/sites\/5\/2018\/08\/web3-saint-maximilian-kolbe1.jpg?resize=236,118 236w, https:\/\/wp.pt.aleteia.org\/wp-content\/uploads\/sites\/5\/2018\/08\/web3-saint-maximilian-kolbe1.jpg?resize=940,470 940w, https:\/\/wp.pt.aleteia.org\/wp-content\/uploads\/sites\/5\/2018\/08\/web3-saint-maximilian-kolbe1.jpg?resize=1140,570 1140w, https:\/\/wp.pt.aleteia.org\/wp-content\/uploads\/sites\/5\/2018\/08\/web3-saint-maximilian-kolbe1.jpg?resize=375,188 375w, https:\/\/wp.pt.aleteia.org\/wp-content\/uploads\/sites\/5\/2018\/08\/web3-saint-maximilian-kolbe1.jpg?resize=630,315 630w\" alt=\"S\u00e3o Maximiliano Kolbe\" width=\"1200\" height=\"600\" \/><\/figure>\n<div class=\"copyright-text\">MONKPRESS\/East News<\/div>\n<\/div>\n<p style=\"text-align: justify;\">Antes de prosseguir com a resolu\u00e7\u00e3o deste mist\u00e9rio, vale a pena recordar alguns fatos significativos sobre quem era S\u00e3o Maximiliano Kolbe.<\/p>\n<div id=\"aleteia-welcome\" style=\"text-align: justify;\"><\/div>\n<p style=\"text-align: justify;\">J\u00e1 sabemos que ele foi assassinado em uma das mais aterrorizantes filiais do inferno de que se teve not\u00edcia em nosso mundo ao longo de todo o intermin\u00e1vel s\u00e9culo XX: o campo de concentra\u00e7\u00e3o de Auschwitz. Foi l\u00e1 que ele ofereceu a vida em troca da liberta\u00e7\u00e3o de um pai de fam\u00edlia tamb\u00e9m preso naquele inferno, em 1941. O santo sacerdote polon\u00eas foi beatificado pelo Papa S\u00e3o Paulo VI em 17 de outubro de 1971 e canonizado por S\u00e3o Jo\u00e3o Paulo II em 10 de outubro de 1982.<\/p>\n<div class=\"nativo-inread\" style=\"text-align: justify;\"><\/div>\n<p style=\"text-align: justify;\">Bem antes disso, o jovem padre Maximiliano j\u00e1 atuava para combater a propaganda totalit\u00e1ria que se estendia pela Europa desde a I Guerra Mundial. Ele sabia que era necess\u00e1rio muito empenho pastoral para difundir a mensagem crist\u00e3 mediante a melhor tecnologia \u00e0 disposi\u00e7\u00e3o na \u00e9poca. Isso queria dizer, basicamente, jornal e r\u00e1dio. Foi por isso que ele fundou a pequena revista \u201cO Cavaleiro da Imaculada\u201d, dedicada a Nossa Senhora e \u00e0 propaga\u00e7\u00e3o da devo\u00e7\u00e3o filial a ela em tempos muito sombrios para o mundo.<\/p>\n<p style=\"text-align: justify;\">Debilitado desde jovem pela tuberculose, Maximiliano tinha limita\u00e7\u00f5es para pregar e ensinar, mas era apoiado pelos superiores franciscanos a focar na sua \u201cMil\u00edcia da Imaculada\u201d, um grupo de cat\u00f3licos que ia reunindo adeptos entre p\u00fablicos diversificados: de professores a estudantes, de agricultores semianalfabetos a profissionais com alta forma\u00e7\u00e3o acad\u00eamica.<\/p>\n<div style=\"text-align: justify;\">\n<div id=\"article-desk-content-p6-ad_2021_06_08_a-formula-da-santidade-vv\" class=\"css-y9mcup\" data-google-query-id=\"CMDAt-jTiPECFYIC1Aod4KUHXw\">\n<div id=\"google_ads_iframe_64500793\/PT_DESK_ARTICLE_WELCOME_1X1_0__container__\"><\/div>\n<\/div>\n<\/div>\n<p style=\"text-align: justify;\">Com a sua tenacidade e com a intercess\u00e3o da pr\u00f3pria Imaculada, ele conseguiu implantar a sala de impress\u00e3o e, em 1921, sa\u00eda o primeiro n\u00famero do \u201cCavaleiro\u201d. Tudo cresceu rapidamente. Um conde lhe doou um terreno para fundar a \u201cNiepokalan\u00f3w\u201d, a \u201cCidade de Maria\u201d, o que tamb\u00e9m permitiu a moderniza\u00e7\u00e3o da tipografia.<\/p>\n<h3 id=\"h-prisioneiro-do-dio-de-hitler\" style=\"text-align: justify;\">Prisioneiro do \u00f3dio de Hitler<\/h3>\n<div class=\"block-image-copyrigth-wrap\" style=\"text-align: justify;\">\n<figure class=\"wp-block-image size-large\"><img loading=\"lazy\" decoding=\"async\" class=\"wp-image-152502\" src=\"https:\/\/wp.pt.aleteia.org\/wp-content\/uploads\/sites\/5\/2018\/01\/web3-arbeit-macht-frei-auschwitz.jpg?w=720\" sizes=\"auto, (max-width: 1200px) 100vw, 1200px\" srcset=\"https:\/\/wp.pt.aleteia.org\/wp-content\/uploads\/sites\/5\/2018\/01\/web3-arbeit-macht-frei-auschwitz.jpg 1200w, https:\/\/wp.pt.aleteia.org\/wp-content\/uploads\/sites\/5\/2018\/01\/web3-arbeit-macht-frei-auschwitz.jpg?resize=150,75 150w, https:\/\/wp.pt.aleteia.org\/wp-content\/uploads\/sites\/5\/2018\/01\/web3-arbeit-macht-frei-auschwitz.jpg?resize=300,150 300w, https:\/\/wp.pt.aleteia.org\/wp-content\/uploads\/sites\/5\/2018\/01\/web3-arbeit-macht-frei-auschwitz.jpg?resize=768,384 768w, https:\/\/wp.pt.aleteia.org\/wp-content\/uploads\/sites\/5\/2018\/01\/web3-arbeit-macht-frei-auschwitz.jpg?resize=1024,512 1024w, https:\/\/wp.pt.aleteia.org\/wp-content\/uploads\/sites\/5\/2018\/01\/web3-arbeit-macht-frei-auschwitz.jpg?resize=620,310 620w, https:\/\/wp.pt.aleteia.org\/wp-content\/uploads\/sites\/5\/2018\/01\/web3-arbeit-macht-frei-auschwitz.jpg?resize=460,230 460w, https:\/\/wp.pt.aleteia.org\/wp-content\/uploads\/sites\/5\/2018\/01\/web3-arbeit-macht-frei-auschwitz.jpg?resize=220,110 220w, https:\/\/wp.pt.aleteia.org\/wp-content\/uploads\/sites\/5\/2018\/01\/web3-arbeit-macht-frei-auschwitz.jpg?resize=236,118 236w, https:\/\/wp.pt.aleteia.org\/wp-content\/uploads\/sites\/5\/2018\/01\/web3-arbeit-macht-frei-auschwitz.jpg?resize=940,470 940w, https:\/\/wp.pt.aleteia.org\/wp-content\/uploads\/sites\/5\/2018\/01\/web3-arbeit-macht-frei-auschwitz.jpg?resize=1140,570 1140w, https:\/\/wp.pt.aleteia.org\/wp-content\/uploads\/sites\/5\/2018\/01\/web3-arbeit-macht-frei-auschwitz.jpg?resize=375,188 375w, https:\/\/wp.pt.aleteia.org\/wp-content\/uploads\/sites\/5\/2018\/01\/web3-arbeit-macht-frei-auschwitz.jpg?resize=630,315 630w\" alt=\"AUSCHWITZ\" width=\"1200\" height=\"600\" \/><\/figure>\n<div class=\"copyright-text\">Shutterstock<\/div>\n<\/div>\n<p style=\"text-align: justify;\">O pe. Kolbe estava muito motivado a levar os \u201cCavaleiros\u201d da Mil\u00edcia da Imaculada ao Jap\u00e3o e \u00e0 \u00cdndia, mas a doen\u00e7a o levou de volta \u00e0 Pol\u00f4nia justo quando o ex\u00e9rcito de Hitler estava para invadir o pa\u00eds. Os nazistas destru\u00edram a publica\u00e7\u00e3o e perseguiram os franciscanos, que, mesmo assim, acolheram 2.500 refugiados, sendo 1.500 deles judeus.<\/p>\n<p style=\"text-align: justify;\">Em 17 de fevereiro de 1941, o pe. Maximiliano Kolbe foi preso. Em 28 de maio, abriram-se para ele os pavorosos port\u00f5es de Auschwitz.<\/p>\n<p style=\"text-align: justify;\">Naquela sucursal do inferno, o Cavaleiro da Imaculada viveu com hero\u00edsmo a \u00faltima etapa da sua exist\u00eancia neste mundo. Perdeu o nome e foi transformado em um n\u00famero: 16670. Submetido a muitas viol\u00eancias, recebeu a incumb\u00eancia, for\u00e7ada, de transportar cad\u00e1veres at\u00e9 o forno cremat\u00f3rio.<\/p>\n<p style=\"text-align: justify;\">Naquele lugar de horrores inimagin\u00e1veis, por\u00e9m, a grande dignidade do sacerdote reluziu como um diamante: \u201cKolbe era um pr\u00edncipe entre n\u00f3s\u201d, testemunharia, mais tarde, uma sobrevivente.<\/p>\n<p style=\"text-align: justify;\">A f\u00f3rmula da santidade, certamente, estava sendo aplicada todos os dias por ele.<\/p>\n<h3 id=\"h-no-bloco-da-fome-um-lento-e-s-dico-mart-rio\" style=\"text-align: justify;\">No bloco da fome, um lento e s\u00e1dico mart\u00edrio<\/h3>\n<div class=\"block-image-copyrigth-wrap\" style=\"text-align: justify;\">\n<div class=\"wp-block-image\">\n<figure class=\"aligncenter size-large\"><img loading=\"lazy\" decoding=\"async\" class=\"wp-image-93766\" src=\"https:\/\/wp.pt.aleteia.org\/wp-content\/uploads\/sites\/5\/2017\/04\/cejxejzrxseelrrgu888m49yto685rw0yp0jxmuzn1km-us5l4opjs5lna-prxi-dbkwaw7wxoxephrnuzh_-z5ikym6.jpg?w=512\" sizes=\"auto, (max-width: 512px) 100vw, 512px\" srcset=\"https:\/\/wp.pt.aleteia.org\/wp-content\/uploads\/sites\/5\/2017\/04\/cejxejzrxseelrrgu888m49yto685rw0yp0jxmuzn1km-us5l4opjs5lna-prxi-dbkwaw7wxoxephrnuzh_-z5ikym6.jpg 512w, https:\/\/wp.pt.aleteia.org\/wp-content\/uploads\/sites\/5\/2017\/04\/cejxejzrxseelrrgu888m49yto685rw0yp0jxmuzn1km-us5l4opjs5lna-prxi-dbkwaw7wxoxephrnuzh_-z5ikym6.jpg?resize=150,108 150w, https:\/\/wp.pt.aleteia.org\/wp-content\/uploads\/sites\/5\/2017\/04\/cejxejzrxseelrrgu888m49yto685rw0yp0jxmuzn1km-us5l4opjs5lna-prxi-dbkwaw7wxoxephrnuzh_-z5ikym6.jpg?resize=300,215 300w, https:\/\/wp.pt.aleteia.org\/wp-content\/uploads\/sites\/5\/2017\/04\/cejxejzrxseelrrgu888m49yto685rw0yp0jxmuzn1km-us5l4opjs5lna-prxi-dbkwaw7wxoxephrnuzh_-z5ikym6.jpg?resize=375,269 375w\" alt=\"S\u00e3o Maximiliano Kolbe\" width=\"512\" height=\"367\" \/><\/figure>\n<\/div>\n<div class=\"copyright-text\">Public Domain<\/div>\n<\/div>\n<p style=\"text-align: justify;\">No final de julho, o pe. Kolbe foi transferido para o famigerado Bloco 14. Um dos prisioneiros tinha conseguido escapar e, em repres\u00e1lia, dez foram levados para aquele bunker reservado aos condenados a morrerem nada menos que de fome.<\/p>\n<p style=\"text-align: justify;\">Um dos dez \u201cescolhidos\u201d tinha sido o jovem sargento polon\u00eas Francisco Gajowniezek: desesperado, ele suplicava ser poupado porque tinha mulher e filhos. Foi quando o pe. Kolbe se ofereceu a ir no lugar dele para o bunker da fome, diante da surpresa dos soldados.<\/p>\n<p style=\"text-align: justify;\">O mart\u00edrio foi lento. Consolados pelo encorajamento e pelas ora\u00e7\u00f5es do pe. Maximiliano Kolbe, as vozes dos prisioneiros iam definhando uma ap\u00f3s a outra, at\u00e9 se apagarem para sempre neste mundo. Ap\u00f3s duas semanas, resistiam ainda quatro: um deles era o pe. Kolbe.<\/p>\n<p style=\"text-align: justify;\">Os nazistas decidiram ent\u00e3o injetar nele \u00e1cido f\u00eanico para acelerar sua morte. Estendendo o bra\u00e7o ao m\u00e9dico prestes a mat\u00e1-lo, o sacerdote m\u00e1rtir afirmou:<\/p>\n<blockquote class=\"wp-block-quote\"><p>\u201cVoc\u00ea n\u00e3o entendeu nada da vida. O \u00f3dio n\u00e3o serve para nada. S\u00f3 o amor cria\u201d.<\/p><\/blockquote>\n<p style=\"text-align: justify;\">As \u00faltimas palavras do Cavaleiro da Imaculada foram dedicadas a ela:<\/p>\n<blockquote class=\"wp-block-quote\"><p>\u201cAve, Maria!\u201d<\/p><\/blockquote>\n<p style=\"text-align: justify;\">Era 14 de agosto de 1941.<\/p>\n<p style=\"text-align: justify;\">Entre as pilhas di\u00e1rias de cad\u00e1veres de Auschwitz, o corpo de S\u00e3o Maximiliano Kolbe foi cremado no dia seguinte, festa da Assun\u00e7\u00e3o de Nossa Senhora aos C\u00e9us.<\/p>\n<h3 id=\"h-a-f-rmula-da-santidade-v-v\" style=\"text-align: justify;\">A f\u00f3rmula da santidade: v=V<\/h3>\n<p style=\"text-align: justify;\">No dia 14 de agosto de 2017, a\u00a0<a href=\"https:\/\/twitter.com\/Pontifex_pt\" target=\"_blank\" rel=\"noreferrer noopener\">conta oficial<\/a>\u00a0do Papa Francisco no Twitter publicou esta frase:<\/p>\n<blockquote class=\"wp-block-quote\"><p>\u201cO caminho para entregar-se ao Senhor come\u00e7a todos os dias, desde a manh\u00e3\u201d.<\/p><\/blockquote>\n<p style=\"text-align: justify;\">Falar de entrega pessoal \u00e9 especialmente significativo nessa data, pois 14 de agosto passou a ser a mem\u00f3ria lit\u00fargica de um santo que voluntariamente entregou a pr\u00f3pria vida para salvar a do pr\u00f3ximo.<\/p>\n<p style=\"text-align: justify;\">S\u00e3o Maximiliano Maria Kolbe s\u00f3 teve a for\u00e7a indiz\u00edvel de entregar-se com plenitude porque, ao longo da vida toda, soube aplicar aquela singela f\u00f3rmula que havia revelado um dia aos seus pequenos alunos de catequese:<\/p>\n<blockquote class=\"wp-block-quote\"><p>\u201cA f\u00f3rmula \u00e9 a seguinte: v=V. Esta \u00e9 a f\u00f3rmula da santidade\u201d.<\/p><\/blockquote>\n<p style=\"text-align: justify;\">O futuro m\u00e1rtir desvendou-a para os pequenos:<\/p>\n<blockquote class=\"wp-block-quote\"><p>\u201cO v min\u00fasculo \u00e9 a minha vontade. O V mai\u00fasculo \u00e9 a vontade de Deus. Identifiquem a sua vontade com a Vontade de Deus. Sejam santos. \u00c9 simples, n\u00e3o?\u201d<\/p><\/blockquote>\n<p style=\"text-align: justify;\">Sim, \u00e9 simples. E simplifica a complexidade criada inutilmente pelo ser humano, incluindo os lados mais perversos e aberrantes dessa complexidade, como \u00e9 o caso do exterm\u00ednio proposital perpetrado pelos nazistas e do qual o pr\u00f3prio Maximiliano foi v\u00edtima.<\/p>\n<p style=\"text-align: justify;\">Era Vontade de Deus que esse exterm\u00ednio acontecesse? \u00c9 \u00f3bvio que n\u00e3o. Mas \u00e9 Vontade de Deus que o ser humano exer\u00e7a o livre arb\u00edtrio. Deus respeitar\u00e1 as decis\u00f5es humanas inclusive quando s\u00e3o p\u00e9rfidas. A liberdade humana \u00e9 fruto da Vontade de Deus. A liberdade humana \u00e9 boa. A liberdade humana nos permite participar da obra de Deus e gerir a Sua cria\u00e7\u00e3o. E a liberdade humana se volta para o mal precisamente quando dissociamos a nossa vontade da Vontade d\u2019Ele. Nesses casos, chegamos ao absurdo de \u201cfor\u00e7ar\u201d Deus a respeitar a nossa vontade com min\u00fascula. N\u00e3o \u00e9 Ele quem quer e causa o mal. Somos n\u00f3s, quando invertemos a f\u00f3rmula da santidade.<\/p>\n<div class=\"wp-block-aleteia-read-also read-also\"><\/div>\n","protected":false},"excerpt":{"rendered":"<p>Os alunos do futuro m\u00e1rtir ficaram inevitavelmente curiosos para entender o que significava aquilo Af\u00f3rmula da santidade \u00e9 v=V. E quem diz isso deve saber do que est\u00e1 falando, pois esta f\u00f3rmula foi apresentada por um padre m\u00e1rtir, assassinado no campo de concentra\u00e7\u00e3o nazista de Auschwitz: ele se voluntariou para ser punido no lugar de [&hellip;]<\/p>\n","protected":false},"author":1,"featured_media":67926,"comment_status":"open","ping_status":"closed","sticky":false,"template":"","format":"standard","meta":{"footnotes":""},"categories":[4],"tags":[],"class_list":["post-67925","post","type-post","status-publish","format-standard","has-post-thumbnail","hentry","category-cotidiano"],"_links":{"self":[{"href":"https:\/\/catolicanet.net\/wp-cnet\/wp-json\/wp\/v2\/posts\/67925","targetHints":{"allow":["GET"]}}],"collection":[{"href":"https:\/\/catolicanet.net\/wp-cnet\/wp-json\/wp\/v2\/posts"}],"about":[{"href":"https:\/\/catolicanet.net\/wp-cnet\/wp-json\/wp\/v2\/types\/post"}],"author":[{"embeddable":true,"href":"https:\/\/catolicanet.net\/wp-cnet\/wp-json\/wp\/v2\/users\/1"}],"replies":[{"embeddable":true,"href":"https:\/\/catolicanet.net\/wp-cnet\/wp-json\/wp\/v2\/comments?post=67925"}],"version-history":[{"count":1,"href":"https:\/\/catolicanet.net\/wp-cnet\/wp-json\/wp\/v2\/posts\/67925\/revisions"}],"predecessor-version":[{"id":67927,"href":"https:\/\/catolicanet.net\/wp-cnet\/wp-json\/wp\/v2\/posts\/67925\/revisions\/67927"}],"wp:featuredmedia":[{"embeddable":true,"href":"https:\/\/catolicanet.net\/wp-cnet\/wp-json\/wp\/v2\/media\/67926"}],"wp:attachment":[{"href":"https:\/\/catolicanet.net\/wp-cnet\/wp-json\/wp\/v2\/media?parent=67925"}],"wp:term":[{"taxonomy":"category","embeddable":true,"href":"https:\/\/catolicanet.net\/wp-cnet\/wp-json\/wp\/v2\/categories?post=67925"},{"taxonomy":"post_tag","embeddable":true,"href":"https:\/\/catolicanet.net\/wp-cnet\/wp-json\/wp\/v2\/tags?post=67925"}],"curies":[{"name":"wp","href":"https:\/\/api.w.org\/{rel}","templated":true}]}}