{"id":67919,"date":"2021-06-08T10:10:48","date_gmt":"2021-06-08T13:10:48","guid":{"rendered":"https:\/\/catolicanet.net\/wp-cnet\/?p=67919"},"modified":"2021-06-08T15:14:33","modified_gmt":"2021-06-08T18:14:33","slug":"live-mulheres-na-missao-nesta-terca-feira-tera-partilha-sobre-a-lideranca-da-mulher-no-projeto-igrejas-irmas","status":"publish","type":"post","link":"https:\/\/catolicanet.net\/wp-cnet\/live-mulheres-na-missao-nesta-terca-feira-tera-partilha-sobre-a-lideranca-da-mulher-no-projeto-igrejas-irmas\/","title":{"rendered":"LIVE \u201cMULHERES NA MISS\u00c3O\u201d NESTA TER\u00c7A-FEIRA TER\u00c1 PARTILHA SOBRE \u201cA LIDERAN\u00c7A DA MULHER NO PROJETO IGREJAS-IRM\u00c3S\u201d"},"content":{"rendered":"<p style=\"text-align: justify;\">O projeto Igrejas-irm\u00e3s \u00e9 uma forma de solidariedade e de comunh\u00e3o entre Igrejas particulares, quando uma diocese percebe as necessidades de outras e se disp\u00f5e a ajudar com o envio de mission\u00e1rios e recursos. Em troca, ganha uma experi\u00eancia pastoral. E como acontece essa experi\u00eancia a partir da perspectiva das mulheres? Nesta ter\u00e7a-feira, 8 de junho, a s\u00e9rie de lives \u201cMulheres na miss\u00e3o\u201d abordar\u00e1 o tema \u201c<em><strong>A lideran\u00e7a da mulher no projeto Igrejas-irm\u00e3s<\/strong><\/em>\u201c. A transmiss\u00e3o, pelas redes sociais da CNBB, come\u00e7a \u00e0s 15h.<\/p>\n<p style=\"text-align: justify;\">A assessora da Comiss\u00e3o Episcopal Pastoral para a A\u00e7\u00e3o Mission\u00e1ria e a Coopera\u00e7\u00e3o Intereclesial da CNBB irm\u00e3 Sandra Regina Amado recebe como convidadas para a live a ex-assessora da mesma comiss\u00e3o irm\u00e3 Dirce Gomes da Silva, que \u00e9 mestra e doutoranda em Teologia Pastoral na PUC-PR. Irm\u00e3 Dirce atuou como assessora na CNBB por v\u00e1rios anos e visitou diversas iniciativas mission\u00e1rias no Brasil e no exterior. A outra convidada \u00e9\u00a0Vict\u00f3ria Holzbach, jornalista e co-coordenadora do Comire Sul 3. Ela viveu um per\u00edodo de miss\u00e3o\u00a0<em>ad gentes<\/em>\u00a0em Mo\u00e7ambique, em projeto mission\u00e1rio do Regional que compreende o Estado do Rio Grande do Sul.<\/p>\n<p style=\"text-align: justify;\"><img loading=\"lazy\" decoding=\"async\" class=\"wp-image-284150 aligncenter\" src=\"https:\/\/www.cnbb.org.br\/wp-content\/uploads\/2021\/06\/WhatsApp-Image-2021-06-02-at-16.50.21-1-1024x1024.jpeg\" sizes=\"auto, (max-width: 800px) 100vw, 800px\" srcset=\"https:\/\/www.cnbb.org.br\/wp-content\/uploads\/2021\/06\/WhatsApp-Image-2021-06-02-at-16.50.21-1-1024x1024.jpeg 1024w, https:\/\/www.cnbb.org.br\/wp-content\/uploads\/2021\/06\/WhatsApp-Image-2021-06-02-at-16.50.21-1-300x300.jpeg 300w, https:\/\/www.cnbb.org.br\/wp-content\/uploads\/2021\/06\/WhatsApp-Image-2021-06-02-at-16.50.21-1-150x150.jpeg 150w, https:\/\/www.cnbb.org.br\/wp-content\/uploads\/2021\/06\/WhatsApp-Image-2021-06-02-at-16.50.21-1-768x767.jpeg 768w, https:\/\/www.cnbb.org.br\/wp-content\/uploads\/2021\/06\/WhatsApp-Image-2021-06-02-at-16.50.21-1-800x800.jpeg 800w, https:\/\/www.cnbb.org.br\/wp-content\/uploads\/2021\/06\/WhatsApp-Image-2021-06-02-at-16.50.21-1-500x500.jpeg 500w, https:\/\/www.cnbb.org.br\/wp-content\/uploads\/2021\/06\/WhatsApp-Image-2021-06-02-at-16.50.21-1.jpeg 1081w\" alt=\"\" width=\"800\" height=\"799\" \/><\/p>\n<h3 style=\"text-align: justify;\">Igrejas-irm\u00e3s<\/h3>\n<p style=\"text-align: justify;\">De acordo com irm\u00e3 Sandra Amado, a ideia nesta quarta live \u00e9 enfatizar a diferen\u00e7a que a mulher faz na miss\u00e3o tamb\u00e9m no projeto Igreja Irm\u00e3s.<\/p>\n<blockquote><p><em>\u201cMuitas vezes quando se falam em projeto Igrejas Irm\u00e3s, visualizamos o interc\u00e2mbio sendo realizado com o envio de presb\u00edteros para a Igreja Irm\u00e3. No entanto, as qualidades da ternura, amor pela miss\u00e3o e resili\u00eancia que a mulher traz para os projetos fazem a diferen\u00e7a na miss\u00e3o. Esses elementos pr\u00f3prios contribuem para a atualiza\u00e7\u00e3o, concretiza\u00e7\u00e3o harmoniosa do cotidiano da a\u00e7\u00e3o mission\u00e1ria da Igreja nos projetos Igrejas Irm\u00e3s. Por isso, a import\u00e2ncia da presen\u00e7a da mulher tamb\u00e9m nesse \u00e2mbito de a\u00e7\u00e3o mission\u00e1ria. Enfim, a mulher \u00e9 guardi\u00e3 da vida e vela pela miss\u00e3o da Igreja em sa\u00edda como nos pede o Papa Francisco e o magist\u00e9rio Latino americano. Assim, a contribui\u00e7\u00e3o da mulher leiga ou consagrada \u00e9 valiosa e deve ser reconhecida tamb\u00e9m nos projetos Igreja Irm\u00e3s\u201d<\/em>, destaca.<\/p><\/blockquote>\n<p style=\"text-align: justify;\">O Projeto Igrejas Irm\u00e3s foi criado em 1972 pela Confer\u00eancia Nacional dos Bispos do Brasil (CNBB). Por meio dessa iniciativa de coopera\u00e7\u00e3o intereclesial, dioceses se entreajudam com recursos humanos e financeiros para a realiza\u00e7\u00e3o de projetos de evangeliza\u00e7\u00e3o. H\u00e1 experi\u00eancias em v\u00e1rias regi\u00f5es do Brasil, com destaque para a Amaz\u00f4nia, onde nasceu o projeto, e tamb\u00e9m no exterior, em pa\u00edses como Guin\u00e9-Bissau, Haiti e Mo\u00e7ambique.<\/p>\n<p style=\"text-align: justify;\">Dom Odelir Jos\u00e9 Magri, bispo de Chapec\u00f3 (SC) e atual presidente da Comiss\u00e3o para a A\u00e7\u00e3o Mission\u00e1ria, destaque que o projeto Igrejas Irm\u00e3s \u00e9 uma a\u00e7\u00e3o de sensibilidade com as dioceses que mais precisam de ajuda: \u201cEssa \u00e9 uma iniciativa que a Igreja traz no cora\u00e7\u00e3o, pois ela \u00e9 por natureza mission\u00e1ria. Na atualidade o projeto Igrejas Irm\u00e3s ganha novas dimens\u00f5es a partir da necessidade de retomar o esfor\u00e7o da solidariedade e comunh\u00e3o\u201d, relatou.<\/p>\n<h3 style=\"text-align: justify;\"><strong>S\u00e9rie Mulheres na Miss\u00e3o<\/strong><\/h3>\n<p style=\"text-align: justify;\">A s\u00e9rie \u201cMulheres na Miss\u00e3o\u201d \u00e9 uma realiza\u00e7\u00e3o da Comiss\u00e3o para a A\u00e7\u00e3o Mission\u00e1ria da CNBB e tem a motiva\u00e7\u00e3o de provocar a reflex\u00e3o sobre a anima\u00e7\u00e3o e a coordena\u00e7\u00e3o de projetos e atividades mission\u00e1rias no Brasil a partir do olhar feminino.<\/p>\n<p style=\"text-align: justify;\">Segundo a assessora da comiss\u00e3o, irm\u00e3 Sandra, a s\u00e9rie concretiza a proposta de viv\u00eancia da miss\u00e3o prevista no\u00a0<a href=\"https:\/\/www.edicoescnbb.com.br\/produto\/programa-missionario-nacional-2019-2023-71373\" target=\"_blank\" rel=\"noopener\">Programa Mission\u00e1rio Nacional (PMN)<\/a>, em conson\u00e2ncia com as\u00a0<a href=\"https:\/\/www.edicoescnbb.com.br\/produto\/documentos-da-cnbb-109-diretrizes-gerais-da-acao-evangelizadora-da-igreja-no-brasil-2019-2023-digital-71484\" target=\"_blank\" rel=\"noopener\">Diretrizes Gerais da A\u00e7\u00e3o Evangelizadora da Igreja no Brasil (2019-2023)<\/a>.<\/p>\n<p style=\"text-align: justify;\">Acompanhe:<\/p>\n<p><iframe loading=\"lazy\" title=\"Mulheres na Miss\u00e3o: A Lideran\u00e7a da Mulher no projeto Igrejas Irm\u00e3s\" width=\"696\" height=\"392\" src=\"https:\/\/www.youtube.com\/embed\/TUFnm8xEPeY?feature=oembed\" frameborder=\"0\" allow=\"accelerometer; autoplay; clipboard-write; encrypted-media; gyroscope; picture-in-picture\" allowfullscreen><\/iframe><\/p>\n","protected":false},"excerpt":{"rendered":"<p>O projeto Igrejas-irm\u00e3s \u00e9 uma forma de solidariedade e de comunh\u00e3o entre Igrejas particulares, quando uma diocese percebe as necessidades de outras e se disp\u00f5e a ajudar com o envio de mission\u00e1rios e recursos. Em troca, ganha uma experi\u00eancia pastoral. E como acontece essa experi\u00eancia a partir da perspectiva das mulheres? Nesta ter\u00e7a-feira, 8 de [&hellip;]<\/p>\n","protected":false},"author":1,"featured_media":67920,"comment_status":"open","ping_status":"closed","sticky":false,"template":"","format":"standard","meta":{"footnotes":""},"categories":[7],"tags":[],"class_list":["post-67919","post","type-post","status-publish","format-standard","has-post-thumbnail","hentry","category-cnbb"],"_links":{"self":[{"href":"https:\/\/catolicanet.net\/wp-cnet\/wp-json\/wp\/v2\/posts\/67919","targetHints":{"allow":["GET"]}}],"collection":[{"href":"https:\/\/catolicanet.net\/wp-cnet\/wp-json\/wp\/v2\/posts"}],"about":[{"href":"https:\/\/catolicanet.net\/wp-cnet\/wp-json\/wp\/v2\/types\/post"}],"author":[{"embeddable":true,"href":"https:\/\/catolicanet.net\/wp-cnet\/wp-json\/wp\/v2\/users\/1"}],"replies":[{"embeddable":true,"href":"https:\/\/catolicanet.net\/wp-cnet\/wp-json\/wp\/v2\/comments?post=67919"}],"version-history":[{"count":1,"href":"https:\/\/catolicanet.net\/wp-cnet\/wp-json\/wp\/v2\/posts\/67919\/revisions"}],"predecessor-version":[{"id":67921,"href":"https:\/\/catolicanet.net\/wp-cnet\/wp-json\/wp\/v2\/posts\/67919\/revisions\/67921"}],"wp:featuredmedia":[{"embeddable":true,"href":"https:\/\/catolicanet.net\/wp-cnet\/wp-json\/wp\/v2\/media\/67920"}],"wp:attachment":[{"href":"https:\/\/catolicanet.net\/wp-cnet\/wp-json\/wp\/v2\/media?parent=67919"}],"wp:term":[{"taxonomy":"category","embeddable":true,"href":"https:\/\/catolicanet.net\/wp-cnet\/wp-json\/wp\/v2\/categories?post=67919"},{"taxonomy":"post_tag","embeddable":true,"href":"https:\/\/catolicanet.net\/wp-cnet\/wp-json\/wp\/v2\/tags?post=67919"}],"curies":[{"name":"wp","href":"https:\/\/api.w.org\/{rel}","templated":true}]}}