{"id":67913,"date":"2021-06-08T10:55:34","date_gmt":"2021-06-08T13:55:34","guid":{"rendered":"https:\/\/catolicanet.net\/wp-cnet\/?p=67913"},"modified":"2021-06-08T15:01:59","modified_gmt":"2021-06-08T18:01:59","slug":"em-sintonia-com-a-semana-biblica-nacional-irma-zuleica-fala-sobre-a-contribuicao-das-paulinas-no-surgimento-do-mes-da-biblia","status":"publish","type":"post","link":"https:\/\/catolicanet.net\/wp-cnet\/em-sintonia-com-a-semana-biblica-nacional-irma-zuleica-fala-sobre-a-contribuicao-das-paulinas-no-surgimento-do-mes-da-biblia\/","title":{"rendered":"EM SINTONIA COM A SEMANA B\u00cdBLICA NACIONAL, IRM\u00c3 ZULEICA FALA SOBRE A CONTRIBUI\u00c7\u00c3O DAS PAULINAS NO SURGIMENTO DO M\u00caS DA B\u00cdBLIA"},"content":{"rendered":"<p style=\"text-align: justify;\">Em sintonia com a<a href=\"https:\/\/www.cnbb.org.br\/semana-biblica-nacional-de-7-a-10-de-junho-marcara-o-inicio-da-celebracao-do-jubileu-de-ouro-do-mes-da-biblia\/\">\u00a0Semana B\u00edblica Nacional<\/a>, promovida pela Comiss\u00e3o para a Anima\u00e7\u00e3o B\u00edblico-Catequ\u00e9tica da Confer\u00eancia Nacional dos Bispos do Brasil (CNBB), cujo objetivo \u00e9 marcar o in\u00edcio da celebra\u00e7\u00e3o do\u00a0<a href=\"https:\/\/www.cnbb.org.br\/comissao-lanca-selo-comemorativo-pelos-50-anos-do-mes-da-biblia\/\">jubileu de ouro do M\u00eas da B\u00edblia<\/a>, o portal da CNBB conversou com a irm\u00e3 paulina Zuleica Aparecida Silvano. Ela falou sobre como se deu o nascimento do M\u00eas da B\u00edblia e qual foi a colabora\u00e7\u00e3o do Servi\u00e7o de Anima\u00e7\u00e3o B\u00edblica, das Paulinas, nesse processo.<\/p>\n<figure id=\"attachment_294020\" class=\"wp-caption alignleft\" style=\"text-align: justify;\" aria-describedby=\"caption-attachment-294020\"><img loading=\"lazy\" decoding=\"async\" class=\"wp-image-294020 size-full\" src=\"https:\/\/www.cnbb.org.br\/wp-content\/uploads\/2021\/06\/Irma-Zuleica.jpg\" alt=\"\" width=\"300\" height=\"276\" \/><figcaption id=\"caption-attachment-294020\" class=\"wp-caption-text\">Irm\u00e3 Zuleica Aparecida Silvano<\/figcaption><\/figure>\n<p style=\"text-align: justify;\">Mestre em Ci\u00eancias B\u00edblicas pelo Pontif\u00edcio Instituto B\u00edblico (PIB) de Roma e doutora em Teologia pela Faculdade Jesu\u00edta de Filosofia e Teologia (FAJE), em Belo Horizonte, a irm\u00e3 Zuleica \u00e9 assessora no Servi\u00e7o de Anima\u00e7\u00e3o B\u00edblica (SAB\/ Paulinas); faz parte do corpo docente da FAJE e presta assessoria b\u00edblica em diversos grupos e institui\u00e7\u00f5es religiosas.<\/p>\n<p style=\"text-align: justify;\">Tamb\u00e9m \u00e9 autora do livro \u201cIntrodu\u00e7\u00e3o \u00e0 an\u00e1lise po\u00e9tica de textos b\u00edblicos\u201d; integrou o grupo dos tradutores do Novo Testamento de Paulinas e coordena o Grupo Shemah, que elabora os subs\u00eddios do M\u00eas da B\u00edblia, produzidos pelo SAB.<\/p>\n<h5 style=\"text-align: justify;\"><strong>Como nasceu o M\u00eas da B\u00edblia?<\/strong><\/h5>\n<p style=\"text-align: justify;\"><em>O M\u00eas da B\u00edblia nasceu ap\u00f3s a solicita\u00e7\u00e3o de dom Jo\u00e3o Resende Costa, arcebispo de Belo Horizonte, para os padres, religiosos e religiosas para enviarem sugest\u00f5es para celebrar os 50 anos da Arquidiocese de Belo Horizonte. Irm\u00e3 Neli Manfio j\u00e1 havia realizado alguns trabalhos no campo b\u00edblico em Salvador, onde residia e ap\u00f3s a solicita\u00e7\u00e3o da comunidade das Paulinas em Belo Horizonte, para apresentar um projeto b\u00edblico, elaborou com irm\u00e3 Eug\u00eania Pandolfo, um projeto de um \u201cM\u00eas da B\u00edblia\u201d, que foi apresentado em mar\u00e7o para dom Jo\u00e3o Resende Costa e para o Conselho Presbiteral.<\/em><\/p>\n<p style=\"text-align: justify;\"><em>A proposta foi aceita e em junho, come\u00e7aram a prepara\u00e7\u00e3o, com a ajuda dos padres da diocese: Antonio Gon\u00e7alves e Paulo Lopes de Faria. A finalidade era tornar a Palavra de Deus conhecida e que as pessoas pudessem ter a B\u00edblia em casa, ou pelo menos um Novo Testamento. O lema do m\u00eas da B\u00edblia de 1971 foi baseado num sucesso do Roberto Carlos, a m\u00fasica \u201cJesus Cristo\u201d que tinha como refr\u00e3o: Jesus Cristo, eu estou aqui, assim, o lema foi \u201cB\u00edblia: Jesus Cristo est\u00e1 aqui\u201d.<\/em><\/p>\n<h5 style=\"text-align: justify;\"><strong>Por que setembro \u00e9 o m\u00eas da B\u00edblia?\u00a0<\/strong><\/h5>\n<p style=\"text-align: justify;\"><em>O m\u00eas de setembro foi escolhido como \u201cM\u00eas da B\u00edblia\u201d, pois se celebrava a mem\u00f3ria de S\u00e3o Jer\u00f4nimo, dia 30 de setembro, que por solicita\u00e7\u00e3o do papa D\u00e2maso, traduziu a B\u00edblia das l\u00ednguas originais para o latim, com a colabora\u00e7\u00e3o de Paula e de Eust\u00f3quia. O primeiro m\u00eas da B\u00edblia, setembro de 1971, n\u00e3o movimentou somente as<\/em>\u00a0<em>par\u00f3quias, mas havia atividades em v\u00e1rios segmentos da sociedade, como os hospitais, penitenci\u00e1rias, os col\u00e9gios, as universidades, por meio de estudo, explica\u00e7\u00e3o da B\u00edblia, gincanas, maratonas, concurso de M\u00fasica e outras atividades. Tamb\u00e9m todos os meios de comunica\u00e7\u00e3o da \u00e9poca, ligados \u00e0 Arquidiocese, e tamb\u00e9m aqueles que n\u00e3o tinham uma liga\u00e7\u00e3o direta com a Igreja Cat\u00f3lica.\u00a0<\/em><\/p>\n<p style=\"text-align: justify;\"><em>Uma novidade foi ter durante 15 dias, foi a exposi\u00e7\u00e3o na esta\u00e7\u00e3o rodovi\u00e1ria de Belo Horizonte, com grandes quadros pintados, pe\u00e7as de escultura feitas pelas irm\u00e3s, pergaminhos, B\u00edblias em diversas l\u00ednguas, pergaminhos, copias dos documentos de Qumram e alguns professores de B\u00edblia ficavam dispon\u00edveis para guiar os visitantes e explicando-lhes as etapas da Hist\u00f3ria da Salva\u00e7\u00e3o. Essas atividades eram realizadas por v\u00e1rias comiss\u00f5es. Havia tamb\u00e9m o envolvimento dos mosteiros contemplativos femininos, que durante o m\u00eas rezavam por essa atividade. No encerramento, no dia 30 de setembro de 1971, foi realizada um solene celebra\u00e7\u00e3o no Minas T\u00eanis Clube, com a entroniza\u00e7\u00e3o da B\u00edblia, que era uma grande novidade na \u00e9poca.<\/em><\/p>\n<p style=\"text-align: justify;\"><em>Esse foi o primeiro M\u00eas da B\u00edblia, depois a novidade foi a introdu\u00e7\u00e3o de carros aleg\u00f3ricos com os personagens b\u00edblicos, e teve como propagadora, irm\u00e3 Maria Pia de Dio, uma paulinas, paulista que trabalhou com as semanas b\u00edblicas v\u00e1rias d\u00e9cadas, desde 1947.<\/em><\/p>\n<h5 style=\"text-align: justify;\"><strong>Como se deu a cria\u00e7\u00e3o dos subs\u00eddios b\u00edblicos para o M\u00eas da B\u00edblia?<\/strong><\/h5>\n<p style=\"text-align: justify;\"><em>Em 1976, o M\u00eas da B\u00edblia foi assumido pelo Regional Leste II, sendo inaugurado o Centro B\u00edblico de Belo Horizonte, tendo como coordenado pelo Alberto Antoniazzi (1937-2004), com Im\u00e3 Maria Pia di Dio e depois irm\u00e3 Rosana Pulga. Nesse per\u00edodo foram lan\u00e7ados v\u00e1rios subs\u00eddios, que eram preparados por essa equipe, sempre com uma paulina e impresso por Edi\u00e7\u00f5es Paulinas, que na \u00e9poca era a marca comum de dois editoriais independentes, das Paulinas e dos Paulinos, mas com a separa\u00e7\u00e3o das \u00e1reas de editorial, sendo a parte b\u00edblica da responsabilidade dos Paulinos, por isso o material era impresso por eles.<\/em><\/p>\n<p style=\"text-align: justify;\"><em>Em 1978, sobre o seman\u00e1rio com os c\u00edrculos b\u00edblicos da liturgia do domingo e havia um especial para o M\u00eas da B\u00edblia, chamado B\u00edblia Deus caminhando com a gente, mais conhecido pro B\u00edblia-Gente. Em 1984, a atividade era solicitada por diferentes dioceses e o regional n\u00e3o dava conta da demanda e tamb\u00e9m n\u00e3o poderia tornar uma atividade nacional sem a CNBB. Assim, irm\u00e3o Israel Jos\u00e9 Nery, que era assessor da dimens\u00e3o III, assume em nome da CNBB, mas como apoio, sendo criado um conv\u00eanio formado por algumas entidades: as Paulinas, os Paulinos, e alguns biblistas, entre eles frei Carlos Mesters, Wolfgang Gruen, padre salesiano.<\/em><\/p>\n<p style=\"text-align: justify;\"><em>Assim, em 1985, o M\u00eas da B\u00edblia ganha um \u00e2mbito nacional, ligado com a CNBB, por\u00e9m animado por esse conv\u00eanio. Esse conv\u00eanio chamava-se Servi\u00e7o de Anima\u00e7\u00e3o B\u00edblica, e por ter sido uma iniciativa de Paulinas, havia nas cl\u00e1usulas desse conv\u00eanio de que se fosse rompido esse conv\u00eanio, tudo ficaria com Paulinas, tamb\u00e9m a sede era de Paulinas. Nesse per\u00edodo, surge o grupo Xem\u00e1, que significa \u201cEscuta\u201d, que animava, por meio da prepara\u00e7\u00e3o de subs\u00eddios e promovia cursos de aprofundamento da B\u00edblia, quando solicitado. \u00a0Al\u00e9m de colaboram na prepara\u00e7\u00e3o desses subs\u00eddios, as irm\u00e3s paulinas elaboravam programas radiof\u00f4nicos preparados pelo SEPAR (Servi\u00e7o \u00e0 Pastoral do R\u00e1dio), cartazetes, adesivos, fotolinguagens, slides, a COMEP\/ Paulinas produzia m\u00fasicas destinadas ao \u201cM\u00eas da B\u00edblia\u201d, eram elaborados pe\u00e7as teatrais, subs\u00eddios para crian\u00e7as, adolescentes e jovens. Tamb\u00e9m havia uma ampla divulga\u00e7\u00e3o, dado que Paulinas tenha v\u00e1rias livrarias e nessas livrarias eram realizados encontros, cursos, maratonas e outras atividades para animar o \u201cM\u00eas da B\u00edblia\u201d.<\/em><\/p>\n<h5 style=\"text-align: justify;\"><strong>Como eram feitas as escolhas do tema e lema do M\u00eas da B\u00edblia?<\/strong><\/h5>\n<p style=\"text-align: justify;\"><em>Em 1988, surge outro problema, que foi o final do conv\u00eanio, dado que v\u00e1rias pessoas desse grupo assumiam outras atividades, o local era pequeno para abarcar a demandas.\u00a0 Assim, Paulinas assume com uma sede pr\u00f3pria para o SAB, tornando-se um Departamento de Paulinas e \u00e9 feita uma parceria com a CNBB, sendo ajudado pelo apoio pelos assessores da Dimens\u00e3o III da CNBB, como In\u00eas Broshuis, que eram assessores da Linha III, depois Bernardo Cansi. Nessa parceria, CNBB apoiava, mas a responsabilidade era do Servi\u00e7o de Anima\u00e7\u00e3o B\u00edblica\/Paulinas, que promovia anualmente, com os assessores da Dimens\u00e3o III, os bispos respons\u00e1veis por essa dimens\u00e3o, os coordenadores regionais da catequese e os agentes da Pastoral B\u00edblica, um encontro anual, financiada pelo SAB (pagava algumas passagens, toda a hospedagem, os assessores), no qual escolhiam o tema, o lema do M\u00eas da B\u00edblia, sendo sempre ligado com a Campanha da Fraternidade e os participantes recebiam uma forma\u00e7\u00e3o para poder animar o M\u00eas da B\u00edblia nos regionais.<\/em><\/p>\n<p style=\"text-align: justify;\"><em>Nesse encontro tamb\u00e9m eram convidadas as entidades B\u00edblica, entre elas o CEBI, Centro Verbo, a FEBIC-LAC e a CRB\/Nacional, que tinha o projeto \u201cTua Palavra \u00e9 vida\u201d, juntamente com a CLAR e nessa equipe tamb\u00e9m havia uma irm\u00e3 paulina. Essa equipe se chamava GREBI (Grupo de Reflex\u00e3o B\u00edblica). Em 1998, SAB\/Paulinas, come\u00e7a a sentir a dificuldade dado que o investimento econ\u00f4mico era grande e porque j\u00e1 havia uma dimens\u00e3o destinada a B\u00edblia com a Catequese, assim, ap\u00f3s 11 anos (1989-1998) \u00e9 desfeita essa parceria.<\/em><\/p>\n<p style=\"text-align: justify;\"><em>Em 1999, surge o GREBIN (Grupo de Reflex\u00e3o B\u00edblica Nacional), formado pelos respons\u00e1veis pelas entidades, pelas editoras cat\u00f3licas, que produziam material b\u00edblico e pelos assessores da Dimens\u00e3o III, com os bispos respons\u00e1veis. Em 1996, surge o projeto \u201cRumo ao Novo Mil\u00eanio\u201d e a CNBB come\u00e7a a produzir o subs\u00eddio do \u201cM\u00eas da B\u00edblia\u201d, dado que at\u00e9 ent\u00e3o era produzido pelo SAB\/Paulinas. Ap\u00f3s v\u00e1rias tentativas de unifica\u00e7\u00e3o do material das diversas entidades, em 2011, ficou combinado que cada entidade e editora produziria o seu material, por\u00e9m que houvesse em conjunto o tema, o lema e o selo do M\u00eas da B\u00edblia produzido por Jos\u00e9 Antonio Pinheiros Filho do MOBON (Movimento da Boa-Nova).<\/em><\/p>\n<p style=\"text-align: justify;\"><em>Surge um novo grupo na CNBB, com a unifica\u00e7\u00e3o do grupo de reflex\u00e3o da Catequese e da B\u00edblia, no qual seriam convidados biblistas da participar de grupo e assim n\u00e3o houve mais a participa\u00e7\u00e3o de irm\u00e3s Paulinas.<\/em><\/p>\n<h5 style=\"text-align: justify;\"><strong>Como \u00e9 desenvolvido hoje o Servi\u00e7o de Anima\u00e7\u00e3o B\u00edblica das Paulinas?<\/strong><\/h5>\n<p style=\"text-align: justify;\"><em>O SAB\/ Paulinas continua com suas atividades ligadas a B\u00edblia, tendo como seu carro chefe o \u201cM\u00eas da B\u00edblia\u201d, por ser uma atividade gerada no seu ventre. Al\u00e9m de cursos diversos, promovemos a leitura orante, cursos EAD sobre o M\u00eas da B\u00edblia, artigos na nossa revista Fam\u00edlia Crist\u00e3, o chamado \u201cDicas B\u00edblicas\u201d para o site do SAB, temos o aplicativo \u201cComece o dia feliz\u201d que tamb\u00e9m \u00e9 feito por Paulinas, com coment\u00e1rios e leitura orante das leituras da liturgia da semana, temos o R\u00e1dio WEB, que tamb\u00e9m d\u00e1 um espa\u00e7o para o \u201cM\u00eas da B\u00edblia\u201d, al\u00e9m de produzir com o grupo Xem\u00e1 (com mais de 40 anos de exist\u00eancia) o subs\u00eddio do M\u00eas da B\u00edblia e um coment\u00e1rio para o aprofundamento e v\u00eddeos sobre o tema desde 2017, sendo disponibilizados pelos sites de Paulinas e os canais de Youtube, facebook, instagran e outros.<\/em><\/p>\n<p style=\"text-align: justify;\"><em>O SAB\/Paulinas est\u00e1 lan\u00e7ando um livro sobre o hist\u00f3rico do M\u00eas da B\u00edblia, intitulado \u201cM\u00eas da B\u00edblia: mem\u00f3ria, desafios e perspectivas\u201d, sendo a primeira parte o hist\u00f3rico (escrita por mim; irm\u00e3 Rosana Pulga; irm\u00e3o Neli Manfio e Edinaldo Medina, a segunda se\u00e7\u00e3o, temos a parte teol\u00f3gica, com artigos de Carlos Mesters e Orofino (interpreta\u00e7\u00e3o popular da B\u00edblia e o M\u00eas da B\u00edblia); Jaldemir Vit\u00f3rio (pastorais sociais e a B\u00edblia), Gruen (B\u00edblia e catequese: orienta\u00e7\u00f5es de como ler a B\u00edblia), Danilo Lima e M\u00e1rcio Pimentel, da Arquidiocese de Belo Horizonte, falando sobre B\u00edblia e liturgia; padre Manoel Godoy abordando o tema do M\u00eas da B\u00edblia e as Comunidades; Arag\u00e3o de Recife, falando sobre a B\u00edblia e a Religiosidade Popular, padre Joachin Andrade (verbista), com o tema \u201cB\u00edblia e interculturalidade\u201d; o dom Vicente Ferreira, apresentando os desafios e as perspectivas do \u201cProclamar a Palavra\u201d na Igreja do Brasil. Na terceira parte, h\u00e1 alguns testemunhos.<\/em><\/p>\n<p style=\"text-align: justify;\"><em>Carregamos essa iniciativa em nosso cora\u00e7\u00e3o, mas o importante \u00e9 que a Palavra de Deus possa ser sempre mais amada, conhecida e vivida e que realmente possamos criar uma sociedade mais justa e solid\u00e1ria.\u00a0<\/em><\/p>\n<p style=\"text-align: justify;\">\n<pre>Foto de capa: Ramom Lisboa\/EM\/DA Press<\/pre>\n","protected":false},"excerpt":{"rendered":"<p>Em sintonia com a\u00a0Semana B\u00edblica Nacional, promovida pela Comiss\u00e3o para a Anima\u00e7\u00e3o B\u00edblico-Catequ\u00e9tica da Confer\u00eancia Nacional dos Bispos do Brasil (CNBB), cujo objetivo \u00e9 marcar o in\u00edcio da celebra\u00e7\u00e3o do\u00a0jubileu de ouro do M\u00eas da B\u00edblia, o portal da CNBB conversou com a irm\u00e3 paulina Zuleica Aparecida Silvano. Ela falou sobre como se deu o [&hellip;]<\/p>\n","protected":false},"author":1,"featured_media":67914,"comment_status":"open","ping_status":"closed","sticky":false,"template":"","format":"standard","meta":{"footnotes":""},"categories":[7,13],"tags":[],"class_list":["post-67913","post","type-post","status-publish","format-standard","has-post-thumbnail","hentry","category-cnbb","category-featured"],"_links":{"self":[{"href":"https:\/\/catolicanet.net\/wp-cnet\/wp-json\/wp\/v2\/posts\/67913","targetHints":{"allow":["GET"]}}],"collection":[{"href":"https:\/\/catolicanet.net\/wp-cnet\/wp-json\/wp\/v2\/posts"}],"about":[{"href":"https:\/\/catolicanet.net\/wp-cnet\/wp-json\/wp\/v2\/types\/post"}],"author":[{"embeddable":true,"href":"https:\/\/catolicanet.net\/wp-cnet\/wp-json\/wp\/v2\/users\/1"}],"replies":[{"embeddable":true,"href":"https:\/\/catolicanet.net\/wp-cnet\/wp-json\/wp\/v2\/comments?post=67913"}],"version-history":[{"count":1,"href":"https:\/\/catolicanet.net\/wp-cnet\/wp-json\/wp\/v2\/posts\/67913\/revisions"}],"predecessor-version":[{"id":67915,"href":"https:\/\/catolicanet.net\/wp-cnet\/wp-json\/wp\/v2\/posts\/67913\/revisions\/67915"}],"wp:featuredmedia":[{"embeddable":true,"href":"https:\/\/catolicanet.net\/wp-cnet\/wp-json\/wp\/v2\/media\/67914"}],"wp:attachment":[{"href":"https:\/\/catolicanet.net\/wp-cnet\/wp-json\/wp\/v2\/media?parent=67913"}],"wp:term":[{"taxonomy":"category","embeddable":true,"href":"https:\/\/catolicanet.net\/wp-cnet\/wp-json\/wp\/v2\/categories?post=67913"},{"taxonomy":"post_tag","embeddable":true,"href":"https:\/\/catolicanet.net\/wp-cnet\/wp-json\/wp\/v2\/tags?post=67913"}],"curies":[{"name":"wp","href":"https:\/\/api.w.org\/{rel}","templated":true}]}}