{"id":67891,"date":"2021-06-07T10:34:50","date_gmt":"2021-06-07T13:34:50","guid":{"rendered":"https:\/\/catolicanet.net\/wp-cnet\/?p=67891"},"modified":"2021-06-07T18:38:26","modified_gmt":"2021-06-07T21:38:26","slug":"o-ministerio-dos-catequistas","status":"publish","type":"post","link":"https:\/\/catolicanet.net\/wp-cnet\/o-ministerio-dos-catequistas\/","title":{"rendered":"O MINIST\u00c9RIO DOS CATEQUISTAS"},"content":{"rendered":"<p style=\"text-align: justify;\">Chama-se \u201cAntiquum ministerium\u201d (Minist\u00e9rio antigo) o <em>motu proprio<\/em> com o qual, o Santo Padre, o Papa Francisco instituiu o Minist\u00e9rio de Catequista. Esse Documento foi apresentado no dia 10 de maio p.p., mem\u00f3ria lit\u00fargica de S\u00e3o Jo\u00e3o de \u00c1vila (1499-1569), catequista, te\u00f3logo, presb\u00edtero e doutor da Igreja que, em 1554 produziu o texto do Catecismo dividido em quatro partes.<\/p>\n<p style=\"text-align: justify;\">Esse minist\u00e9rio se junta, \u00e0queles do leitorado e acolitado, que com o <em>motu proprio Spiritus Domini<\/em>, de 10 de janeiro de 2021, e que dantes eram reservados a homens, sobretudo aos que receberiam o Sacramento da Ordem, em um dos seus tr\u00eas graus, foi modificado pelo Papa Francisco dando tamb\u00e9m acesso para as pessoas do sexo feminino que tamb\u00e9m poder\u00e3o ser institu\u00eddas nos minist\u00e9rios do leitorado e do acolitado.<\/p>\n<p style=\"text-align: justify;\">Esse documento chega \u00e0 lume depois de anos de trabalho. S\u00e3o Paulo VI j\u00e1 tinha exprimido o desejo de que a fun\u00e7\u00e3o de Catequista se tornasse um verdadeiro e pr\u00f3prio minist\u00e9rio, desse modo, transcorreu mais de 50 anos para que a Igreja chegasse a reconhecer que o servi\u00e7o realizado por tantos homens e mulheres com o seu empenho catequ\u00edstico constitu\u00edsse realmente um minist\u00e9rio peculiar para o crescimento da comunidade crist\u00e3.<\/p>\n<p style=\"text-align: justify;\">Na institui\u00e7\u00e3o deste Minist\u00e9rio, indica-se no <em>motu proprio <\/em>que \u201cdesde os seus prim\u00f3rdios, a comunidade crist\u00e3 conheceu uma forma difusa de ministerialidade, concretizada no servi\u00e7o de homens e mulheres que, obedientes \u00e0 a\u00e7\u00e3o do Esp\u00edrito Santo, dedicaram a sua vida \u00e0 edifica\u00e7\u00e3o da Igreja. Os carismas, que o Esp\u00edrito nunca deixou de infundir nos batizados, tomaram em certos momentos uma forma vis\u00edvel e palp\u00e1vel de servi\u00e7o \u00e0 comunidade crist\u00e3 nas suas m\u00faltiplas express\u00f5es, chegando ao ponto de ser reconhecido como uma diaconia indispens\u00e1vel para a comunidade\u201d.<\/p>\n<p style=\"text-align: justify;\">O Minist\u00e9rio do Catequista sendo um servi\u00e7o ao Evangelho e \u00e0 Igreja, o \u00a0Novo Testamento reconhece com evid\u00eancia a presen\u00e7a dos batizados no minist\u00e9rio de \u201cde transmitir, de forma mais org\u00e2nica, permanente e associada com as v\u00e1rias circunst\u00e2ncias da vida, o ensinamento dos ap\u00f3stolos e dos evangelistas. A Igreja quis reconhecer este servi\u00e7o como express\u00e3o concreta do carisma pessoal, que tanto favoreceu o exerc\u00edcio da sua miss\u00e3o evangelizadora\u201d. Recordando tamb\u00e9m o Papa \u201ca multid\u00e3o incont\u00e1vel de leigos e leigas que tomaram parte, diretamente, na difus\u00e3o do Evangelho atrav\u00e9s do ensino catequ\u00edstico. Homens e mulheres, animados por uma grande f\u00e9 e verdadeiras testemunhas de santidade\u201d: em alguns casos fundaram Igrejas e doaram a vida. Ainda hoje \u201cmuitos catequistas competentes e perseverantes que est\u00e3o \u00e0 frente de comunidades em diferentes regi\u00f5es, realizando uma miss\u00e3o insubstitu\u00edvel na transmiss\u00e3o e aprofundamento da f\u00e9\u201d.<\/p>\n<p style=\"text-align: justify;\">Juntando \u00e0 fidelidade ao passado e a responsabilidade do presente, percebemos que depois do Conc\u00edlio Ecum\u00eanico Vaticano II os leigos e leigas \u201cem for\u00e7a do Batismo s\u00e3o chamados a colaborar na catequese\u201d, presen\u00e7a hoje cada vez mais urgente \u00a0para a \u201cevangeliza\u00e7\u00e3o no mundo contempor\u00e2neo e \u00e0 imposi\u00e7\u00e3o de uma cultura globalizada, que requer um encontro aut\u00eantico com as jovens gera\u00e7\u00f5es, sem esquecer a exig\u00eancia de metodologias e instrumentos criativos que tornem o an\u00fancio do Evangelho coerente com a transforma\u00e7\u00e3o mission\u00e1ria que a Igreja abra\u00e7ou. Fidelidade ao passado e responsabilidade pelo presente s\u00e3o as condi\u00e7\u00f5es indispens\u00e1veis para que a Igreja possa desempenhar a sua miss\u00e3o no mundo\u201d.<\/p>\n<p style=\"text-align: justify;\">Ao falar da \u201cfun\u00e7\u00e3o peculiar do catequista\u201d o Santo Padre reafirma o seu chamado \u201ca exprimir a sua compet\u00eancia no servi\u00e7o pastoral da transmiss\u00e3o da f\u00e9 que se desenvolve nas suas diferentes etapas: desde o primeiro an\u00fancio que introduz no querigma, passando pela instru\u00e7\u00e3o que torna conscientes da vida nova em Cristo e prepara de modo particular para os sacramentos da inicia\u00e7\u00e3o crist\u00e3, at\u00e9 \u00e0 forma\u00e7\u00e3o permanente que consente que cada batizado esteja sempre pronto \u201ca dar a raz\u00e3o da sua esperan\u00e7a a todo aquele que a pe\u00e7a\u201d (cf. 1Pd 3,15)&#8230; testemunha da f\u00e9, mestre e mistagogo, acompanhante e pedagogo que instrui em nome da Igreja\u201d. Identidade que se desenvolve mediante a ora\u00e7\u00e3o, o estudo e a participa\u00e7\u00e3o na vida da comunidade.<\/p>\n<p style=\"text-align: justify;\">Os requisitos fundamentais para este minist\u00e9rio s\u00e3o elencados pelo <em>motu proprio<\/em>: \u201chomens e mulheres de f\u00e9 profunda e maturidade humana, que tenham uma participa\u00e7\u00e3o ativa na vida da comunidade crist\u00e3, sejam capazes de acolhimento, generosidade e vida de comunh\u00e3o fraterna, recebam a devida forma\u00e7\u00e3o b\u00edblica, teol\u00f3gica, pastoral e pedag\u00f3gica, para ser sol\u00edcitos comunicadores da verdade da f\u00e9, e tenham j\u00e1 maturado uma pr\u00e9via experi\u00eancia de catequese; colaboradores fi\u00e9is dos presb\u00edteros e di\u00e1conos, dispon\u00edveis para exercer o minist\u00e9rio onde for necess\u00e1rio e animados por verdadeiro entusiasmo apost\u00f3lico\u201d.<\/p>\n<p style=\"text-align: justify;\">A Congrega\u00e7\u00e3o para o Culto Divino e a Disciplina dos Sacramentos publicar\u00e1, posteriormente, o \u201cRito de Institui\u00e7\u00e3o do Minist\u00e9rio Laical de Catequista\u201d. Rito que ser\u00e1 utilizado pelo Bispo porque \u201co Catequista est\u00e1 a servi\u00e7o do Bispo e da Diocese\u201d, sendo regulamentado por cada Confer\u00eancia Episcopal a forma\u00e7\u00e3o, as normas para a institui\u00e7\u00e3o e as formas de servi\u00e7o do que forem institu\u00eddos.<\/p>\n<p style=\"text-align: justify;\">Instituir um minist\u00e9rio, por parte da Igreja, na realidade equivale a estabelecer que a pessoa investida daquele carisma realiza um aut\u00eantico servi\u00e7o eclesial \u00e0 comunidade.<\/p>\n","protected":false},"excerpt":{"rendered":"<p>Chama-se \u201cAntiquum ministerium\u201d (Minist\u00e9rio antigo) o motu proprio com o qual, o Santo Padre, o Papa Francisco instituiu o Minist\u00e9rio de Catequista. Esse Documento foi apresentado no dia 10 de maio p.p., mem\u00f3ria lit\u00fargica de S\u00e3o Jo\u00e3o de \u00c1vila (1499-1569), catequista, te\u00f3logo, presb\u00edtero e doutor da Igreja que, em 1554 produziu o texto do Catecismo [&hellip;]<\/p>\n","protected":false},"author":5,"featured_media":55819,"comment_status":"open","ping_status":"closed","sticky":false,"template":"","format":"standard","meta":{"footnotes":""},"categories":[9],"tags":[],"class_list":["post-67891","post","type-post","status-publish","format-standard","has-post-thumbnail","hentry","category-artigos"],"_links":{"self":[{"href":"https:\/\/catolicanet.net\/wp-cnet\/wp-json\/wp\/v2\/posts\/67891","targetHints":{"allow":["GET"]}}],"collection":[{"href":"https:\/\/catolicanet.net\/wp-cnet\/wp-json\/wp\/v2\/posts"}],"about":[{"href":"https:\/\/catolicanet.net\/wp-cnet\/wp-json\/wp\/v2\/types\/post"}],"author":[{"embeddable":true,"href":"https:\/\/catolicanet.net\/wp-cnet\/wp-json\/wp\/v2\/users\/5"}],"replies":[{"embeddable":true,"href":"https:\/\/catolicanet.net\/wp-cnet\/wp-json\/wp\/v2\/comments?post=67891"}],"version-history":[{"count":1,"href":"https:\/\/catolicanet.net\/wp-cnet\/wp-json\/wp\/v2\/posts\/67891\/revisions"}],"predecessor-version":[{"id":67892,"href":"https:\/\/catolicanet.net\/wp-cnet\/wp-json\/wp\/v2\/posts\/67891\/revisions\/67892"}],"wp:featuredmedia":[{"embeddable":true,"href":"https:\/\/catolicanet.net\/wp-cnet\/wp-json\/wp\/v2\/media\/55819"}],"wp:attachment":[{"href":"https:\/\/catolicanet.net\/wp-cnet\/wp-json\/wp\/v2\/media?parent=67891"}],"wp:term":[{"taxonomy":"category","embeddable":true,"href":"https:\/\/catolicanet.net\/wp-cnet\/wp-json\/wp\/v2\/categories?post=67891"},{"taxonomy":"post_tag","embeddable":true,"href":"https:\/\/catolicanet.net\/wp-cnet\/wp-json\/wp\/v2\/tags?post=67891"}],"curies":[{"name":"wp","href":"https:\/\/api.w.org\/{rel}","templated":true}]}}