{"id":67887,"date":"2021-06-07T10:10:12","date_gmt":"2021-06-07T13:10:12","guid":{"rendered":"https:\/\/catolicanet.net\/wp-cnet\/?p=67887"},"modified":"2021-06-07T17:59:04","modified_gmt":"2021-06-07T20:59:04","slug":"acao-na-pandemia","status":"publish","type":"post","link":"https:\/\/catolicanet.net\/wp-cnet\/acao-na-pandemia\/","title":{"rendered":"A\u00e7\u00e3o na pandemia"},"content":{"rendered":"<p style=\"text-align: justify;\">N\u00e3o est\u00e1 f\u00e1cil enfrentar a f\u00faria letal do coronav\u00edrus. A fase de contamina\u00e7\u00e3o desse v\u00edrus ainda continua muito alta. Os n\u00fameros continuam preocupantes, causando muitas interna\u00e7\u00f5es e mortes. Os leitos hospitalares nem sempre s\u00e3o suficientes para acolher a todos. Em determinados momentos, como dizem, pacientes t\u00eam que ser transferidos para outros hospitais em cidades mais pr\u00f3ximas.<\/p>\n<p style=\"text-align: justify;\">Enquanto Igreja, com a responsabilidade de defesa da vida, todos t\u00eam feito seu papel. Muitas par\u00f3quias ficaram longo tempo com missas apenas virtuais. Voltou-se agora \u00e0s atividades presenciais, mas seguindo as exig\u00eancias sanit\u00e1rias de distanciamento, uso de \u00e1lcool Gel, m\u00e1scaras etc. Muitos perderam entes queridos e v\u00e1rios padres morreram por causa da viol\u00eancia da covid-19.<\/p>\n<p style=\"text-align: justify;\">Todas as pessoas precisam ficar preocupadas com esse momento cr\u00edtico da contamina\u00e7\u00e3o e n\u00famero de mortes que est\u00e3o acontecendo em todas as cidades. \u00c9 necess\u00e1rio achar caminhos que paralisem o alto patamar de contamina\u00e7\u00e3o. Ningu\u00e9m pode ficar passivo, com irresponsabilidade no agir pessoal, porque a vida \u00e9 um dom precios\u00edssimo e carece de ser preservada por todos.<\/p>\n<p style=\"text-align: justify;\">Falamos de compromisso das autoridades legitimamente constitu\u00eddas, mas, na verdade, a maior responsabilidade mesmo est\u00e1 em nossas m\u00e3os, na a\u00e7\u00e3o de cada cidad\u00e3o, porque essas normas sanit\u00e1rias existem e muitos n\u00e3o d\u00e3o aten\u00e7\u00e3o ao que deve ser feito para evitar a propaga\u00e7\u00e3o e circula\u00e7\u00e3o do v\u00edrus, como aglomera\u00e7\u00f5es sem uso de m\u00e1scaras, sem distanciamento; as festas etc.<\/p>\n<p style=\"text-align: justify;\">N\u00e3o podemos continuar assistindo passivos a morte de tantas pessoas da comunidade, deixando in\u00fameras fam\u00edlias sofrendo a perda de entes queridos. As pr\u00e1ticas de nossas vidas precisam mudar para evitar que sejamos internados, sedados, intubados e mortos. Do contr\u00e1rio, o v\u00edrus vai tomando novas formas, o sofrimento aumentando e a inseguran\u00e7a afetando o desenvolvimento do pa\u00eds.<\/p>\n<p style=\"text-align: justify;\">A vacina \u00e9 a esperan\u00e7a que ainda nos resta. Ela n\u00e3o \u00e9 milagrosa e n\u00e3o impede a contamina\u00e7\u00e3o, mas constitui o caminho com possibilidade de imuniza\u00e7\u00e3o. Todos devem ser vacinados para diminuir a possibilidade de interna\u00e7\u00e3o e morte. A proje\u00e7\u00e3o diz que s\u00f3 ap\u00f3s 70% das pessoas vacinadas, a pandemia come\u00e7a diminuir e ser controlada no pa\u00eds. Devemos chegar l\u00e1. Seja vacinado na sua hora.<\/p>\n","protected":false},"excerpt":{"rendered":"<p>N\u00e3o est\u00e1 f\u00e1cil enfrentar a f\u00faria letal do coronav\u00edrus. A fase de contamina\u00e7\u00e3o desse v\u00edrus ainda continua muito alta. Os n\u00fameros continuam preocupantes, causando muitas interna\u00e7\u00f5es e mortes. Os leitos hospitalares nem sempre s\u00e3o suficientes para acolher a todos. Em determinados momentos, como dizem, pacientes t\u00eam que ser transferidos para outros hospitais em cidades mais [&hellip;]<\/p>\n","protected":false},"author":11,"featured_media":55820,"comment_status":"open","ping_status":"closed","sticky":false,"template":"","format":"standard","meta":{"footnotes":""},"categories":[9],"tags":[],"class_list":["post-67887","post","type-post","status-publish","format-standard","has-post-thumbnail","hentry","category-artigos"],"_links":{"self":[{"href":"https:\/\/catolicanet.net\/wp-cnet\/wp-json\/wp\/v2\/posts\/67887","targetHints":{"allow":["GET"]}}],"collection":[{"href":"https:\/\/catolicanet.net\/wp-cnet\/wp-json\/wp\/v2\/posts"}],"about":[{"href":"https:\/\/catolicanet.net\/wp-cnet\/wp-json\/wp\/v2\/types\/post"}],"author":[{"embeddable":true,"href":"https:\/\/catolicanet.net\/wp-cnet\/wp-json\/wp\/v2\/users\/11"}],"replies":[{"embeddable":true,"href":"https:\/\/catolicanet.net\/wp-cnet\/wp-json\/wp\/v2\/comments?post=67887"}],"version-history":[{"count":1,"href":"https:\/\/catolicanet.net\/wp-cnet\/wp-json\/wp\/v2\/posts\/67887\/revisions"}],"predecessor-version":[{"id":67888,"href":"https:\/\/catolicanet.net\/wp-cnet\/wp-json\/wp\/v2\/posts\/67887\/revisions\/67888"}],"wp:featuredmedia":[{"embeddable":true,"href":"https:\/\/catolicanet.net\/wp-cnet\/wp-json\/wp\/v2\/media\/55820"}],"wp:attachment":[{"href":"https:\/\/catolicanet.net\/wp-cnet\/wp-json\/wp\/v2\/media?parent=67887"}],"wp:term":[{"taxonomy":"category","embeddable":true,"href":"https:\/\/catolicanet.net\/wp-cnet\/wp-json\/wp\/v2\/categories?post=67887"},{"taxonomy":"post_tag","embeddable":true,"href":"https:\/\/catolicanet.net\/wp-cnet\/wp-json\/wp\/v2\/tags?post=67887"}],"curies":[{"name":"wp","href":"https:\/\/api.w.org\/{rel}","templated":true}]}}