{"id":67880,"date":"2021-06-09T09:53:00","date_gmt":"2021-06-09T12:53:00","guid":{"rendered":"https:\/\/catolicanet.net\/wp-cnet\/?p=67880"},"modified":"2021-06-07T17:00:17","modified_gmt":"2021-06-07T20:00:17","slug":"solenidade-do-sagrado-coracao-de-jesus-3","status":"publish","type":"post","link":"https:\/\/catolicanet.net\/wp-cnet\/solenidade-do-sagrado-coracao-de-jesus-3\/","title":{"rendered":"SOLENIDADE DO SAGRADO CORA\u00c7\u00c3O DE JESUS"},"content":{"rendered":"<p style=\"text-align: center;\"><em>\u201cEu Vos sa\u00fado, \u00f3 Sagrado Cora\u00e7\u00e3o de Jesus, Fonte viva e vivificante de Vida Eterna, Tesouro infinito da Divindade, Fornalha Ardente do Amor de Deus\u2026\u201d (Santa Gertrudes)<\/em><\/p>\n<p style=\"text-align: justify;\">A Solenidade do Sagrado Cora\u00e7\u00e3o de Jesus nos insere na ess\u00eancia do Cristianismo: a pessoa de Jesus Cristo, Filho de Deus e Salvador do Mundo. Celebrar tal Solenidade nos reflete que <em>\u201co mist\u00e9rio do cora\u00e7\u00e3o abre-se atrav\u00e9s das feridas do corpo; abre-se o grande mist\u00e9rio da piedade, abem-se as entranhas de miseric\u00f3rdia do nosso Deus\u201d (S\u00e3o Bernardo).<\/em><\/p>\n<p style=\"text-align: justify;\"><em>\u201cO mist\u00e9rio do Cora\u00e7\u00e3o de Jesus \u00e9 o mist\u00e9rio do homem traspassado. Desde o princ\u00edpio, Deus se fez conhecer como aquele que ama, que escolhe livremente e se une fielmente aos homens\u201d (cf. Missal Dominical \u2013 Missal da Assembleia Crist\u00e3), <\/em>pois<em> \u201cquando Israel era crian\u00e7a, eu j\u00e1 o amava, e desde o Egito chamei meu filho. Eu os atra\u00eda com la\u00e7os de humanidade, com la\u00e7os de amor; era para eles como quem leva uma crian\u00e7a ao colo, e rebaixava-me a dar-lhes de comer. Meu cora\u00e7\u00e3o comove-se no \u00edntimo e arde de compaix\u00e3o\u201d (cf. Os 11,1.4.8c).<\/em><\/p>\n<p style=\"text-align: justify;\">A devo\u00e7\u00e3o ao Sagrado Cora\u00e7\u00e3o de Jesus com S\u00e3o Jo\u00e3o Evangelista ao p\u00e9 da cruz, quando um soldado romano com uma lan\u00e7a atravessou o lado de Jesus. <em>\u201cE de seu cora\u00e7\u00e3o aberto jorrou sangue e \u00e1gua\u201d.<\/em> Dessa maneira Jesus revelou seu amor e sua doa\u00e7\u00e3o por n\u00f3s. O Cora\u00e7\u00e3o de Jesus conhece a fundo a cada um de n\u00f3s e se revela como um cora\u00e7\u00e3o bondoso e misericordioso. Jesus nos diz <em>\u201cvinde a mim v\u00f3s todos que estais aflitos e cansados que vos aliviarei\u201d.<\/em> (http:\/\/aomej.org.br\/sagrado-coracao-de-jesus &#8211; acesso em 06 de junho de 2021).<\/p>\n<p style=\"text-align: justify;\">Ora, conhecer e reconhecer o Amor de Cristo ultrapassa todo o conhecimento e entendimento, por isto para aqueles que os buscam, \u00e9 dado a gra\u00e7a do Esp\u00edrito, pois atrav\u00e9s deste mesmo Esp\u00edrito, que faz habitar Cristo em nossos cora\u00e7\u00f5es e enraizar e fundar-se no amor. Assim, nas palavras de S\u00e3o Paulo: <em>\u201cTereis assim a capacidade de compreender, com todos os santos, qual a largura, o comprimento, a altura, a profundidade, e de conhecer o amor de Cristo, que ultrapassa todo conhecimento, a fim de que sejais cumulados at\u00e9 receber toda a plenitude de Deus\u201d (cf. Ef 3,18-19).<\/em><\/p>\n<p style=\"text-align: justify;\">Santa Margaria Maria Alacoque teve a revela\u00e7\u00e3o do Sagrado Cora\u00e7\u00e3o de Jesus, a qual ela foi uma fiel difusora desta devo\u00e7\u00e3o. A ela, Jesus revela o Tr\u00edplice Plano de Salva\u00e7\u00e3o: <em>\u201cPrimeiro, atrair os cora\u00e7\u00f5es endurecidos dos pecadores e retir\u00e1-los assim do abismo da perdi\u00e7\u00e3o. Dever\u00e3o, depois, expor e venerar a sua imagem, em particular nas primeiras sextas-feiras de cada m\u00eas e consagrar-se a ele com confian\u00e7a. Em troca, afastar\u00e1 deles os castigos merecidos por seus pecados, derramar\u00e1 sobre eles os tesouros incompar\u00e1veis de suas gra\u00e7as e tornar-se-\u00e1 para eles \u2018um lugar de ref\u00fagio, uma fortaleza e um asilo seguro para a vida toda e principalmente na hora da morte\u2019. Reconduzir, depois, as comunidades ao fervor e \u00e0 caridade. Para isso, al\u00e9m do culto da imagem, procurar\u00e3o estes grupos unir-se ao divino Cora\u00e7\u00e3o e lhe imitar as virtudes. O exerc\u00edcio espec\u00edfico de sua devo\u00e7\u00e3o, por\u00e9m, consistir\u00e1 na pr\u00e1tica da caridade fraterna. Enfim, santificar no mais alto grau as almas eleitas que v\u00e3o viver a fundo todas as exig\u00eancias de sua consagra\u00e7\u00e3o ao Sagrado Cora\u00e7\u00e3o: cabal ren\u00fancia a si mesmo, humildade e pureza de inten\u00e7\u00e3o, conformidade \u00e0 vontade divina, confian\u00e7a e abandono, aceita\u00e7\u00e3o amorosa da cruz. Por conseguinte, o Cora\u00e7\u00e3o de Jesus ser\u00e1 para essas almas \u201ca fonte inesgot\u00e1vel de todos os bens e de toda sorte de del\u00edcias\u201d <\/em>(http:\/\/aomej.org.br\/sagrado-coracao-de-jesus &#8211; acesso em 06 de junho de 2021)<em>.<\/em><\/p>\n<p style=\"text-align: justify;\">Portanto, busquemos vivenciar as Gra\u00e7as desta Solenidade do Sagrado Cora\u00e7\u00e3o e que \u201c<em>todas as B\u00ean\u00e7\u00e3os que, do C\u00e9u, a Devo\u00e7\u00e3o ao Sagrado Cora\u00e7\u00e3o de Jesus derrama sobre as almas dos Fi\u00e9is, purificando-os, trazendo-lhes uma grata consola\u00e7\u00e3o celeste e exortando-os a alcan\u00e7ar todas as virtudes, s\u00e3o verdadeiramente inumer\u00e1veis\u201d (Papa Pio XII).<\/em><\/p>\n<p style=\"text-align: justify;\"><em>\u00a0<\/em><\/p>\n<p style=\"text-align: justify;\"><em>Sagrado Cora\u00e7\u00e3o de Jesus, n\u00f3s temos confian\u00e7a em v\u00f3s!<\/em><\/p>\n<p style=\"text-align: justify;\">\n<p style=\"text-align: justify;\">Sauda\u00e7\u00f5es em Cristo!<\/p>\n","protected":false},"excerpt":{"rendered":"<p>\u201cEu Vos sa\u00fado, \u00f3 Sagrado Cora\u00e7\u00e3o de Jesus, Fonte viva e vivificante de Vida Eterna, Tesouro infinito da Divindade, Fornalha Ardente do Amor de Deus\u2026\u201d (Santa Gertrudes) A Solenidade do Sagrado Cora\u00e7\u00e3o de Jesus nos insere na ess\u00eancia do Cristianismo: a pessoa de Jesus Cristo, Filho de Deus e Salvador do Mundo. Celebrar tal Solenidade [&hellip;]<\/p>\n","protected":false},"author":10,"featured_media":55817,"comment_status":"open","ping_status":"closed","sticky":false,"template":"","format":"standard","meta":{"footnotes":""},"categories":[9],"tags":[],"class_list":["post-67880","post","type-post","status-publish","format-standard","has-post-thumbnail","hentry","category-artigos"],"_links":{"self":[{"href":"https:\/\/catolicanet.net\/wp-cnet\/wp-json\/wp\/v2\/posts\/67880","targetHints":{"allow":["GET"]}}],"collection":[{"href":"https:\/\/catolicanet.net\/wp-cnet\/wp-json\/wp\/v2\/posts"}],"about":[{"href":"https:\/\/catolicanet.net\/wp-cnet\/wp-json\/wp\/v2\/types\/post"}],"author":[{"embeddable":true,"href":"https:\/\/catolicanet.net\/wp-cnet\/wp-json\/wp\/v2\/users\/10"}],"replies":[{"embeddable":true,"href":"https:\/\/catolicanet.net\/wp-cnet\/wp-json\/wp\/v2\/comments?post=67880"}],"version-history":[{"count":2,"href":"https:\/\/catolicanet.net\/wp-cnet\/wp-json\/wp\/v2\/posts\/67880\/revisions"}],"predecessor-version":[{"id":67882,"href":"https:\/\/catolicanet.net\/wp-cnet\/wp-json\/wp\/v2\/posts\/67880\/revisions\/67882"}],"wp:featuredmedia":[{"embeddable":true,"href":"https:\/\/catolicanet.net\/wp-cnet\/wp-json\/wp\/v2\/media\/55817"}],"wp:attachment":[{"href":"https:\/\/catolicanet.net\/wp-cnet\/wp-json\/wp\/v2\/media?parent=67880"}],"wp:term":[{"taxonomy":"category","embeddable":true,"href":"https:\/\/catolicanet.net\/wp-cnet\/wp-json\/wp\/v2\/categories?post=67880"},{"taxonomy":"post_tag","embeddable":true,"href":"https:\/\/catolicanet.net\/wp-cnet\/wp-json\/wp\/v2\/tags?post=67880"}],"curies":[{"name":"wp","href":"https:\/\/api.w.org\/{rel}","templated":true}]}}