{"id":67872,"date":"2021-06-03T09:51:48","date_gmt":"2021-06-03T12:51:48","guid":{"rendered":"https:\/\/catolicanet.net\/wp-cnet\/?p=67872"},"modified":"2021-06-04T14:52:59","modified_gmt":"2021-06-04T17:52:59","slug":"solenidade-de-corpus-christi-5","status":"publish","type":"post","link":"https:\/\/catolicanet.net\/wp-cnet\/solenidade-de-corpus-christi-5\/","title":{"rendered":"Solenidade de Corpus Christi"},"content":{"rendered":"<p style=\"text-align: justify;\">\u00a0\u00a0\u00a0\u00a0\u00a0\u00a0\u00a0\u00a0 A Festa de \u201cCorpus Christi\u201d \u00e9 a celebra\u00e7\u00e3o em que solenemente a Igreja comemora o Sant\u00edssimo Sacramento da Eucaristia; sendo o \u00fanico dia do ano que o Sant\u00edssimo Sacramento sai em prociss\u00e3o \u00e0s nossas ruas. Nesta festa os fi\u00e9is agradecem e louvam a Deus pelo inestim\u00e1vel dom da Eucaristia, na qual o pr\u00f3prio Senhor se faz presente como alimento e rem\u00e9dio de nossa alma. A Eucaristia \u00e9 fonte e centro de toda a vida crist\u00e3. Nela est\u00e1 contido todo o tesouro espiritual da Igreja, o pr\u00f3prio Cristo.<\/p>\n<p style=\"text-align: justify;\">\u00a0\u00a0\u00a0\u00a0\u00a0\u00a0\u00a0\u00a0 A Festa de Corpus Christi\u00a0surgiu no s\u00e9c. XIII, na diocese de Li\u00e9ge, na B\u00e9lgica, por iniciativa da freira Juliana de Mont Cornillon, (\u20201258) que recebia vis\u00f5es nas quais o pr\u00f3prio Jesus lhe pedia uma festa lit\u00fargica anual em honra da Sagrada Eucaristia.<\/p>\n<p style=\"text-align: justify;\">\u00a0\u00a0\u00a0\u00a0\u00a0\u00a0\u00a0\u00a0 Aconteceu que quando o padre Pedro de Praga, da Bo\u00eamia, celebrou uma Missa na cripta de Santa Cristina, em Bolsena, It\u00e1lia, ocorreu um milagre eucar\u00edstico: da h\u00f3stia consagrada come\u00e7aram a cair gotas de sangue sobre o corporal ap\u00f3s a consagra\u00e7\u00e3o. Dizem\u00a0que isto ocorreu porque o padre teria duvidado da presen\u00e7a real de Cristo na Eucaristia.<\/p>\n<p style=\"text-align: justify;\">\u00a0\u00a0\u00a0\u00a0\u00a0\u00a0\u00a0\u00a0 O Papa Urbano IV (1262-1264), que residia em Orvieto, cidade pr\u00f3xima de Bolsena, onde vivia S. Tom\u00e1s de Aquino, ordenou ao Bispo Giacomo que levasse as rel\u00edquias de Bolsena a Orvieto. Isso foi feito em prociss\u00e3o. Quando o Papa encontrou a Prociss\u00e3o na entrada de Orvieto, pronunciou diante da rel\u00edquia eucar\u00edstica as palavras: \u201cCorpus Christi\u201d.<\/p>\n<p style=\"text-align: justify;\">\u00a0\u00a0\u00a0\u00a0\u00a0\u00a0\u00a0\u00a0 Em 11\/08\/1264 o Papa aprovou a Bula \u201cTransiturus de mundo\u201d, onde\u00a0prescreveu que na 5\u00aa feira ap\u00f3s a oitava de Pentecostes, fosse oficialmente celebrada a festa em honra do Corpo do Senhor. S\u00e3o Tom\u00e1s de Aquino foi encarregado pelo Papa para compor o Of\u00edcio da celebra\u00e7\u00e3o.\u00a0 Em 1290 foi constru\u00edda a bel\u00edssima Catedral de Orvieto, em pedras pretas e brancas, chamada de\u00a0\u201cL\u00edrio das Catedrais\u201d. Antes disso, em 1247, realizou-se a primeira prociss\u00e3o eucar\u00edstica pelas ruas de Li\u00e9ge, como festa diocesana, tornando-se depois uma festa lit\u00fargica celebrada em toda a B\u00e9lgica, e depois, ent\u00e3o, em todo o mundo no s\u00e9c. XIV, quando o Papa Clemente V confirmou a Bula de Urbano IV, tornando a Festa da Eucaristia um dever can\u00f4nico mundial.<\/p>\n<p style=\"text-align: justify;\">\u00a0\u00a0\u00a0\u00a0\u00a0\u00a0\u00a0\u00a0 Em 1317, o Papa Jo\u00e3o XXII publicou na Constitui\u00e7\u00e3o Clementina o dever de se levar a Eucaristia em prociss\u00e3o pelas vias p\u00fablicas. A partir da oficializa\u00e7\u00e3o, a Festa de Corpus Christi passou a ser celebrada todos os anos na primeira quinta-feira ap\u00f3s o domingo da Sant\u00edssima Trindade. Todo cat\u00f3lico deve participar dessa Prociss\u00e3o por ser a mais importante de todas que acontecem durante o ano, pois \u00e9 a \u00fanica onde o pr\u00f3prio Senhor sai \u00e0s ruas para aben\u00e7oar as pessoas, as fam\u00edlias e a cidade. Em muitos lugares criou-se o belo costume de enfeitar as casas com orat\u00f3rios e flores e as ruas com tapetes ornamentados, tudo em honra do Senhor que vem visitar o seu povo.<\/p>\n<p style=\"text-align: justify;\">\u00a0\u00a0\u00a0\u00a0\u00a0\u00a0\u00a0\u00a0 Come\u00e7aram assim as grandes prociss\u00f5es eucar\u00edsticas, as adora\u00e7\u00f5es solenes, a B\u00ean\u00e7\u00e3o\u00a0com o Sant\u00edssimo\u00a0no ostens\u00f3rio por entre\u00a0c\u00e2nticos. Surgiram tamb\u00e9m os Congressos Eucar\u00edsticos, as Quarenta Horas de Adora\u00e7\u00e3o e in\u00fameras outras homenagens a Jesus na Eucaristia. Muitos se converteram e todo o mundo cat\u00f3lico.<\/p>\n<p style=\"text-align: justify;\">\u00a0\u00a0\u00a0\u00a0\u00a0\u00a0\u00a0\u00a0 Na festa de Corpus Christi, a Igreja revive o mist\u00e9rio da Quinta-Feira Santa \u00e0 luz da Ressurrei\u00e7\u00e3o. Tamb\u00e9m a Quinta-Feira Santa conhece a prociss\u00e3o eucar\u00edstica, com a qual a Igreja repete o \u00eaxodo de Jesus do Cen\u00e1culo para o monte das Oliveiras. Jesus, naquela noite, sai e entrega-se ao traidor, ao exterminador e, precisamente assim, vence a noite, vence as trevas do mal. S\u00f3 desta forma, o dom da Eucaristia, institu\u00edda no Cen\u00e1culo, encontra o seu cumprimento: Jesus entrega realmente o seu corpo e o seu sangue. Atravessando o limiar da morte, torna-se p\u00e3o vivo, verdadeiro man\u00e1, alimento inexaur\u00edvel para todos os s\u00e9culos. A carne torna-se p\u00e3o de vida.<\/p>\n<p style=\"text-align: justify;\">\u00a0\u00a0\u00a0\u00a0\u00a0\u00a0\u00a0\u00a0 Na prociss\u00e3o da Quinta-Feira Santa, a Igreja acompanha Jesus ao monte das Oliveiras: a Igreja, orante, sente um desejo profundo de vigiar com Jesus, de n\u00e3o o deixar sozinho na noite do mundo, na noite da trai\u00e7\u00e3o, na noite da indiferen\u00e7a de muitos. Na festa de Corpus Christi, retomamos esta prociss\u00e3o, mas na alegria da Ressurrei\u00e7\u00e3o. O Senhor ressuscitou e precedeu-nos. A prociss\u00e3o da Quinta-Feira Santa acompanhou Jesus na sua solid\u00e3o, rumo \u00e0 \u201cvia crucis\u201d. A prociss\u00e3o de Corpus Christi, ao contr\u00e1rio, responde de maneira simb\u00f3lica ao mandamento do Ressuscitado: precedo-vos na Galileia. Ide at\u00e9 aos confins do mundo, levai o Evangelho a todas as na\u00e7\u00f5es. Sem d\u00favida, para a f\u00e9, a Eucaristia \u00e9 um mist\u00e9rio de intimidade.<\/p>\n<p style=\"text-align: justify;\">\u00a0\u00a0\u00a0\u00a0\u00a0\u00a0\u00a0\u00a0 O Senhor instituiu o Sacramento no Cen\u00e1culo, circundado pela sua nova fam\u00edlia, pelos doze ap\u00f3stolos, prefigura\u00e7\u00e3o e antecipa\u00e7\u00e3o da Igreja de todos os tempos. Neste Sacramento, o Senhor est\u00e1 sempre a caminho no mundo. Este aspecto universal da presen\u00e7a eucar\u00edstica sobressai na prociss\u00e3o da nossa festa. N\u00f3s levamos Cristo, presente na figura do p\u00e3o, pelas estradas da nossa cidade. N\u00f3s confiamos estas estradas, estas casas a nossa vida quotidiana \u00e0 sua bondade. Que as nossas estradas sejam de Jesus! Que as nossas casas sejam para Ele e com Ele! A nossa vida de todos os dias esteja penetrada da sua presen\u00e7a. Com este gesto, colocamos sob o seu olhar os sofrimentos dos doentes, a solid\u00e3o dos jovens e dos idosos, as tenta\u00e7\u00f5es, os receios toda a nossa vida. A prociss\u00e3o pretende ser uma b\u00ean\u00e7\u00e3o grande e p\u00fablica para a nossa cidade: Cristo \u00e9, em pessoa, a b\u00ean\u00e7\u00e3o divina para o mundo o raio da sua b\u00ean\u00e7\u00e3o abranja todos n\u00f3s!<\/p>\n","protected":false},"excerpt":{"rendered":"<p>\u00a0\u00a0\u00a0\u00a0\u00a0\u00a0\u00a0\u00a0 A Festa de \u201cCorpus Christi\u201d \u00e9 a celebra\u00e7\u00e3o em que solenemente a Igreja comemora o Sant\u00edssimo Sacramento da Eucaristia; sendo o \u00fanico dia do ano que o Sant\u00edssimo Sacramento sai em prociss\u00e3o \u00e0s nossas ruas. Nesta festa os fi\u00e9is agradecem e louvam a Deus pelo inestim\u00e1vel dom da Eucaristia, na qual o pr\u00f3prio Senhor [&hellip;]<\/p>\n","protected":false},"author":5,"featured_media":55819,"comment_status":"open","ping_status":"closed","sticky":false,"template":"","format":"standard","meta":{"footnotes":""},"categories":[9],"tags":[],"class_list":["post-67872","post","type-post","status-publish","format-standard","has-post-thumbnail","hentry","category-artigos"],"_links":{"self":[{"href":"https:\/\/catolicanet.net\/wp-cnet\/wp-json\/wp\/v2\/posts\/67872","targetHints":{"allow":["GET"]}}],"collection":[{"href":"https:\/\/catolicanet.net\/wp-cnet\/wp-json\/wp\/v2\/posts"}],"about":[{"href":"https:\/\/catolicanet.net\/wp-cnet\/wp-json\/wp\/v2\/types\/post"}],"author":[{"embeddable":true,"href":"https:\/\/catolicanet.net\/wp-cnet\/wp-json\/wp\/v2\/users\/5"}],"replies":[{"embeddable":true,"href":"https:\/\/catolicanet.net\/wp-cnet\/wp-json\/wp\/v2\/comments?post=67872"}],"version-history":[{"count":1,"href":"https:\/\/catolicanet.net\/wp-cnet\/wp-json\/wp\/v2\/posts\/67872\/revisions"}],"predecessor-version":[{"id":67873,"href":"https:\/\/catolicanet.net\/wp-cnet\/wp-json\/wp\/v2\/posts\/67872\/revisions\/67873"}],"wp:featuredmedia":[{"embeddable":true,"href":"https:\/\/catolicanet.net\/wp-cnet\/wp-json\/wp\/v2\/media\/55819"}],"wp:attachment":[{"href":"https:\/\/catolicanet.net\/wp-cnet\/wp-json\/wp\/v2\/media?parent=67872"}],"wp:term":[{"taxonomy":"category","embeddable":true,"href":"https:\/\/catolicanet.net\/wp-cnet\/wp-json\/wp\/v2\/categories?post=67872"},{"taxonomy":"post_tag","embeddable":true,"href":"https:\/\/catolicanet.net\/wp-cnet\/wp-json\/wp\/v2\/tags?post=67872"}],"curies":[{"name":"wp","href":"https:\/\/api.w.org\/{rel}","templated":true}]}}