{"id":67870,"date":"2021-06-03T09:47:08","date_gmt":"2021-06-03T12:47:08","guid":{"rendered":"https:\/\/catolicanet.net\/wp-cnet\/?p=67870"},"modified":"2021-06-04T14:49:49","modified_gmt":"2021-06-04T17:49:49","slug":"solenidade-de-corpus-christi-4","status":"publish","type":"post","link":"https:\/\/catolicanet.net\/wp-cnet\/solenidade-de-corpus-christi-4\/","title":{"rendered":"SOLENIDADE DE CORPUS CHRISTI"},"content":{"rendered":"<p style=\"text-align: justify;\">\u201c<em>O P\u00e3o dos anjos fez-se p\u00e3o dos homens, o p\u00e3o do c\u00e9u p\u00f5e t\u00e9rmino \u00e0s figuras. Oh maravilha: a carne do Senhor dada aos pobres fr\u00e1geis criaturas<\/em>\u201d (<em>Liturgia das Horas, Of\u00edcio de Leituras da Solenidade de Corpus Christi<\/em>).<\/p>\n<p style=\"text-align: justify;\">Celebramos a presen\u00e7a real de Cristo no meio de n\u00f3s, presente no Sacramento da Eucaristia: a Solenidade do Corpo e do Sangue de Nosso Senhor Jesus Cristo.<\/p>\n<p style=\"text-align: justify;\">A Festa de \u201c<em>Corpus Christi<\/em>\u201d \u00e9 a celebra\u00e7\u00e3o em que solenemente a Igreja comemora o Sant\u00edssimo Sacramento da Eucaristia, sendo o \u00fanico dia do ano que o Sant\u00edssimo Sacramento sai em prociss\u00e3o \u00e0s nossas ruas, lembrando que este ano, este gesto ser\u00e1 realizado de maneira diferente, obedecendo \u00e0s normas de seguran\u00e7a sugeridas pelas autoridades de sa\u00fade. \u00a0Nesta festa os fi\u00e9is agradecem e louvam a Deus pelo inestim\u00e1vel dom da Eucaristia, na qual o pr\u00f3prio Senhor se faz presente como alimento e rem\u00e9dio de nossa alma.<\/p>\n<p style=\"text-align: justify;\">A Eucaristia \u00e9 fonte e centro de toda a vida crist\u00e3. Nela est\u00e1 contido todo o tesouro espiritual da Igreja, o pr\u00f3prio Cristo. \u00c9 o alimento que nos fortalece e nos enche de confian\u00e7a, nosso ref\u00fagio seguro em meio a tantas instabilidades e questionamentos estabelecidos na sociedade. Comentando a solenidade de hoje, assim escreve Santo Tom\u00e1s de Aquino: \u201c<em>De fato, nenhum outro sacramento \u00e9 mais salutar que este; nele os pecados s\u00e3o destru\u00eddos, crescem as virtudes e a alma \u00e9 plenamente saciada de todos os dons espirituais. \u00c9 oferecido na Igreja pelos vivos e pelos mortos, para que aproveite a todos o que foi institu\u00eddo para a salva\u00e7\u00e3o de todos. Ningu\u00e9m seria capaz de expressar a suavidade deste sacramento; nele se pode saborear toda a do\u00e7ura espiritual em sua pr\u00f3pria fonte; e torna-se presente a mem\u00f3ria daquele imenso e inef\u00e1vel amor que Cristo demonstrou para conosco em sua Paix\u00e3o.\u201d<\/em><\/p>\n<p style=\"text-align: justify;\">\u00a0\u00a0\u00a0\u00a0\u00a0\u00a0\u00a0\u00a0 Na Solenidade de Corpus Christi, a Igreja revive o mist\u00e9rio da Quinta-feira Santa \u00e0 luz da Ressurrei\u00e7\u00e3o. Na prociss\u00e3o da Quinta-feira Santa, a Igreja acompanha Jesus ao monte das Oliveiras: a Igreja, orante, sente um desejo profundo de vigiar com Jesus, de deixar-se acompanhar por Ele na noite do mundo, na noite da trai\u00e7\u00e3o, na noite da indiferen\u00e7a de muitos. Na festa de Corpus Christi, retomamos esta prociss\u00e3o, mas na alegria da Ressurrei\u00e7\u00e3o. O Senhor ressuscitou e precedeu-nos. A prociss\u00e3o da Quinta-feira Santa acompanhou Jesus na Sua solid\u00e3o, rumo \u00e0 \u201cvia crucis\u201d. A prociss\u00e3o de Corpus Christi, ao contr\u00e1rio, responde de maneira simb\u00f3lica ao mandamento do Ressuscitado: <em>precedo-vos na Galileia. Ide at\u00e9 os confins do mundo, levai o Evangelho a todas as na\u00e7\u00f5es<\/em>. Sem d\u00favida, para a f\u00e9, a Eucaristia \u00e9 um mist\u00e9rio de intimidade.<\/p>\n<p style=\"text-align: justify;\">\u00a0\u00a0\u00a0\u00a0\u00a0\u00a0\u00a0\u00a0 O Senhor instituiu o Sacramento no Cen\u00e1culo, circundado pela Sua nova fam\u00edlia, pelos doze ap\u00f3stolos, prefigura\u00e7\u00e3o e antecipa\u00e7\u00e3o da Igreja de todos os tempos. Neste Sacramento, o Senhor est\u00e1 sempre a caminho no mundo. Esse aspecto universal da presen\u00e7a eucar\u00edstica sobressai na prociss\u00e3o da nossa festa. N\u00f3s levamos Cristo, presente na figura do p\u00e3o, pelas estradas da nossa cidade. N\u00f3s confiamos estas estradas, estas casas, a nossa vida quotidiana \u00e0 Sua bondade. Que as nossas estradas sejam de Jesus! Que as nossas casas sejam para Ele e com Ele! A nossa vida de todos os dias esteja penetrada da Sua presen\u00e7a. Com este gesto, colocamos sob o Seu olhar os sofrimentos dos doentes e de todos os afetados por esta pandemia, a solid\u00e3o dos jovens e dos idosos, as tenta\u00e7\u00f5es, os receios de toda a nossa vida. A prociss\u00e3o pretende ser uma b\u00ean\u00e7\u00e3o grande e p\u00fablica para a nossa cidade: Cristo \u00e9, em pessoa, a b\u00ean\u00e7\u00e3o divina para o mundo; o raio da Sua b\u00ean\u00e7\u00e3o abranja todos n\u00f3s!<\/p>\n<p style=\"text-align: justify;\">\u00a0\u00a0\u00a0\u00a0\u00a0\u00a0\u00a0\u00a0 A Solenidade de Corpus Christi \u00e9 celebra\u00e7\u00e3o agradecida de uma Presen\u00e7a.\u00a0 Nessa festa, a Igreja quer chamar a aten\u00e7\u00e3o de seus filhos para a real presen\u00e7a de Cristo Jesus nas esp\u00e9cies eucar\u00edsticas do p\u00e3o e do vinho consagrados. Sim, nelas o Cristo morto e ressuscitado encontra-Se t\u00e3o verdadeiramente presente que ali j\u00e1 n\u00e3o h\u00e1 mais p\u00e3o, n\u00e3o h\u00e1 mais vinho, mas o Senhor Jesus, Cordeiro glorioso e imolado, no seu estado de eterna imola\u00e7\u00e3o por n\u00f3s.<\/p>\n<p style=\"text-align: justify;\">\u00a0\u00a0\u00a0\u00a0\u00a0\u00a0\u00a0\u00a0 Quando dizemos que o p\u00e3o e o vinho consagrados \u00e9 o pr\u00f3prio Cristo presente com sua hist\u00f3ria, seu amor, seu modo de viver como pobre, como aquele que se entregou totalmente ao Pai por amor de n\u00f3s. O Cristo eucar\u00edstico \u00e9 aquele que \u201c<em>tendo amado os Seus que estavam no mundo, amou-os at\u00e9 o fim<\/em>\u201d (Jo 13,1). Comungar Seu corpo e Seu sangue \u00e9 entrar neste caminho de Jesus, \u00e9 ter em n\u00f3s Seus sentimentos (Fl 2,5), \u00e9 fazer nossas as Suas op\u00e7\u00f5es, fazendo da exist\u00eancia uma vida doada ao Pai e aos irm\u00e3os. Quem comunga as esp\u00e9cies eucar\u00edsticas sem esse compromisso peca gravemente contra o corpo e sangue do Senhor. Afinal, \u201c<em>O c\u00e1lice de b\u00ean\u00e7\u00e3o que aben\u00e7oamos n\u00e3o \u00e9 comunh\u00e3o com o sangue de Cristo? O p\u00e3o que partimos n\u00e3o \u00e9 comunh\u00e3o com o corpo de Cristo\u201d?<\/em> (1Cor 10,16)<\/p>\n<p style=\"text-align: justify;\">\u00a0\u00a0\u00a0\u00a0\u00a0\u00a0\u00a0\u00a0 O culto eucar\u00edstico, cujo momento supremo \u00e9, sem d\u00favida, a celebra\u00e7\u00e3o da Missa, traz a pessoa de Cristo t\u00e3o real e verdadeiramente como est\u00e1 no C\u00e9u, ao simples quotidiano de cada um de n\u00f3s. Abre-nos as portas do Para\u00edso e permite-nos participar, por instantes e de forma imperfeita, naquela liturgia celeste que as bem-aventuradas almas celebram com a Senhora e os Anjos na presen\u00e7a da Trindade.<\/p>\n<p style=\"text-align: justify;\">\u00a0\u00a0\u00a0\u00a0\u00a0\u00a0\u00a0\u00a0 Convido-os a meditar e alegrar-se com o qu\u00e3o grande \u00e9 a celebra\u00e7\u00e3o deste dia. O Senhor Se faz t\u00e3o pequeno para adentrar em nossa vida e em nossos cora\u00e7\u00f5es, para que n\u00f3s, homens e mulheres, nos tornemos semelhantes a Ele. Ser como o Cristo, manso e humilde de cora\u00e7\u00e3o. Na Eucaristia, vemos a grande Kenosis de Jesus. Ele Se faz pequeno para permanecer conosco. Que a presen\u00e7a Viva do Senhor no meio de n\u00f3s seja nosso sustento, nosso modelo e nossa companhia em nossa peregrina\u00e7\u00e3o rumo aos c\u00e9us. Que Maria, Sacr\u00e1rio Vivo de Deus Pai, nos d\u00ea um cora\u00e7\u00e3o adorador aos mist\u00e9rios de Deus.<\/p>\n<p style=\"text-align: justify;\"><em>\u201cSenhor Jesus Cristo, neste admir\u00e1vel sacramento, nos deixastes o memorial da vossa paix\u00e3o. Dai-nos venerar com t\u00e3o grande amor o mist\u00e9rio do vosso Corpo e do vosso Sangue, que possamos colher continuamente os frutos da reden\u00e7\u00e3o\u201d.<\/em><\/p>\n","protected":false},"excerpt":{"rendered":"<p>\u201cO P\u00e3o dos anjos fez-se p\u00e3o dos homens, o p\u00e3o do c\u00e9u p\u00f5e t\u00e9rmino \u00e0s figuras. Oh maravilha: a carne do Senhor dada aos pobres fr\u00e1geis criaturas\u201d (Liturgia das Horas, Of\u00edcio de Leituras da Solenidade de Corpus Christi). Celebramos a presen\u00e7a real de Cristo no meio de n\u00f3s, presente no Sacramento da Eucaristia: a Solenidade [&hellip;]<\/p>\n","protected":false},"author":5,"featured_media":55819,"comment_status":"open","ping_status":"closed","sticky":false,"template":"","format":"standard","meta":{"footnotes":""},"categories":[9],"tags":[],"class_list":["post-67870","post","type-post","status-publish","format-standard","has-post-thumbnail","hentry","category-artigos"],"_links":{"self":[{"href":"https:\/\/catolicanet.net\/wp-cnet\/wp-json\/wp\/v2\/posts\/67870","targetHints":{"allow":["GET"]}}],"collection":[{"href":"https:\/\/catolicanet.net\/wp-cnet\/wp-json\/wp\/v2\/posts"}],"about":[{"href":"https:\/\/catolicanet.net\/wp-cnet\/wp-json\/wp\/v2\/types\/post"}],"author":[{"embeddable":true,"href":"https:\/\/catolicanet.net\/wp-cnet\/wp-json\/wp\/v2\/users\/5"}],"replies":[{"embeddable":true,"href":"https:\/\/catolicanet.net\/wp-cnet\/wp-json\/wp\/v2\/comments?post=67870"}],"version-history":[{"count":1,"href":"https:\/\/catolicanet.net\/wp-cnet\/wp-json\/wp\/v2\/posts\/67870\/revisions"}],"predecessor-version":[{"id":67871,"href":"https:\/\/catolicanet.net\/wp-cnet\/wp-json\/wp\/v2\/posts\/67870\/revisions\/67871"}],"wp:featuredmedia":[{"embeddable":true,"href":"https:\/\/catolicanet.net\/wp-cnet\/wp-json\/wp\/v2\/media\/55819"}],"wp:attachment":[{"href":"https:\/\/catolicanet.net\/wp-cnet\/wp-json\/wp\/v2\/media?parent=67870"}],"wp:term":[{"taxonomy":"category","embeddable":true,"href":"https:\/\/catolicanet.net\/wp-cnet\/wp-json\/wp\/v2\/categories?post=67870"},{"taxonomy":"post_tag","embeddable":true,"href":"https:\/\/catolicanet.net\/wp-cnet\/wp-json\/wp\/v2\/tags?post=67870"}],"curies":[{"name":"wp","href":"https:\/\/api.w.org\/{rel}","templated":true}]}}