{"id":67868,"date":"2021-06-02T09:45:10","date_gmt":"2021-06-02T12:45:10","guid":{"rendered":"https:\/\/catolicanet.net\/wp-cnet\/?p=67868"},"modified":"2021-06-04T14:46:43","modified_gmt":"2021-06-04T17:46:43","slug":"95a-semana-eucaristica","status":"publish","type":"post","link":"https:\/\/catolicanet.net\/wp-cnet\/95a-semana-eucaristica\/","title":{"rendered":"95\u00aa. Semana Eucar\u00edstica"},"content":{"rendered":"<p style=\"text-align: center;\"><em>\u201cEis o mist\u00e9rio da F\u00e9\u201d<\/em><\/p>\n<p style=\"text-align: justify;\">A Semana Eucar\u00edstica acontece, anualmente, durante a semana de Corpus Christi, e neste ano ocorreu de 26 de maio a 2 de junho. Essa semana aconteceu para nos chamar a aten\u00e7\u00e3o para a Eucaristia, que \u00e9 o cerne da Igreja, e para que possamos nutrir no nosso cora\u00e7\u00e3o o amor por Jesus Eucar\u00edstico.<\/p>\n<p style=\"text-align: justify;\">A 95\u00aa. Semana Eucar\u00edstica da Arquidiocese de S\u00e3o Sebasti\u00e3o do Rio de Janeiro tem como tema: \u201cEucaristia: Solidariedade de Deus com a humanidade\u201d e, como lema, \u201cQuem tiver alimentos, reparta com quem n\u00e3o tem\u201d (cf. Lc 3,11).<\/p>\n<p style=\"text-align: justify;\">Essa semana \u00e9 marcada por hor\u00e1rios de adora\u00e7\u00e3o ao Sant\u00edssimo Sacramento, celebra\u00e7\u00e3o da Santa Missa, forma\u00e7\u00e3o catequ\u00e9tica sobre a Eucaristia e momentos que proporcionem a devo\u00e7\u00e3o dos fi\u00e9is \u00e0 Eucaristia. Por isso, nessa semana \u00e9 prop\u00edcio deixarmos as nossas Igrejas abertas proporcionando que as pessoas entrem e fa\u00e7am seu momento de ora\u00e7\u00e3o.<\/p>\n<p style=\"text-align: justify;\">Nessa semana, tamb\u00e9m, pode ocorrer tr\u00edduo Eucar\u00edstico em prepara\u00e7\u00e3o \u00e0 Solenidade de Corpus Christi, podendo ocorrer adora\u00e7\u00e3o ao Sant\u00edssimo, antes da Santa Missa. A Igreja se prepara e dedica uma semana inteira \u00e0 Eucaristia, porque ela \u00e9 o alimento da alma e, por meio da Eucaristia, nos vem a salva\u00e7\u00e3o. Sem a Eucaristia, a Igreja n\u00e3o teria raz\u00e3o de ser e ela sustenta a vida dos fi\u00e9is.<\/p>\n<p style=\"text-align: justify;\">A Sant\u00edssima Eucaristia \u00e9 o sacramento do dom, ou seja, a Eucaristia \u00e9 doada a n\u00f3s, como alimento de salva\u00e7\u00e3o. A Eucaristia \u00e9 o sacramento do amor, de um Deus que se doa por amor a cada um de n\u00f3s. Jesus, antes de morrer na cruz e ressuscitar, quis deixar para n\u00f3s um memorial, a fim de que sempre lembr\u00e1ssemos dele. Esse memorial \u00e9 a Eucaristia.<\/p>\n<p style=\"text-align: justify;\">A Eucaristia nos leva a ser mission\u00e1rios. Que com essa Semana Eucar\u00edstica, nossos cora\u00e7\u00f5es se abram para Cristo e possamos viver esse momento \u00fanico de f\u00e9. Que sejamos todos disc\u00edpulos e mission\u00e1rios do Senhor, participemos da Semana Eucar\u00edstica e, sobretudo, da quinta-feira de Corpus Christi e sejamos todos comprometidos com o an\u00fancio da salva\u00e7\u00e3o.<\/p>\n<p style=\"text-align: justify;\">O Conc\u00edlio Ecum\u00eanico Vaticano II afirmou que o sacrif\u00edcio eucar\u00edstico \u00e9 fonte e centro de toda a vida crist\u00e3. Na Sant\u00edssima Eucaristia est\u00e1 contido todo o tesouro espiritual da Igreja, ou seja, o pr\u00f3prio Cristo, nossa P\u00e1scoa e o p\u00e3o vivo e verdadeiro que se d\u00e1 em alimento aos homens mediante a a\u00e7\u00e3o vivificadora do Esp\u00edrito Santo. Por isso, o olhar da Igreja volta-se continuamente para Cristo presente no sacramento do altar, onde \u00e9 plenificado o amor de Deus pelos homens.<\/p>\n<p style=\"text-align: justify;\">A partir do mist\u00e9rio pascal, nasce a Igreja, dessa forma a Eucaristia \u00e9 o sacramento do mist\u00e9rio pascal por excel\u00eancia. Podemos observar isso no livro dos Atos dos Ap\u00f3stolos, em que relata as primeiras imagens da Igreja, dizendo que a comunidade era ass\u00eddua no ensinamento dos ap\u00f3stolos e na fra\u00e7\u00e3o do p\u00e3o. Podemos entender a fra\u00e7\u00e3o do p\u00e3o como a Eucaristia.<\/p>\n<p style=\"text-align: justify;\">Praticamente dois mil anos depois, n\u00f3s repetimos a mesma cena, primeiramente, ouvimos o ensinamento do padre pela explana\u00e7\u00e3o das leituras apresentadas e depois participamos atentamente da fra\u00e7\u00e3o do p\u00e3o e comungamos. O momento da consagra\u00e7\u00e3o n\u00e3o \u00e9 um mero \u201cteatro\u201d em que o presb\u00edtero decora aquilo que Jesus disse h\u00e1 mais de dois mil anos, mas \u00e9 trazer de maneira real para o presente, aquele gesto que Jesus fez na \u00faltima ceia.<\/p>\n<p style=\"text-align: justify;\">A Eucaristia \u00e9 mist\u00e9rio da f\u00e9, quando o sacerdote diz isso ap\u00f3s a consagra\u00e7\u00e3o e respondemos: <em>\u201cAnunciamos Senhor a vossa morte e proclamamos a vossa ressurrei\u00e7\u00e3o, vinde Senhor Jesus\u201d, <\/em>ao afirmar isso queremos dizer que do mesmo modo que anunciamos a morte do Senhor na Sexta-Feira Santa, proclamamos a sua ressurei\u00e7\u00e3o no Domingo de P\u00e1scoa. Quem nos atesta que Cristo ressuscitou dos mortos \u00e9 o Esp\u00edrito Santo, ou seja, o mesmo Esp\u00edrito que faz com que as esp\u00e9cies do p\u00e3o e do vinho se tornem Corpo e Sangue de Cristo.<\/p>\n<p style=\"text-align: justify;\">Por isso, a Eucaristia, presen\u00e7a salv\u00edfica de Jesus na comunidade dos fi\u00e9is e seu alimento espiritual, \u00e9 o que de mais precioso pode ter a Igreja no seu caminho ao longo da hist\u00f3ria. Dessa forma, devemos cuidar e zelar da Eucaristia, celebrar a missa com respeito e devo\u00e7\u00e3o e depositar o Senhor no Sacr\u00e1rio com cuidado, mantendo a capela do Sant\u00edssimo Sacramento sempre limpa e florida.<\/p>\n<p style=\"text-align: justify;\">A Igreja \u00e9 local de sil\u00eancio em que entramos para rezar e meditar o mist\u00e9rio eucar\u00edstico. Toda vez que entramos em uma Igreja, devemos visitar a Capela do Sant\u00edssimo Sacramento, onde o Senhor repousa e ali Ele escutar\u00e1 a nossa ora\u00e7\u00e3o. Sempre que passarmos em frente a uma Igreja, fazer sobre n\u00f3s o sinal da cruz, em sinal de respeito e adora\u00e7\u00e3o ao Senhor que est\u00e1 ali naquele local. A Igreja \u00e9 um local sagrado, por isto dedicado \u00e0 Deus, e pela presen\u00e7a da Eucaristia e devemos ter um total respeito.<\/p>\n<p style=\"text-align: justify;\">Celebremos com f\u00e9 e devo\u00e7\u00e3o a conclus\u00e3o dessa 95\u00aa Semana Eucar\u00edstica e o dia de Corpus Christi, tendo no cora\u00e7\u00e3o a certeza de que a Eucaristia faz a Igreja e, a partir disso, devemos ser disc\u00edpulos e mission\u00e1rios do Senhor, seja onde for. Que Deus nos aben\u00e7oe.<\/p>\n","protected":false},"excerpt":{"rendered":"<p>\u201cEis o mist\u00e9rio da F\u00e9\u201d A Semana Eucar\u00edstica acontece, anualmente, durante a semana de Corpus Christi, e neste ano ocorreu de 26 de maio a 2 de junho. Essa semana aconteceu para nos chamar a aten\u00e7\u00e3o para a Eucaristia, que \u00e9 o cerne da Igreja, e para que possamos nutrir no nosso cora\u00e7\u00e3o o amor [&hellip;]<\/p>\n","protected":false},"author":5,"featured_media":55819,"comment_status":"open","ping_status":"closed","sticky":false,"template":"","format":"standard","meta":{"footnotes":""},"categories":[9],"tags":[],"class_list":["post-67868","post","type-post","status-publish","format-standard","has-post-thumbnail","hentry","category-artigos"],"_links":{"self":[{"href":"https:\/\/catolicanet.net\/wp-cnet\/wp-json\/wp\/v2\/posts\/67868","targetHints":{"allow":["GET"]}}],"collection":[{"href":"https:\/\/catolicanet.net\/wp-cnet\/wp-json\/wp\/v2\/posts"}],"about":[{"href":"https:\/\/catolicanet.net\/wp-cnet\/wp-json\/wp\/v2\/types\/post"}],"author":[{"embeddable":true,"href":"https:\/\/catolicanet.net\/wp-cnet\/wp-json\/wp\/v2\/users\/5"}],"replies":[{"embeddable":true,"href":"https:\/\/catolicanet.net\/wp-cnet\/wp-json\/wp\/v2\/comments?post=67868"}],"version-history":[{"count":1,"href":"https:\/\/catolicanet.net\/wp-cnet\/wp-json\/wp\/v2\/posts\/67868\/revisions"}],"predecessor-version":[{"id":67869,"href":"https:\/\/catolicanet.net\/wp-cnet\/wp-json\/wp\/v2\/posts\/67868\/revisions\/67869"}],"wp:featuredmedia":[{"embeddable":true,"href":"https:\/\/catolicanet.net\/wp-cnet\/wp-json\/wp\/v2\/media\/55819"}],"wp:attachment":[{"href":"https:\/\/catolicanet.net\/wp-cnet\/wp-json\/wp\/v2\/media?parent=67868"}],"wp:term":[{"taxonomy":"category","embeddable":true,"href":"https:\/\/catolicanet.net\/wp-cnet\/wp-json\/wp\/v2\/categories?post=67868"},{"taxonomy":"post_tag","embeddable":true,"href":"https:\/\/catolicanet.net\/wp-cnet\/wp-json\/wp\/v2\/tags?post=67868"}],"curies":[{"name":"wp","href":"https:\/\/api.w.org\/{rel}","templated":true}]}}