{"id":67818,"date":"2021-06-02T09:45:24","date_gmt":"2021-06-02T12:45:24","guid":{"rendered":"https:\/\/catolicanet.net\/wp-cnet\/?p=67818"},"modified":"2021-06-02T11:48:45","modified_gmt":"2021-06-02T14:48:45","slug":"papa-corpus-christi-seja-presenca-e-conforto-no-sofrimento-de-cada-dia","status":"publish","type":"post","link":"https:\/\/catolicanet.net\/wp-cnet\/papa-corpus-christi-seja-presenca-e-conforto-no-sofrimento-de-cada-dia\/","title":{"rendered":"Papa: Corpus Christi seja presen\u00e7a e conforto no sofrimento de cada dia"},"content":{"rendered":"<figure class=\"article__image\" style=\"text-align: justify;\"><span class=\"didascalia_img\">O Papa na Audi\u00eancia Geral no P\u00e1tio S\u00e3o D\u00e2maso\u00a0 (Vatican Media)<\/span><\/figure>\n<div class=\"article__meta\">\n<div class=\"article__subTitle\" style=\"text-align: justify;\">Ao final da Audi\u00eancia Geral, Francisco recordou a Solenidade de Corpus Christi que, em diferentes pa\u00edses, ser\u00e1 realizada na quinta (3) ou no domingo (6) e seguindo diferentes protocolos sanit\u00e1rios devido \u00e0s restri\u00e7\u00f5es da pandemia. No Santu\u00e1rio Nacional de Aparecida, a prociss\u00e3o com o Sant\u00edssimo Sacramento ser\u00e1 interna e restrita. J\u00e1 no sul do Brasil, par\u00f3quias precisaram cancelar missas campais e a tradicional confec\u00e7\u00e3o dos tapetes de serragem, como em Bento Gon\u00e7alves. \u201cQue o Corpo e o Sangue de Cristo sejam para cada um de voc\u00eas presen\u00e7a e apoio em meio \u00e0s dificuldades, sublime conforto no sofrimento de cada dia e garantia de ressurrei\u00e7\u00e3o eterna&#8221;, disse o Papa nesta quarta-feira (2).<\/div>\n<div class=\"title__separator\" style=\"text-align: justify;\"><\/div>\n<div class=\"article__text \">\n<p style=\"text-align: justify;\"><b>Andressa Collet \u2013 Vatican News<\/b><\/p>\n<div style=\"text-align: justify;\">\n<div class=\"article__embed article__embed--unwrap article__embed--dark\">\n<div class=\"article__innerTitle\">Ou\u00e7a a reportagem com a voz do Papa e compartilhe<\/div>\n<div>\n<!--[if lt IE 9]><script>document.createElement('audio');<\/script><![endif]-->\n<audio class=\"wp-audio-shortcode\" id=\"audio-67818-1\" preload=\"none\" style=\"width: 100%;\" controls=\"controls\"><source type=\"audio\/mpeg\" src=\"https:\/\/media.vaticannews.va\/media\/audio\/s1\/2021\/06\/02\/12\/136072543_F136072543.mp3?_=1\" \/><a href=\"https:\/\/media.vaticannews.va\/media\/audio\/s1\/2021\/06\/02\/12\/136072543_F136072543.mp3\">https:\/\/media.vaticannews.va\/media\/audio\/s1\/2021\/06\/02\/12\/136072543_F136072543.mp3<\/a><\/audio>\n<\/div>\n<\/div>\n<\/div>\n<div style=\"text-align: justify;\">\n<div class=\"article__embed article__embed--border embed_style\">\n<blockquote><p>\u201cQueridos irm\u00e3os e irm\u00e3s, amanh\u00e3 se celebra a Solenidade do Sant\u00edssimo Corpo e Sangue de Cristo que, na It\u00e1lia e em outros pa\u00edses, foi transferida para o pr\u00f3ximo domingo. Que voc\u00eas possam encontrar na Eucaristia, mist\u00e9rio do amor e de gl\u00f3ria, aquela fonte de gra\u00e7a e de luz que ilumina os caminhos da vida.\u201d<\/p><\/blockquote>\n<\/div>\n<\/div>\n<p style=\"text-align: justify;\">Assim, ao final da Audi\u00eancia Geral desta quarta-feira (2) ao saudar os peregrinos de l\u00edngua italiana presentes no P\u00e1tio S\u00e3o D\u00e2maso, no Vaticano, o Papa Francisco recordou a celebra\u00e7\u00e3o de Corpus Christi desta quinta-feira (3). No Vaticano, o Pont\u00edfice vai presidir a missa no Altar da C\u00e1tedra da Bas\u00edlica de S\u00e3o Pedro no domingo, 6 de junho, com a presen\u00e7a limitada de fi\u00e9is devido \u00e0s restri\u00e7\u00f5es da pandemia. A transmiss\u00e3o ao vivo pelos canais do Vatican News, com coment\u00e1rios em portugu\u00eas, come\u00e7a \u00e0s 17h30 na It\u00e1lia, 12h30 no hor\u00e1rio de Bras\u00edlia.<\/p>\n<h2 style=\"text-align: justify;\">Corpus Christi no Brasil<\/h2>\n<p style=\"text-align: justify;\">J\u00e1 as par\u00f3quias no Brasil dever\u00e3o adaptar as celebra\u00e7\u00f5es segundo as normas sanit\u00e1rias locais para conter a dissemina\u00e7\u00e3o do coronav\u00edrus. No\u00a0<b>Santu\u00e1rio Nacional de Aparecida, em S\u00e3o Paulo<\/b>, uma das principais festas da Igreja vai sofrer altera\u00e7\u00e3o nesta quinta-feira (3). A principal cerim\u00f4nia do dia, \u00e0s 9h da manh\u00e3, vai receber os fi\u00e9is em n\u00famero reduzido e ser\u00e1 conclu\u00edda com uma prociss\u00e3o interna e restrita: apenas religiosos v\u00e3o poder seguir o ostens\u00f3rio que abriga a Eucaristia, que ser\u00e1 conduzido pelos corredores da Bas\u00edlica e n\u00e3o pelo p\u00e1tio externo, como em anos anteriores. Os peregrinos que participarem da missa no interior do templo v\u00e3o poder acompanhar o percurso diretamente dos bancos. Essa \u00e9 a \u00fanica prociss\u00e3o do ano realizada de forma p\u00fablica e solene com o Sant\u00edssimo Sacramento da Eucaristia.<\/p>\n<p style=\"text-align: justify;\">Para a solenidade, o n\u00famero de missas no Santu\u00e1rio Nacional foi ampliado. Ao todo, oito cerim\u00f4nias acontecem durante todo o dia e seguindo rigorosos protocolos sanit\u00e1rios. De casa, os fi\u00e9is poder\u00e3o acompanhar as celebra\u00e7\u00f5es\u00a0que\u00a0ser\u00e3o transmitidas pelas redes sociais do Santu\u00e1rio Nacional (<a href=\"https:\/\/www.facebook.com\/santuariodeaparecidaoficial\" target=\"_blank\" rel=\"external nofollow noopener\">Facebook<\/a>\u00a0e\u00a0<a href=\"https:\/\/www.youtube.com\/channel\/UCuSeVCzI21lPeKnIzZehFPQ\" target=\"_blank\" rel=\"external nofollow noopener\">Youtube<\/a>) e\u00a0<a href=\"https:\/\/www.a12.com\/tv\" target=\"_blank\" rel=\"external nofollow noopener\">Rede Aparecida de Comunica\u00e7\u00e3o<\/a>.<\/p>\n<h2 style=\"text-align: justify;\">Caridade marca Corpus Christi no sul do pa\u00eds<\/h2>\n<p style=\"text-align: justify;\">Na cidade de\u00a0<b>Bento Gon\u00e7alves, no interior do Rio Grande do Sul<\/b>, por exemplo, a Par\u00f3quia Santo Ant\u00f4nio cancelou a missa campal e tamb\u00e9m n\u00e3o haver\u00e1 a tradicional confec\u00e7\u00e3o de tapetes de serragem.<b>\u00a0<\/b>Em conjunto com todo o Regional Sul 3 da CNBB, a par\u00f3quia local motiva os fi\u00e9is para a doa\u00e7\u00e3o de alimentos n\u00e3o perec\u00edveis, tanto no Santu\u00e1rio quanto nas comunidades. O que ser\u00e1 arrecadado no\u00a0<i>\u201cMutir\u00e3o pela Vida de quem tem fome\u201d<\/i>, que\u00a0<b>acontece simultaneamente nas 18 dioceses ga\u00fachas<\/b>, ser\u00e1 destinado \u00e0 Casa P\u00e3o dos Pobres, da Par\u00f3quia Santo Ant\u00f4nio de Bento, que atende fam\u00edlias em situa\u00e7\u00e3o de vulnerabilidade social toda a semana. Em todo o estado, as doa\u00e7\u00f5es podem ser entregues nas igrejas e tamb\u00e9m onde as par\u00f3quias indicarem.<\/p>\n<p style=\"text-align: justify;\">O Pe. Ricardo Fontana, p\u00e1roco local, recordou que &#8220;Jesus se doa a cada um de n\u00f3s na Eucaristia, que \u00e9 seu Corpo e Sangue. Ele mandou, na \u00faltima Ceia, que atualiz\u00e1ssemos esse mist\u00e9rio e n\u00f3s o fazemos sempre em sua mem\u00f3ria. \u00c9 o Cristo vivo em nosso meio e esse Cristo quer que todos tenham vida, por isso\u00a0<i>somos chamados a exercer nossa caridade tamb\u00e9m neste Corpus Christi, doando alimentos n\u00e3o perec\u00edveis.<\/i>\u00a0O mesmo Cristo que cuidou e curou muita gente, hoje pede que n\u00f3s o fa\u00e7amos. Juntos, fa\u00e7amos essa rever\u00eancia \u00e0 Eucaristia e tamb\u00e9m\u00a0<b>cuidemos de quem mais precisa<\/b>\u201d. Em comunh\u00e3o tamb\u00e9m o Papa Francisco, ao finalizar a Audi\u00eancia Geral de hoje:<\/p>\n<div>\n<div class=\"article__embed article__embed--border embed_style\">\n<blockquote>\n<p style=\"text-align: justify;\">\u201cQue o Corpo e o Sangue de Cristo sejam para cada um de voc\u00eas presen\u00e7a e apoio em meio \u00e0s dificuldades, sublime conforto no sofrimento de cada dia e garantia de ressurrei\u00e7\u00e3o eterna.\u201d<\/p>\n<\/blockquote>\n<\/div>\n<\/div>\n<\/div>\n<\/div>\n","protected":false},"excerpt":{"rendered":"<p>O Papa na Audi\u00eancia Geral no P\u00e1tio S\u00e3o D\u00e2maso\u00a0 (Vatican Media) Ao final da Audi\u00eancia Geral, Francisco recordou a Solenidade de Corpus Christi que, em diferentes pa\u00edses, ser\u00e1 realizada na quinta (3) ou no domingo (6) e seguindo diferentes protocolos sanit\u00e1rios devido \u00e0s restri\u00e7\u00f5es da pandemia. No Santu\u00e1rio Nacional de Aparecida, a prociss\u00e3o com o [&hellip;]<\/p>\n","protected":false},"author":1,"featured_media":67819,"comment_status":"open","ping_status":"closed","sticky":false,"template":"","format":"standard","meta":{"footnotes":""},"categories":[3],"tags":[],"class_list":["post-67818","post","type-post","status-publish","format-standard","has-post-thumbnail","hentry","category-vaticano"],"_links":{"self":[{"href":"https:\/\/catolicanet.net\/wp-cnet\/wp-json\/wp\/v2\/posts\/67818","targetHints":{"allow":["GET"]}}],"collection":[{"href":"https:\/\/catolicanet.net\/wp-cnet\/wp-json\/wp\/v2\/posts"}],"about":[{"href":"https:\/\/catolicanet.net\/wp-cnet\/wp-json\/wp\/v2\/types\/post"}],"author":[{"embeddable":true,"href":"https:\/\/catolicanet.net\/wp-cnet\/wp-json\/wp\/v2\/users\/1"}],"replies":[{"embeddable":true,"href":"https:\/\/catolicanet.net\/wp-cnet\/wp-json\/wp\/v2\/comments?post=67818"}],"version-history":[{"count":1,"href":"https:\/\/catolicanet.net\/wp-cnet\/wp-json\/wp\/v2\/posts\/67818\/revisions"}],"predecessor-version":[{"id":67820,"href":"https:\/\/catolicanet.net\/wp-cnet\/wp-json\/wp\/v2\/posts\/67818\/revisions\/67820"}],"wp:featuredmedia":[{"embeddable":true,"href":"https:\/\/catolicanet.net\/wp-cnet\/wp-json\/wp\/v2\/media\/67819"}],"wp:attachment":[{"href":"https:\/\/catolicanet.net\/wp-cnet\/wp-json\/wp\/v2\/media?parent=67818"}],"wp:term":[{"taxonomy":"category","embeddable":true,"href":"https:\/\/catolicanet.net\/wp-cnet\/wp-json\/wp\/v2\/categories?post=67818"},{"taxonomy":"post_tag","embeddable":true,"href":"https:\/\/catolicanet.net\/wp-cnet\/wp-json\/wp\/v2\/tags?post=67818"}],"curies":[{"name":"wp","href":"https:\/\/api.w.org\/{rel}","templated":true}]}}