{"id":67803,"date":"2021-05-30T10:54:28","date_gmt":"2021-05-30T13:54:28","guid":{"rendered":"https:\/\/catolicanet.net\/wp-cnet\/?p=67803"},"modified":"2021-05-31T15:55:53","modified_gmt":"2021-05-31T18:55:53","slug":"senhora-aparecida-90-anos-de-padroeira","status":"publish","type":"post","link":"https:\/\/catolicanet.net\/wp-cnet\/senhora-aparecida-90-anos-de-padroeira\/","title":{"rendered":"Senhora Aparecida, 90 anos de Padroeira"},"content":{"rendered":"<p style=\"text-align: center;\">O Brasil vos ama, o Brasil em v\u00f3s confia!<\/p>\n<p style=\"text-align: justify;\">No dia 31 de maio, quando a Igreja celebra a festa lit\u00fargica da visita\u00e7\u00e3o de Maria a sua prima Isabel, a Arquidiocese do Rio de Janeiro faz mem\u00f3ria e celebra com j\u00fabilo os 90 anos da proclama\u00e7\u00e3o de Nossa Senhora da Concei\u00e7\u00e3o Aparecida como Padroeira do Brasil decretada pelo Papa Pio XI no ano anterior a pedido dos arcebispo e bispos brasileiros junto com o reitor do Santu\u00e1rio de Aparecia coordenados pelo Cardeal D. Sebasti\u00e3o Leme, nosso antecessor.<\/p>\n<p style=\"text-align: justify;\">Neste m\u00eas de maio em que o Papa nos pediu para rezarmos pelo fim da pandemia e tamb\u00e9m aqui rezamos pela paz, queremos \u201ccoroar\u201d Nossa Senhora como \u00e9 nossa tradi\u00e7\u00e3o faz\u00ea-lo sempre no final do m\u00eas de maio, com nossas ora\u00e7\u00f5es e nossa gratid\u00e3o.<\/p>\n<p style=\"text-align: justify;\">No dia 16 de julho de 1930 o Papa Pio XI assinou o decreto pontif\u00edcio que declarou e proclamou Nossa Senhora da Concei\u00e7\u00e3o Aparecida Padroeira da Na\u00e7\u00e3o Brasileira. Diz o decreto: \u201cPor motu pr\u00f3prio e por conhecimento certo e madura reflex\u00e3o Nossa, na plenitude do Nosso poder apost\u00f3lico, pelo teor das presentes letras, constitu\u00edmos e declaramos a Beat\u00edssima Virgem Maria concebida sem mancha, sob o t\u00edtulo de Aparecida, Padroeira principal de todo o Brasil diante de Deus. Concedemos isto para promover o bem espiritual dos fi\u00e9is no Brasil e para aumentar cada vez mais a sua devo\u00e7\u00e3o \u00e0 Imaculada M\u00e3e de Deus.\u201d<\/p>\n<p style=\"text-align: justify;\">Por meio de reportagens, cr\u00f4nicas, fotografias e testemunhos, podemos contemplar as maravilhas que a imagem hist\u00f3rica, de cor negra, provocou quando em 1931 \u201capareceu\u201d no Rio de Janeiro, vinda de trem, de Aparecida, de onde nunca tinha sa\u00eddo desde que foi encontrada pelos pescadores Domingos Garcia, Felipe Pedroso e Jo\u00e3o Alves, em outubro de 1717, no Rio Para\u00edba do Sul. Saiu na noite anterior de Aparecia e o trem (com o \u201ccarro capela\u201d) veio parando em todas as esta\u00e7\u00f5es do trajeto para as homenagens.<\/p>\n<p style=\"text-align: justify;\">Nossa f\u00e9 nos leva a acreditar que foi um momento em que o povo brasileiro experimentou a mesma alegria que teve Isabel quando ouviu a sauda\u00e7\u00e3o de Maria, e semelhante a Jo\u00e3o Batista, tamb\u00e9m \u201csaltou de alegria\u201d no \u201cventre\u201d do cora\u00e7\u00e3o do Brasil, na \u00e9poca a capital da Rep\u00fablica. Recebida como a bendita entre as mulheres e os homens, foi um sinal explicito de que Deus continuando fazendo maravilhas.<\/p>\n<p style=\"text-align: justify;\">Para ver a imagem da padroeira, mesmo que fosse de longe, a grande metr\u00f3pole se transformou. As pessoas sa\u00edram de casa para se juntar com as que vieram de todas as partes do pa\u00eds. Enchiam ruas, pra\u00e7as e janelas. Na prociss\u00e3o, mais de 30 bispos, o clero, e a presen\u00e7a expressiva de membros de irmandades e associa\u00e7\u00f5es religiosas. Tamb\u00e9m muitas autoridades, inclusive o presidente da \u00e9poca, Get\u00falio Vargas. Os sinos das igrejas repicavam, os avi\u00f5es militares cruzavam os c\u00e9us, e o povo n\u00e3o cansava de dar vivas a padroeira. Os testemunhos afirmam que foi um dia luminoso, de emo\u00e7\u00f5es, uma antecipa\u00e7\u00e3o da vida na eternidade.<\/p>\n<p style=\"text-align: justify;\">No dia seguinte ao ato da proclama\u00e7\u00e3o, Dom Sebasti\u00e3o Leme escreveu (1): \u201cVi espraiar-se aos p\u00e9s do altar de Aparecida a onda humana que na Esplanada se comprimia, mais do que nunca senti orgulho de minha f\u00e9, da minha p\u00e1tria e da minha cidade\u201d.<\/p>\n<p style=\"text-align: justify;\">Na mesma mensagem, Dom Sebasti\u00e3o Leme afirmou que nenhuma cidade do mundo poderia apresentar tal espet\u00e1culo, marcada pela espontaneidade e\u00a0\u00a0 vibra\u00e7\u00e3o de sua f\u00e9: \u201cO Rio de Janeiro foi na aclama\u00e7\u00e3o de ontem a voz de toda a terra brasileira. Ato de f\u00e9, express\u00e3o de confian\u00e7a, a prociss\u00e3o valeu como um plebiscito nacional, cujo voto proclamou Nossa Senhora da Concei\u00e7\u00e3o Aparecida n\u00e3o s\u00f3 como padroeira, mas ainda como Rainha do Brasil. E o voto do povo brasileiro foi t\u00e3o unanime e ardoroso que explodiu nas chamas de um imenso e portentoso inc\u00eandio de cora\u00e7\u00f5es\u201d.<\/p>\n<p style=\"text-align: justify;\">Passados 90 anos, queremos fazer um percurso parecido da presen\u00e7a da imagem da padroeira entre n\u00f3s. Ela veio de trem de Aparecida at\u00e9 a Esta\u00e7\u00e3o D. Pedro II, hoje Central do Brasil, e percorreu as ruas da cidade em carro aberto. Agora, ao contr\u00e1rio, a r\u00e9plica da imagem vir\u00e1 de carro, e ir\u00e1 fazer o percurso pelas ruas da cidade de VLT, um moderno ve\u00edculo leve sobre trilhos. Na \u00e9poca, a padroeira veio conduzida pelo arcebispo de S\u00e3o Paulo, Dom Duarte Leopoldo e Silva, agora vir\u00e1 pelo atual arcebispo de Aparecida, Dom Orlando Brandes. Na \u00e9poca vieram os c\u00f4negos do cabido de S\u00e3o Paulo, agora vir\u00e3o alguns padres redentoristas, respons\u00e1veis pelo Santu\u00e1rio Nacional.<\/p>\n<p style=\"text-align: justify;\">Em vista dos tempos de pandemia que estamos vivendo, que exige protocolos de seguran\u00e7a, sobretudo de distanciamento social, n\u00e3o ser\u00e1 poss\u00edvel repetir o que foi realizado em 1931, como o congresso arquidiocesano, a prociss\u00e3o triunfal pelas ruas do centro da cidade, nem uma grande concentra\u00e7\u00e3o, como aconteceu na Esplanada do Castelo.<\/p>\n<p style=\"text-align: justify;\">Portanto, a programa\u00e7\u00e3o ser\u00e1 diferenciada e mais enxuta, por\u00e9m acontecer\u00e1 com o mesmo entusiasmo da primeira vez. No dia 31 de maio, na Igreja do Carmo, a Antiga S\u00e9, no Centro, ser\u00e1 cantado o Te Deum, \u00e0s 16h; e na Igreja S\u00e3o Francisco de Paula (onde foi h\u00e1 90 anos a solene missa de proclama\u00e7\u00e3o), tamb\u00e9m no Centro, acontecer\u00e1 a inaugura\u00e7\u00e3o da exposi\u00e7\u00e3o de fotos, \u00e0s 17h; a missa solene, \u00e0s 18h, e a apresenta\u00e7\u00e3o da Orquestra da ASMB (A\u00e7\u00e3o Social pela M\u00fasica no Brasil), \u00e0s 19h30.<\/p>\n<p style=\"text-align: justify;\">Na \u00e9poca, estima-se que as homenagens a Padroeira do Brasil no Rio de Janeiro reuniram mais de 1 milh\u00e3o de pessoas. Hoje, a \u201cEsplanada do Castelo\u201d ter\u00e1 um n\u00famero maior, incalcul\u00e1vel, pois todos os momentos poder\u00e3o ser acompanhados pela R\u00e1dio Catedral, WebTV Redentor e m\u00eddias da arquidiocese do Rio. A missa e o concerto tamb\u00e9m ser\u00e3o transmitidos pela TV Aparecida. Recomendamos que assistam ou ou\u00e7am pelos meios de comunica\u00e7\u00e3o esses eventos, pois a presen\u00e7a nos locais ser\u00e1 controlada segundo os protocolos arquidiocesanos.<\/p>\n<p style=\"text-align: justify;\">Junto com a a\u00e7\u00e3o de gra\u00e7as, queremos renovar os mesmos prop\u00f3sitos do nosso predecessor, Cardeal Sebasti\u00e3o Leme, colocando o povo brasileiro sob a maternal prote\u00e7\u00e3o da M\u00e3e de Deus, um recurso seguro nas horas dif\u00edceis. Na \u00e9poca, havia os princ\u00edpios da Rep\u00fablica que queria uma p\u00e1tria sem Deus, e os perigos da Revolu\u00e7\u00e3o de 1930 que provocavam disc\u00f3rdias e amea\u00e7ava o futuro do Brasil.<\/p>\n<p style=\"text-align: justify;\">Passa o tempo, mas os problemas e as necessidades continuam. Hoje, a Igreja continua sendo perseguida, de forma velada em alguns locais, e em outros de modo cruel e aberto, por\u00e9m de forma sistem\u00e1tica, por defender valores como a vida, a fam\u00edlia, o bem comum, a dignidade humana. Por outro lado, o povo sofre com instabilidade politica, a corrup\u00e7\u00e3o, a viol\u00eancia, o desemprego, ainda mais, nestes tempos de pandemia. Vivemos tempos de antagonismos e polariza\u00e7\u00f5es exageradas que dividem o nosso povo. A imagem encontrada quebrada foi recordada pelo Papa Francisco quando falou aos Bispos do Brasil aqui no Rio de Janeiro em 2013, como um sinal da import\u00e2ncia da busca da unidade que tanto necessitamos: \u201cH\u00e1 aqui um ensinamento que Deus quer nos oferecer. Sua beleza refletida na M\u00e3e, concebida sem pecado original, emerge da obscuridade do rio. Em Aparecida, logo desde o in\u00edcio, Deus d\u00e1 uma mensagem de recomposi\u00e7\u00e3o do que est\u00e1 fraturado, de compacta\u00e7\u00e3o do que est\u00e1 dividido. Muros, abismos, dist\u00e2ncias ainda hoje existentes est\u00e3o destinados a desaparecer. A Igreja n\u00e3o pode descurar esta li\u00e7\u00e3o: ser instrumento de reconcilia\u00e7\u00e3o.\u201d<\/p>\n<p style=\"text-align: justify;\">Ao conduzir o ato de proclama\u00e7\u00e3o de Nossa Senhora Aparecida como Rainha e Padroeira do Brasil, Dom Sebasti\u00e3o Leme preparou o povo para entronizar o Redentor no Corcovado, que aconteceu no dia 12 de outubro do mesmo ano. N\u00e3o foi Maria que levou Jesus para consagrar seu precursor ainda no ventre de Isabel? N\u00e3o foi ela quem antecipou a vida p\u00fablica de Jesus, nas bodas de Can\u00e1?<\/p>\n<p style=\"text-align: justify;\">Tamb\u00e9m n\u00f3s, ao venerar a Virgem Maria, queremos aprofundar no mist\u00e9rio de Cristo, o rosto humano de Deus que veio morar entre n\u00f3s. Ele \u00e9 a nossa vida, o sentido da nossa exist\u00eancia, a quem devemos buscar e dar testemunho de nossa f\u00e9. Maria sempre nos conduz a Jesus Cristo, pois essa sempre foi sua miss\u00e3o. Assim tamb\u00e9m hoje queremos pedir esse dom por intercess\u00e3o da m\u00e3e: que Cristo seja sempre o centro de nossas vidas.<\/p>\n<p style=\"text-align: justify;\">Assim como fez Dom Sebasti\u00e3o Leme na Esplanada do Castelo, pe\u00e7amos a Nossa Senhora Aparecida, Rainha e Padroeira do Brasil por todas as nossas inten\u00e7\u00f5es (2):<\/p>\n<p style=\"text-align: justify;\">\n<p style=\"text-align: justify;\">Senhora Aparecida, o Brasil \u00e9 vosso!<\/p>\n<p style=\"text-align: justify;\">Rainha do Brasil, aben\u00e7oai a nossa gente!<\/p>\n<p style=\"text-align: justify;\">Tende compaix\u00e3o do vosso povo!<\/p>\n<p style=\"text-align: justify;\">Socorrei os pobres!<\/p>\n<p style=\"text-align: justify;\">Consolai os aflitos!<\/p>\n<p style=\"text-align: justify;\">Iluminai os que n\u00e3o t\u00eam f\u00e9!<\/p>\n<p style=\"text-align: justify;\">Convertei os pecadores!<\/p>\n<p style=\"text-align: justify;\">Curai os nossos enfermos!<\/p>\n<p style=\"text-align: justify;\">Protegei as criancinhas!<\/p>\n<p style=\"text-align: justify;\">Lembrai-vos dos nossos parentes e benfeitores!<\/p>\n<p style=\"text-align: justify;\">Guiai a mocidade!<\/p>\n<p style=\"text-align: justify;\">Guardai nossas fam\u00edlias!<\/p>\n<p style=\"text-align: justify;\">Visitais os encarcerados!<\/p>\n<p style=\"text-align: justify;\">Norteai os navegantes!<\/p>\n<p style=\"text-align: justify;\">Ajudai os oper\u00e1rios!<\/p>\n<p style=\"text-align: justify;\">Orientai o nosso Clero!<\/p>\n<p style=\"text-align: justify;\">Assisti os nossos bispos!<\/p>\n<p style=\"text-align: justify;\">Conservai o Santo Padre!<\/p>\n<p style=\"text-align: justify;\">Defendei a Santa Igreja!<\/p>\n<p style=\"text-align: justify;\">Esclarecei o nosso Governo!<\/p>\n<p style=\"text-align: justify;\">Ouvi os que est\u00e3o presentes!<\/p>\n<p style=\"text-align: justify;\">N\u00e3o vos esque\u00e7ais dos ausentes!<\/p>\n<p style=\"text-align: justify;\">Paz ao nosso povo!<\/p>\n<p style=\"text-align: justify;\">Tranquilidade para a nossa terra!<\/p>\n<p style=\"text-align: justify;\">Prosperidade para o Brasil!<\/p>\n<p style=\"text-align: justify;\">Salva\u00e7\u00e3o a nossa P\u00e1tria!<\/p>\n<p style=\"text-align: justify;\">Senhora Aparecida, o Brasil vos ama, o Brasil em v\u00f3s confia!<\/p>\n<p style=\"text-align: justify;\">Senhora Aparecida, o Brasil tudo espera de v\u00f3s!<\/p>\n<p style=\"text-align: justify;\">Senhora Aparecida, o Brasil vos aclama!<\/p>\n<p style=\"text-align: justify;\">Salve, Rainha! Am\u00e9m!<\/p>\n<p style=\"text-align: justify;\">Refer\u00eancias:<\/p>\n<ul>\n<li style=\"text-align: justify;\">Ecos Marianos. Almanaque de Nossa Senhora Aparecida, 1932, p.55<\/li>\n<li style=\"text-align: justify;\">Ecos Marianos. Almanaque de Nossa Senhora Aparecida, 1932, p.31<\/li>\n<\/ul>\n","protected":false},"excerpt":{"rendered":"<p>O Brasil vos ama, o Brasil em v\u00f3s confia! No dia 31 de maio, quando a Igreja celebra a festa lit\u00fargica da visita\u00e7\u00e3o de Maria a sua prima Isabel, a Arquidiocese do Rio de Janeiro faz mem\u00f3ria e celebra com j\u00fabilo os 90 anos da proclama\u00e7\u00e3o de Nossa Senhora da Concei\u00e7\u00e3o Aparecida como Padroeira do [&hellip;]<\/p>\n","protected":false},"author":5,"featured_media":55819,"comment_status":"open","ping_status":"closed","sticky":false,"template":"","format":"standard","meta":{"footnotes":""},"categories":[9],"tags":[],"class_list":["post-67803","post","type-post","status-publish","format-standard","has-post-thumbnail","hentry","category-artigos"],"_links":{"self":[{"href":"https:\/\/catolicanet.net\/wp-cnet\/wp-json\/wp\/v2\/posts\/67803","targetHints":{"allow":["GET"]}}],"collection":[{"href":"https:\/\/catolicanet.net\/wp-cnet\/wp-json\/wp\/v2\/posts"}],"about":[{"href":"https:\/\/catolicanet.net\/wp-cnet\/wp-json\/wp\/v2\/types\/post"}],"author":[{"embeddable":true,"href":"https:\/\/catolicanet.net\/wp-cnet\/wp-json\/wp\/v2\/users\/5"}],"replies":[{"embeddable":true,"href":"https:\/\/catolicanet.net\/wp-cnet\/wp-json\/wp\/v2\/comments?post=67803"}],"version-history":[{"count":1,"href":"https:\/\/catolicanet.net\/wp-cnet\/wp-json\/wp\/v2\/posts\/67803\/revisions"}],"predecessor-version":[{"id":67804,"href":"https:\/\/catolicanet.net\/wp-cnet\/wp-json\/wp\/v2\/posts\/67803\/revisions\/67804"}],"wp:featuredmedia":[{"embeddable":true,"href":"https:\/\/catolicanet.net\/wp-cnet\/wp-json\/wp\/v2\/media\/55819"}],"wp:attachment":[{"href":"https:\/\/catolicanet.net\/wp-cnet\/wp-json\/wp\/v2\/media?parent=67803"}],"wp:term":[{"taxonomy":"category","embeddable":true,"href":"https:\/\/catolicanet.net\/wp-cnet\/wp-json\/wp\/v2\/categories?post=67803"},{"taxonomy":"post_tag","embeddable":true,"href":"https:\/\/catolicanet.net\/wp-cnet\/wp-json\/wp\/v2\/tags?post=67803"}],"curies":[{"name":"wp","href":"https:\/\/api.w.org\/{rel}","templated":true}]}}