{"id":67801,"date":"2021-05-31T09:52:32","date_gmt":"2021-05-31T12:52:32","guid":{"rendered":"https:\/\/catolicanet.net\/wp-cnet\/?p=67801"},"modified":"2021-05-31T15:54:02","modified_gmt":"2021-05-31T18:54:02","slug":"90-anos-da-proclamacao-de-nossa-senhora-aparecida-como-padroeira-do-brasil","status":"publish","type":"post","link":"https:\/\/catolicanet.net\/wp-cnet\/90-anos-da-proclamacao-de-nossa-senhora-aparecida-como-padroeira-do-brasil\/","title":{"rendered":"90 anos da proclama\u00e7\u00e3o de Nossa Senhora Aparecida como padroeira do Brasil"},"content":{"rendered":"<p style=\"text-align: justify;\">\u00a0\u00a0\u00a0\u00a0\u00a0\u00a0\u00a0\u00a0 Celebraremos no pr\u00f3ximo dia 31 de maio o anivers\u00e1rio de 90 anos da proclama\u00e7\u00e3o de Nossa Senhora Aparecida como padroeira do Brasil. Para tanto, queremos recordar alguns atos importantes que marcaram esta t\u00e3o marcante proclama\u00e7\u00e3o. Tivemos nessa \u00e9poca duas semanas de prepara\u00e7\u00e3o de ora\u00e7\u00e3o, palestras e encontros. Uma foi marcada com as celebra\u00e7\u00f5es par\u00f3quias e outra com v\u00e1rias celebra\u00e7\u00f5es de cunho diocesano e nacional aqui na Arquidiocese de S\u00e3o Sebasti\u00e3o do Rio de Janeiro. Era neste momento Cardeal-Arcebispo do Rio de Janeiro, o saudoso Dom Sebasti\u00e3o Leme da Silveira Cintra. Quando o Papa Pio XI, em 16 de Julho de 1930, assinou o Decreto constituindo\u00a0Nossa Senhora da Concei\u00e7\u00e3o Aparecida\u00a0como Padroeira do Brasil, ele legitimou um fato j\u00e1 consagrado pelo povo.\u00a0Era o\u00a0Brasil\u00a0que\u00a0se consagrava \u00e0 sua Senhora e M\u00e3e: \u201cSenhora Aparecida, o Brasil \u00e9 vosso! Rainha do Brasil, aben\u00e7oai a nossa gente\u201d.<\/p>\n<p style=\"text-align: justify;\">\u00a0\u00a0\u00a0\u00a0\u00a0\u00a0\u00a0\u00a0 Logo ap\u00f3s a realiza\u00e7\u00e3o do Congresso Mariano de 1929, por empenho do ent\u00e3o<strong>\u00a0<\/strong>Arcebispo do Rio de Janeiro, o Cardeal Dom Sebasti\u00e3o Leme da Silveira Cintra, e do reitor do Santu\u00e1rio de Aparecida na \u00e9poca,\u00a0padre Ant\u00e3o Jorge Hechenblaickner &#8211; CSsR, os bispos presentes no Congresso pediram e obtiveram do Papa Pio XI, a gra\u00e7a de Nossa Senhora Aparecida ser\u00a0declarada Padroeira do Brasil. O\u00a0decreto\u00a0foi assinado pelo Papa no dia\u00a016 de julho\u00a0de 1930 e<strong>\u00a0<\/strong>a proclama\u00e7\u00e3o oficial se deu no Rio de Janeiro, ent\u00e3o Capital Federal, no dia 31 de maio de\u00a01931, perante uma multid\u00e3o de fi\u00e9is, do Presidente da Rep\u00fablica, Dr. Get\u00falio Dornelles Vargas, do Corpo Diplom\u00e1tico, de 30 bispos, do N\u00fancio Apost\u00f3lico, Dom Alo\u00edsio Masela, de autoridades civis e militares.<\/p>\n<p style=\"text-align: justify;\">\u00a0\u00a0\u00a0\u00a0\u00a0\u00a0\u00a0\u00a0 O\u00a0Mission\u00e1rio Redentorista,\u00a0padre J\u00falio Brustoloni\u00a0descreveu em seu livro\u00a0<strong>\u201c<\/strong>Hist\u00f3ria de Nossa Senhora Aparecida: A Imagem, o Santu\u00e1rio e as Romarias\u201d\u00a0que naquele ano, a Imagem foi conduzida, saindo de Aparecida no dia\u00a030 de maio para o Rio de Janeiro. \u201cA Imagem deixou seu nicho e foi conduzida pelo povo de Aparecida at\u00e9 a Esta\u00e7\u00e3o local. Preces, l\u00e1grimas e emo\u00e7\u00e3o acompanhavam essa peregrina\u00e7\u00e3o hist\u00f3rica\u201d, descreveu padre J\u00falio no livro.<\/p>\n<p style=\"text-align: justify;\">A publica\u00e7\u00e3o ainda relata que cerca de\u00a0um milh\u00e3o de pessoas foram prestar suas homenagens, na ent\u00e3o capital federal, \u00e0 Padroeira\u00a0naquele dia 31. De manh\u00e3, o ponto alto foi a Missa Campal celebrada diante da Igreja de S\u00e3o Francisco de Paula, onde a multid\u00e3o cantou e rezou participando da Eucaristia. Mais tarde, uma\u00a0prociss\u00e3o conduziu a Imagem para a Pra\u00e7a da Esplanada do Castelo. Junto do altar da Padroeira, encontrava-se o ent\u00e3o Presidente da Rep\u00fablica, Get\u00falio Vargas, Ministros de Estado, autoridades civis, militares e eclesi\u00e1sticas. O N\u00fancio Apost\u00f3lico, Dom Alo\u00edsio Masella tamb\u00e9m esperava pela Virgem de Aparecida junto ao povo.<\/p>\n<p style=\"text-align: justify;\">Not\u00edcias de jornais da \u00e9poca relatam que a\u00a0imensa multid\u00e3o repetiu\u00a0com entusiasmo\u00a0as palavras da consagra\u00e7\u00e3o da na\u00e7\u00e3o\u00a0e do povo a Nossa Senhora, proferidas pelo Arcebispo do Rio de Janeiro, o Cardeal Dom Sebasti\u00e3o Leme. Ap\u00f3s os atos de consagra\u00e7\u00e3o e prece,\u00a0Dom Duarte Leopoldo e Silva, Arcebispo de S\u00e3o Paulo, levou a Imagem para o carro-capela, estacionado na Esta\u00e7\u00e3o Dom Pedro II (hoje Central do Brasil) com destino \u00e0 Aparecida.<\/p>\n<p style=\"text-align: justify;\">Para recordar os 90 anos da proclama\u00e7\u00e3o e da coroa\u00e7\u00e3o de Nossa Senhora Aparecida como padroeira do Brasil, teremos na pr\u00f3xima segunda dia 31\/05 algumas celebra\u00e7\u00f5es em nossa arquidiocese: \u00a0\u00e0s 15h \u2013 \u00a0celebra\u00e7\u00e3o de acolhida na Capela N. Sra. Aparecida na Esta\u00e7\u00e3o Central do brasil, \u00e0s 16 horas o <em>Te Deum<\/em> na Antiga S\u00e9, no centro. \u00c0s 17h \u2013 \u00a0abertura da exposi\u00e7\u00e3o de fotos na Igreja de S\u00e3o Francisco de Paula, no centro. \u00c0s 18h \u2013 \u00a0Missa solene dos 90 anos da proclama\u00e7\u00e3o de Nossa Senhora Aparecida como padroeira do Brasil, na Igreja de S\u00e3o Francisco de Paula.<\/p>\n<p style=\"text-align: justify;\">\u00a0\u00a0\u00a0\u00a0\u00a0\u00a0\u00a0\u00a0 Queremos neste dia confiar e pedir a prote\u00e7\u00e3o de Maria contra o mal da covid-19 que tem assolado a humanidade. Assim, queremos entregar e confiar as nossas vidas a Virgem Aparecida: \u201c\u00d3 Maria Sant\u00edssima, pelos m\u00e9ritos de Nosso Senhor Jesus Cristo, em vossa querida imagem de Aparecida, espalhais in\u00fameros benef\u00edcios sobre todo o Brasil.\u00a0Eu, embora indigno de pertencer ao n\u00famero de vossos filhos e filhas,\u00a0mas cheio do desejo de participar dos benef\u00edcios de vossa miseric\u00f3rdia,\u00a0prostrado a vossos p\u00e9s, consagro-vos o meu entendimento,\u00a0para que sempre pense no amor que mereceis;\u00a0consagro-vos a minha l\u00edngua para que sempre vos louve e propague a vossa devo\u00e7\u00e3o;\u00a0consagro-vos o meu cora\u00e7\u00e3o, para que, depois de Deus, vos ame sobre todas as coisas.\u00a0Recebei-me, \u00f3 Rainha incompar\u00e1vel, v\u00f3s que o Cristo crucificado deu-nos por M\u00e3e,\u00a0no ditoso n\u00famero de vossos filhos e filhas; acolhei-me debaixo de vossa prote\u00e7\u00e3o;\u00a0socorrei-me em todas as minhas necessidades, espirituais e temporais, sobretudo na hora de minha morte.\u00a0Aben\u00e7oai-me, \u00f3 celestial cooperadora, e com vossa poderosa intercess\u00e3o,\u00a0fortalecei-me em minha fraqueza, a fim de que, servindo-vos fielmente nesta vida, possa louvar-vos, amar-vos e dar-vos gra\u00e7as no c\u00e9u, por toda eternidade. Assim seja! Am\u00e9m.\u201d<\/p>\n<p style=\"text-align: justify;\">\u00a0\u00a0\u00a0\u00a0\u00a0\u00a0\u00a0\u00a0 Que Nossa Senhora Aparecida continue nos apontando o caminho do seguimento de Cristo: \u201cFazei tudo o que Ele vos disser!\u201d.<\/p>\n","protected":false},"excerpt":{"rendered":"<p>\u00a0\u00a0\u00a0\u00a0\u00a0\u00a0\u00a0\u00a0 Celebraremos no pr\u00f3ximo dia 31 de maio o anivers\u00e1rio de 90 anos da proclama\u00e7\u00e3o de Nossa Senhora Aparecida como padroeira do Brasil. Para tanto, queremos recordar alguns atos importantes que marcaram esta t\u00e3o marcante proclama\u00e7\u00e3o. Tivemos nessa \u00e9poca duas semanas de prepara\u00e7\u00e3o de ora\u00e7\u00e3o, palestras e encontros. Uma foi marcada com as celebra\u00e7\u00f5es par\u00f3quias [&hellip;]<\/p>\n","protected":false},"author":5,"featured_media":55819,"comment_status":"open","ping_status":"closed","sticky":false,"template":"","format":"standard","meta":{"footnotes":""},"categories":[9],"tags":[],"class_list":["post-67801","post","type-post","status-publish","format-standard","has-post-thumbnail","hentry","category-artigos"],"_links":{"self":[{"href":"https:\/\/catolicanet.net\/wp-cnet\/wp-json\/wp\/v2\/posts\/67801","targetHints":{"allow":["GET"]}}],"collection":[{"href":"https:\/\/catolicanet.net\/wp-cnet\/wp-json\/wp\/v2\/posts"}],"about":[{"href":"https:\/\/catolicanet.net\/wp-cnet\/wp-json\/wp\/v2\/types\/post"}],"author":[{"embeddable":true,"href":"https:\/\/catolicanet.net\/wp-cnet\/wp-json\/wp\/v2\/users\/5"}],"replies":[{"embeddable":true,"href":"https:\/\/catolicanet.net\/wp-cnet\/wp-json\/wp\/v2\/comments?post=67801"}],"version-history":[{"count":1,"href":"https:\/\/catolicanet.net\/wp-cnet\/wp-json\/wp\/v2\/posts\/67801\/revisions"}],"predecessor-version":[{"id":67802,"href":"https:\/\/catolicanet.net\/wp-cnet\/wp-json\/wp\/v2\/posts\/67801\/revisions\/67802"}],"wp:featuredmedia":[{"embeddable":true,"href":"https:\/\/catolicanet.net\/wp-cnet\/wp-json\/wp\/v2\/media\/55819"}],"wp:attachment":[{"href":"https:\/\/catolicanet.net\/wp-cnet\/wp-json\/wp\/v2\/media?parent=67801"}],"wp:term":[{"taxonomy":"category","embeddable":true,"href":"https:\/\/catolicanet.net\/wp-cnet\/wp-json\/wp\/v2\/categories?post=67801"},{"taxonomy":"post_tag","embeddable":true,"href":"https:\/\/catolicanet.net\/wp-cnet\/wp-json\/wp\/v2\/tags?post=67801"}],"curies":[{"name":"wp","href":"https:\/\/api.w.org\/{rel}","templated":true}]}}