{"id":67796,"date":"2021-05-30T09:44:56","date_gmt":"2021-05-30T12:44:56","guid":{"rendered":"https:\/\/catolicanet.net\/wp-cnet\/?p=67796"},"modified":"2021-05-31T15:47:44","modified_gmt":"2021-05-31T18:47:44","slug":"solenidade-da-santissima-trindade-2","status":"publish","type":"post","link":"https:\/\/catolicanet.net\/wp-cnet\/solenidade-da-santissima-trindade-2\/","title":{"rendered":"SOLENIDADE DA SANT\u00cdSSIMA TRINDADE"},"content":{"rendered":"<p style=\"text-align: center;\"><em>\u201cA Trindade \u00e9 Una. N\u00e3o professamos tr\u00eas deuses, mas s\u00f3 um Deus em tr\u00eas pessoas: \u201ca Trindade consubstancial\u201d. As pessoas divinas n\u00e3o dividem entre si a \u00fanica divindade, mas cada uma delas \u00e9 Deus por inteiro: \u201cO Pai \u00e9 aquilo que \u00e9 o Filho, o Filho \u00e9 aquilo que \u00e9 o Pai, O Esp\u00edrito Santo \u00e9 aquilo que s\u00e3o o Pai e o Filho, isto \u00e9, um s\u00f3 Deus por natureza\u201d. \u201cCada uma das tr\u00eas pessoas \u00e9 esta realidade, isto \u00e9, a subst\u00e2ncia, a ess\u00eancia ou a natureza divina\u201d (Catecismo \u00a7253).<\/em><\/p>\n<p style=\"text-align: justify;\">A Solenidade Da Sant\u00edssima Trindade nos leva a refletir e contemplar al\u00e9m do mist\u00e9rio por detr\u00e1s de \u201cum Deus em tr\u00eas pessoas\u201d, mas compreender, contemplar e inspirar o que \u00e9 o amor, a viv\u00eancia em comunidade e o transbordar desta comunidade de amor que criou a humanidade e f\u00ea-los comungar do mist\u00e9rio de amor.<\/p>\n<p style=\"text-align: justify;\">A Primeira Leitura retirada do Livro do Deuteron\u00f4mio (Dt 4,32-34.39-40), Deus revela-se como o Deus empenhado em estabelecer um elo e comunh\u00e3o com o Seu Povo. \u00c9 Ele que vai ao encontro dos homens, mostrando a todo momento como O Vivente, intervindo para liberta\u00e7\u00e3o que o Seu Povo vive em meio as opress\u00f5es e escravid\u00e3o \u2013 <em>\u201cOu ter\u00e1 jamais algum Deus vindo escolher para si um povo entre as na\u00e7\u00f5es, por meio de prova\u00e7\u00f5es, de sinais e prod\u00edgios, por meio de combates, com m\u00e3o forte e bra\u00e7o estendido, e por meio de grandes terrores, como tudo o que por ti o Senhor vosso Deus fez no Egito, diante de teus pr\u00f3prios olhos?\u201d<\/em> <em>(cf. Dt 4,34) <\/em>\u2013 portanto, o reconhecimento deste amor infinito de Deus pelos seus \u00e9 a chave para a perfeita comunh\u00e3o e compreens\u00e3o dos planos do Alt\u00edssimo. Assim, <em>\u201cguarda suas leis e seus mandamentos que hoje te prescrevo, para que sejas feliz, tu e teus filhos depois de ti, e vivas longos dias sobre a terra que o Senhor teu Deus te vai dar para sempre\u201d (cf. Dt 4,40)<\/em>.<\/p>\n<p style=\"text-align: justify;\">\u00a0O Evangelho de S\u00e3o Mateus (Mt 28,16-20), Jesus convida seus disc\u00edpulos a se vincular com a Comunidade Trinit\u00e1ria, afinal ao aderir ao serem batizados <em>\u201cem nome do Pai, do Filho e do Esp\u00edrito Santo\u201d (cf. Mt 28,19),<\/em> todos recebemos a miss\u00e3o em testemunhar todos os Ensinamentos dados do Alto para difundir sobre o mundo, apresentando a todos, homens e mulheres, sem distin\u00e7\u00e3o ou exce\u00e7\u00e3o, em convite a integrar esta Comunidade Trina de Amor.<\/p>\n<p style=\"text-align: justify;\">A Segunda Leitura retirada da Carta de S\u00e3o Paulo aos Romanos (Rm 8,14-17), Paulo afirma que a partir do momento que nos deixamos conduzir pelo Esp\u00edrito Santo de Deus &#8211; o Libertador \u2013 sa\u00edmos da condi\u00e7\u00e3o de escravos, de nossos pr\u00f3prios pecados, para entrarmos na ado\u00e7\u00e3o filial de Deus, a qual podemos clamar: Ab\u00e1 \u2013 \u00f3 Pai! Ressignificando o ser disc\u00edpulo, pois <em>\u201cse somos filhos, somos tamb\u00e9m herdeiros, herdeiros de Deus e co-herdeiros de Cristo; se realmente sofremos com ele, \u00e9 para sermos tamb\u00e9m glorificados com ele\u201d(cf. Rm 8,17).<\/em><\/p>\n<p style=\"text-align: justify;\">Que ao celebrarmos a Solenidade da Sant\u00edssima Trindade, n\u00e3o deixemos de buscar a perfeita comunidade de f\u00e9 e o maior exemplo de amor perfeito. Pois, <em>\u201cDeus \u00e9 amor! N\u00e3o \u00e9 um amor sentimental, emotivo, mas o amor do Pai que est\u00e1 na origem de qualquer vida, o amor do Filho que morre na cruz e ressuscita, o amor do Esp\u00edrito que renova o homem e o mundo\u201d (Papa Francisco).<\/em><\/p>\n<p style=\"text-align: justify;\"><em>\u00a0<\/em><\/p>\n<p style=\"text-align: justify;\">Sauda\u00e7\u00f5es em Cristo!<\/p>\n","protected":false},"excerpt":{"rendered":"<p>\u201cA Trindade \u00e9 Una. N\u00e3o professamos tr\u00eas deuses, mas s\u00f3 um Deus em tr\u00eas pessoas: \u201ca Trindade consubstancial\u201d. As pessoas divinas n\u00e3o dividem entre si a \u00fanica divindade, mas cada uma delas \u00e9 Deus por inteiro: \u201cO Pai \u00e9 aquilo que \u00e9 o Filho, o Filho \u00e9 aquilo que \u00e9 o Pai, O Esp\u00edrito Santo [&hellip;]<\/p>\n","protected":false},"author":10,"featured_media":55817,"comment_status":"open","ping_status":"closed","sticky":false,"template":"","format":"standard","meta":{"footnotes":""},"categories":[9],"tags":[],"class_list":["post-67796","post","type-post","status-publish","format-standard","has-post-thumbnail","hentry","category-artigos"],"_links":{"self":[{"href":"https:\/\/catolicanet.net\/wp-cnet\/wp-json\/wp\/v2\/posts\/67796","targetHints":{"allow":["GET"]}}],"collection":[{"href":"https:\/\/catolicanet.net\/wp-cnet\/wp-json\/wp\/v2\/posts"}],"about":[{"href":"https:\/\/catolicanet.net\/wp-cnet\/wp-json\/wp\/v2\/types\/post"}],"author":[{"embeddable":true,"href":"https:\/\/catolicanet.net\/wp-cnet\/wp-json\/wp\/v2\/users\/10"}],"replies":[{"embeddable":true,"href":"https:\/\/catolicanet.net\/wp-cnet\/wp-json\/wp\/v2\/comments?post=67796"}],"version-history":[{"count":2,"href":"https:\/\/catolicanet.net\/wp-cnet\/wp-json\/wp\/v2\/posts\/67796\/revisions"}],"predecessor-version":[{"id":67798,"href":"https:\/\/catolicanet.net\/wp-cnet\/wp-json\/wp\/v2\/posts\/67796\/revisions\/67798"}],"wp:featuredmedia":[{"embeddable":true,"href":"https:\/\/catolicanet.net\/wp-cnet\/wp-json\/wp\/v2\/media\/55817"}],"wp:attachment":[{"href":"https:\/\/catolicanet.net\/wp-cnet\/wp-json\/wp\/v2\/media?parent=67796"}],"wp:term":[{"taxonomy":"category","embeddable":true,"href":"https:\/\/catolicanet.net\/wp-cnet\/wp-json\/wp\/v2\/categories?post=67796"},{"taxonomy":"post_tag","embeddable":true,"href":"https:\/\/catolicanet.net\/wp-cnet\/wp-json\/wp\/v2\/tags?post=67796"}],"curies":[{"name":"wp","href":"https:\/\/api.w.org\/{rel}","templated":true}]}}