{"id":67781,"date":"2021-05-31T10:08:26","date_gmt":"2021-05-31T13:08:26","guid":{"rendered":"https:\/\/catolicanet.net\/wp-cnet\/?p=67781"},"modified":"2021-05-31T15:11:02","modified_gmt":"2021-05-31T18:11:02","slug":"semana-de-mobilizacao-da-acao-solidaria-e-tempo-de-cuidar-de-8-a-12-de-junho-intensificara-arrecadacao-de-alimentos-em-todo-pais","status":"publish","type":"post","link":"https:\/\/catolicanet.net\/wp-cnet\/semana-de-mobilizacao-da-acao-solidaria-e-tempo-de-cuidar-de-8-a-12-de-junho-intensificara-arrecadacao-de-alimentos-em-todo-pais\/","title":{"rendered":"SEMANA DE MOBILIZA\u00c7\u00c3O DA A\u00c7\u00c3O SOLID\u00c1RIA \u00c9 TEMPO DE CUIDAR, DE 8 A 12 DE JUNHO, INTENSIFICAR\u00c1 ARRECADA\u00c7\u00c3O DE ALIMENTOS EM TODO PA\u00cdS"},"content":{"rendered":"<p style=\"text-align: justify;\">De 8 a 12 de junho pr\u00f3ximo, a A\u00e7\u00e3o Solid\u00e1ria Emergencial \u201c\u00c9 Tempo de Cuidar\u201d desenvolver\u00e1 uma s\u00e9rie de atividades com o objetivo de intensificar a arrecada\u00e7\u00e3o de alimentos em todo o Brasil. A a\u00e7\u00e3o \u00e9 uma iniciativa da Confer\u00eancia Nacional dos Bispos do Brasil (CNBB) e da C\u00e1ritas Brasileira, fortalecida com a parceria da Confer\u00eancia dos Religiosos do Brasil (CRB), o Movimento de Educa\u00e7\u00e3o de Base (MEB) e a Associa\u00e7\u00e3o Nacional de Educa\u00e7\u00e3o Cat\u00f3lica do Brasil (ANEC).<\/p>\n<p style=\"text-align: justify;\">Uma s\u00e9rie de a\u00e7\u00f5es est\u00e1 prevista para anima\u00e7\u00e3o destes dias em que a coleta de alimentos ser\u00e1 intensificada como celebra\u00e7\u00f5es, live e a realiza\u00e7\u00e3o, em diversos pontos do Brasil, de \u201cdrive thrus\u201d.\u00a0 O frei Rog\u00e9rio Soares informa que na par\u00f3quia Sagrado Cora\u00e7\u00e3o de Jesus e Nossa senhora das Merc\u00eas, em Bras\u00edlia (DF), ser\u00e1 organizado um ponto de entrega de alimentos, de domingo a domingo, das 7h \u00e0s 18h. \u00c9 o caso tamb\u00e9m da r\u00e1dio R\u00e1dio Bom Jesus FM 98.1, da diocese de Bom Jesus da Lapa (BA), que far\u00e1, no dia 12 de junho, uma a\u00e7\u00e3o de \u201cdrive thru\u201d em frente \u00e0 sua sede.<\/p>\n<p style=\"text-align: justify;\">De acordo com o bispo de Roraima (RR) e segundo-vice presidente da Confer\u00eancia Nacional dos Bispos do Brasil (CNBB), dom M\u00e1rio Ant\u00f4nio da Silva, o foco de a\u00e7\u00e3o da segunda fase da A\u00e7\u00e3o Solid\u00e1ria Emergencial \u00e9 na arrecada\u00e7\u00e3o de alimentos tendo em vista o agravamento da situa\u00e7\u00e3o de inseguran\u00e7a alimentar e do desemprego no pa\u00eds. O presidente da C\u00e1ritas salientou, em reuni\u00e3o do Conselho Pastoral Episcopal da CNBB, na \u00faltima\u00a0 quarta-feira, 26 de maio, a import\u00e2ncia da a\u00e7\u00e3o como uma manifesta\u00e7\u00e3o de sinais de esperan\u00e7a, f\u00e9 e solidariedade no contexto da pandemia.<\/p>\n<p style=\"text-align: justify;\">O diretor-presidente da Associa\u00e7\u00e3o Nacional de Escolas Cat\u00f3licas (ANEC), padre Jo\u00e3o Batista, afirma que a organiza\u00e7\u00e3o se soma \u00e0 A\u00e7\u00e3o Solid\u00e1ria \u201c\u00c9 Tempo de Cuidar\u201d com o objetivo de ajudar ainda mais as pessoas em situa\u00e7\u00e3o de vulnerabilidade, al\u00e9m de fortalecer a solidariedade nas institui\u00e7\u00f5es educacionais cat\u00f3licas do Brasil.<\/p>\n<blockquote><p>\u201cA ANEC tem mobilizado as associadas para contribuir com as a\u00e7\u00f5es da Campanha. Al\u00e9m de enviar as iniciativas de solidariedade que tem sido realizadas nas institui\u00e7\u00f5es durante esse per\u00edodo, a Associa\u00e7\u00e3o tem convidado outras associadas \u00e0 tamb\u00e9m participar. Nos canais de comunica\u00e7\u00e3o, a ANEC tem estimulado ainda mais a articula\u00e7\u00e3o e a doa\u00e7\u00e3o de outras escolas e universidades\u201d, disse.<\/p><\/blockquote>\n<h3 style=\"text-align: justify;\">Organiza\u00e7\u00e3o da caridade<\/h3>\n<p style=\"text-align: justify;\">A presidente da Confer\u00eancia Nacional dos Religiosos do Brasil (CRB), irm\u00e3 Maria In\u00eas Ribeiro, chama a aten\u00e7\u00e3o para o fato de que \u201ca fome n\u00e3o espera\u201d.\u00a0 Ela convida todas congrega\u00e7\u00f5es religiosas presentes no territ\u00f3rio brasileiro a se unirem numa \u00fanica luta pelo direito a se alimentar. \u201cPor isso, a CRB se junta a outros organismos da Igreja no Brasil nesta oportuna campanha: \u00c9 tempo de cuidar\u201d, conclamou.<\/p>\n<p style=\"text-align: justify;\">O secret\u00e1rio executivo de Campanhas da CNBB, padre Patriky Samuel Batista, salienta que a A\u00e7\u00e3o Solid\u00e1ria Emergencial \u201c\u00c9 Tempo de Cuidar\u201d ajuda a organizar, na Igreja no Brasil, o servi\u00e7o da caridade. \u201cTrata-se de uma a\u00e7\u00e3o que estamos intensificando agora por conta da pandemia, mas que precisa ser permanente para trabalhar esta dimens\u00e3o da vida dos crist\u00e3os e cat\u00f3licos: a doa\u00e7\u00e3o e a caridade\u201d, disse.<\/p>\n<p style=\"text-align: justify;\">A secret\u00e1ria-executiva do Movimento de Educa\u00e7\u00e3o de Base (Meb), irm\u00e3 Delci Franzen, informa que a organiza\u00e7\u00e3o ampliou os parceiros doadores e o volume de alimentos arrecadados, buscando superar uma tonelada de alimentos ao m\u00eas. \u201cNesta dire\u00e7\u00e3o o objetivo \u00e9 fortalecer os n\u00facleos de base do MEB em diversos estados para colaborar na divulga\u00e7\u00e3o, mobiliza\u00e7\u00e3o e arrecada\u00e7\u00e3o de alimentos junto com dioceses e par\u00f3quias, informando as a\u00e7\u00f5es e seus resultados na plataforma da Campanha\u201d, disse.<\/p>\n<h3 style=\"text-align: justify;\"><strong>Programa\u00e7\u00e3o da Semana de Mobiliza\u00e7\u00e3o:<\/strong><\/h3>\n<p style=\"text-align: justify;\"><strong><br \/>\n8 de Junho<\/strong>\u00a0\u2013\u00a0<em>Abertura<\/em><br \/>\n9h \u2013\u00a0<strong>Santa Missa<\/strong>\u00a0na Casa Bom Samaritano- Bras\u00edlia (DF), presidida pelo secret\u00e1rio-geral da CNBB, dom Joel Portella Amado<br \/>\nGera\u00e7\u00e3o de Sinal: Rede Vida e transmiss\u00e3o pelas tvs de inspira\u00e7\u00e3o cat\u00f3licas do Brasil<br \/>\n19h30 \u2013\u00a0<strong>Live<\/strong>\u00a0nas redes sociais das entidades parceiras<\/p>\n<p style=\"text-align: justify;\"><strong>12 junho<\/strong>\u00a0\u2013\u00a0<em>Dia especial de doa\u00e7\u00f5es em todo o pa\u00eds<\/em><br \/>\n6h45 \u2013\u00a0<strong>Santa Missa<\/strong>\u00a0no Santu\u00e1rio Bom Jesus da Lapa, presidida pelo bispo dom\u00a0Jo\u00e3o Santos Cardoso<br \/>\nA\u00e7\u00f5es locais de arrecada\u00e7\u00e3o em\u00a0<strong>drive thrus<\/strong>\u00a0organizado por comunidades e par\u00f3quias cat\u00f3licas<br \/>\nGera\u00e7\u00e3o de sinal: TV Aparecida e retransmitido pelas tvs de inspira\u00e7\u00e3o cat\u00f3lica<\/p>\n<h3 style=\"text-align: justify;\">Como registrar as a\u00e7\u00f5es<\/h3>\n<p style=\"text-align: justify;\">A A\u00e7\u00e3o Emergencial Solid\u00e1ria \u00c9 Tempo de Cuidar lan\u00e7ou, no dia 20 de maio, um v\u00eddeo que explica o passo a passo do cadastro de atividades na plataforma de registro da campanha. A organiza\u00e7\u00e3o da A\u00e7\u00e3o Solidaria Emergencial pede que todas as a\u00e7\u00f5es realizadas por dioceses, pastorais, organismos e congrega\u00e7\u00f5es sejam registradas na plataforma criada para sistematizar os dados. O registro ajudar\u00e1 a tornar n\u00edtidos o impacto e a abrang\u00eancia dessa que tem sido considerada a maior a\u00e7\u00e3o solid\u00e1ria na hist\u00f3ria recente da Igreja Cat\u00f3lica no Brasil.<\/p>\n<p style=\"text-align: justify;\">Segundo a C\u00e1ritas Brasileira, organiza\u00e7\u00e3o que coordena a sistematiza\u00e7\u00e3o dos dados, desde o in\u00edcio da segunda fase, no dia 11 de abril, domingo da Miseric\u00f3rdia, a A\u00e7\u00e3o j\u00e1 arrecadou 1 tonelada e meia de itens aliment\u00edcios, R$ 140.000,00, 252 mil alimentos para consumo (marmitas), 117 mil kits de higiene pessoal, 115 mil equipamentos de prote\u00e7\u00e3o individual e 53 mil unidades de roupas e cal\u00e7ados. A atualiza\u00e7\u00e3o dos n\u00fameros pode ser acompanhada\u00a0<a href=\"https:\/\/app.powerbi.com\/view?r=eyJrIjoiMWQ0NDZkZDEtM2M5Zi00OTlhLWE2Y2EtMWM0YjA1ZWU3Yjg3IiwidCI6ImFmN2U3OTcxLTI3MTUtNGEwNy1hYmI2LTIwODE5ZWU2MjczNSJ9\" target=\"_blank\" rel=\"noopener\">aqui na Plataforma de registro das a\u00e7\u00f5es.<\/a><\/p>\n<p style=\"text-align: justify;\"><strong>Saiba como registrar a a\u00e7\u00e3o na sua cidade atrav\u00e9s do v\u00eddeo:\u00a0<\/strong><\/p>\n<div>\n<p><iframe loading=\"lazy\" title=\"Registro de informac\u0327o\u0303es - Ac\u0327a\u0303o Solida\u0301ria Emergencial \u201cE\u0301 Tempo de Cuidar\u201d\" width=\"696\" height=\"392\" src=\"https:\/\/www.youtube.com\/embed\/S2VVRC9DHNY?feature=oembed\" frameborder=\"0\" allow=\"accelerometer; autoplay; clipboard-write; encrypted-media; gyroscope; picture-in-picture\" allowfullscreen><\/iframe><\/p>\n<\/div>\n","protected":false},"excerpt":{"rendered":"<p>De 8 a 12 de junho pr\u00f3ximo, a A\u00e7\u00e3o Solid\u00e1ria Emergencial \u201c\u00c9 Tempo de Cuidar\u201d desenvolver\u00e1 uma s\u00e9rie de atividades com o objetivo de intensificar a arrecada\u00e7\u00e3o de alimentos em todo o Brasil. A a\u00e7\u00e3o \u00e9 uma iniciativa da Confer\u00eancia Nacional dos Bispos do Brasil (CNBB) e da C\u00e1ritas Brasileira, fortalecida com a parceria da [&hellip;]<\/p>\n","protected":false},"author":1,"featured_media":67782,"comment_status":"open","ping_status":"closed","sticky":false,"template":"","format":"standard","meta":{"footnotes":""},"categories":[7],"tags":[],"class_list":["post-67781","post","type-post","status-publish","format-standard","has-post-thumbnail","hentry","category-cnbb"],"_links":{"self":[{"href":"https:\/\/catolicanet.net\/wp-cnet\/wp-json\/wp\/v2\/posts\/67781","targetHints":{"allow":["GET"]}}],"collection":[{"href":"https:\/\/catolicanet.net\/wp-cnet\/wp-json\/wp\/v2\/posts"}],"about":[{"href":"https:\/\/catolicanet.net\/wp-cnet\/wp-json\/wp\/v2\/types\/post"}],"author":[{"embeddable":true,"href":"https:\/\/catolicanet.net\/wp-cnet\/wp-json\/wp\/v2\/users\/1"}],"replies":[{"embeddable":true,"href":"https:\/\/catolicanet.net\/wp-cnet\/wp-json\/wp\/v2\/comments?post=67781"}],"version-history":[{"count":1,"href":"https:\/\/catolicanet.net\/wp-cnet\/wp-json\/wp\/v2\/posts\/67781\/revisions"}],"predecessor-version":[{"id":67783,"href":"https:\/\/catolicanet.net\/wp-cnet\/wp-json\/wp\/v2\/posts\/67781\/revisions\/67783"}],"wp:featuredmedia":[{"embeddable":true,"href":"https:\/\/catolicanet.net\/wp-cnet\/wp-json\/wp\/v2\/media\/67782"}],"wp:attachment":[{"href":"https:\/\/catolicanet.net\/wp-cnet\/wp-json\/wp\/v2\/media?parent=67781"}],"wp:term":[{"taxonomy":"category","embeddable":true,"href":"https:\/\/catolicanet.net\/wp-cnet\/wp-json\/wp\/v2\/categories?post=67781"},{"taxonomy":"post_tag","embeddable":true,"href":"https:\/\/catolicanet.net\/wp-cnet\/wp-json\/wp\/v2\/tags?post=67781"}],"curies":[{"name":"wp","href":"https:\/\/api.w.org\/{rel}","templated":true}]}}