{"id":67764,"date":"2021-05-31T09:31:31","date_gmt":"2021-05-31T12:31:31","guid":{"rendered":"https:\/\/catolicanet.net\/wp-cnet\/?p=67764"},"modified":"2021-05-31T14:37:32","modified_gmt":"2021-05-31T17:37:32","slug":"francisco-o-esporte-e-um-medicamento-para-o-individualismo-de-nossas-sociedades","status":"publish","type":"post","link":"https:\/\/catolicanet.net\/wp-cnet\/francisco-o-esporte-e-um-medicamento-para-o-individualismo-de-nossas-sociedades\/","title":{"rendered":"Francisco: o esporte \u00e9 um medicamento para o individualismo de nossas sociedades"},"content":{"rendered":"<div class=\"article__subTitle\" style=\"text-align: justify;\">O Papa sublinhou dois aspectos importantes da atividade esportiva: ser uma equipe e disciplina. Segundo ele, o esporte &#8220;\u00e9 uma escola de forma\u00e7\u00e3o e educa\u00e7\u00e3o, especialmente para crian\u00e7as e jovens&#8221;.<\/div>\n<div class=\"title__separator\" style=\"text-align: justify;\"><\/div>\n<div class=\"article__text \">\n<p style=\"text-align: justify;\"><b>Mariangela Jaguraba &#8211; Vatican News<\/b><\/p>\n<p style=\"text-align: justify;\">O Papa Francisco recebeu em audi\u00eancia, nesta segunda-feira (31\/05), na Sala Clementina, no Vaticano, uma delega\u00e7\u00e3o da Federa\u00e7\u00e3o Italiana de Basquete, por ocasi\u00e3o de seus cem anos de funda\u00e7\u00e3o.<\/p>\n<div style=\"text-align: justify;\">\n<div class=\"article__embed article__embed--unwrap article__embed--dark\">\n<div class=\"article__innerTitle\">Ou\u00e7a e compartilhe<\/div>\n<div>\n<audio class=\"wp-audio-shortcode\" id=\"audio-67764-1\" preload=\"none\" style=\"width: 100%;\" controls=\"controls\"><source type=\"audio\/mpeg\" src=\"https:\/\/media.vaticannews.va\/media\/audio\/s1\/2021\/05\/31\/14\/136067782_F136067782.mp3?_=1\" \/><a href=\"https:\/\/media.vaticannews.va\/media\/audio\/s1\/2021\/05\/31\/14\/136067782_F136067782.mp3\">https:\/\/media.vaticannews.va\/media\/audio\/s1\/2021\/05\/31\/14\/136067782_F136067782.mp3<\/a><\/audio>\n<\/div>\n<\/div>\n<\/div>\n<p style=\"text-align: justify;\">Francisco recordou &#8220;um jogo disputado em 1955 na Pra\u00e7a S\u00e3o Pedro, diante do Papa Pio XII&#8221;, e sublinhou que nos anos seguintes, &#8220;a rela\u00e7\u00e3o entre a Igreja e o mundo do esporte foi sempre cultivada na consci\u00eancia de que ambos, de diferentes maneiras, est\u00e3o ao servi\u00e7o do crescimento integral da pessoa e podem oferecer uma contribui\u00e7\u00e3o preciosa \u00e0 nossa sociedade&#8221;.<\/p>\n<h2 style=\"text-align: justify;\">Saber jogar em equipe<\/h2>\n<p style=\"text-align: justify;\">A seguir, o Papa sublinhou dois aspectos importantes da atividade esportiva. A primeira,\u00a0<b>ser uma equipe<\/b>.<\/p>\n<p style=\"text-align: justify;\"><i>Existem alguns esportes que s\u00e3o chamados de &#8220;individuais&#8221;. No entanto, o esporte sempre ajuda as pessoas a entrarem em contato umas com as outras, a criar amizade entre pessoas diferentes, muitas vezes desconhecidas, que apesar de virem de diferentes contextos se re\u00fanem e lutam por um objetivo comum. Duas coisas s\u00e3o importantes: estar unidos e ter um objetivo. Neste sentido, o esporte \u00e9 um medicamento para o individualismo de nossas sociedades, que muitas vezes gera um eu isolado e triste, tornando-nos incapazes de &#8220;jogar em equipe&#8221; e cultivar uma paix\u00e3o por algum bom ideal. Atrav\u00e9s de seu compromisso com o esporte, voc\u00eas nos lembram o valor da fraternidade, que tamb\u00e9m est\u00e1 no cora\u00e7\u00e3o do Evangelho.\u00a0<\/i><\/p>\n<h2 style=\"text-align: justify;\">Disciplina interior<\/h2>\n<p style=\"text-align: justify;\">O segundo aspecto, uma atitude do esportista, \u00e9 a\u00a0<b>disciplina<\/b>.<\/p>\n<p style=\"text-align: justify;\"><i>Muitos jovens e adultos apaixonados por esporte e que os seguem, torcendo por voc\u00eas, \u00e0s vezes n\u00e3o conseguem imaginar quanto trabalho e treinamento h\u00e1 por tr\u00e1s de uma competi\u00e7\u00e3o. Isto exige muita disciplina, n\u00e3o s\u00f3 f\u00edsica, mas tamb\u00e9m interior: exerc\u00edcio f\u00edsico, const\u00e2ncia, aten\u00e7\u00e3o a uma vida ordenada em termos de hor\u00e1rios e alimenta\u00e7\u00e3o, descanso alternado com a fadiga do treinamento. Esta disciplina \u00e9 uma escola de forma\u00e7\u00e3o e educa\u00e7\u00e3o, especialmente para crian\u00e7as e jovens. Isso os ajuda a entender como \u00e9 importante, e desculpem-me se cito Santo In\u00e1cio de Loyola, aprender a &#8220;colocar a vida em ordem&#8221;. Esta disciplina n\u00e3o pretende nos tornar r\u00edgidos, mas nos tornar respons\u00e1veis: por n\u00f3s mesmos, pelas coisas que nos s\u00e3o confiadas, pelos outros e pela vida em geral. Ajuda tamb\u00e9m a vida espiritual, que n\u00e3o pode ser deixada apenas \u00e0s emo\u00e7\u00f5es, nem pode ser vivida em fases alternadas, &#8220;somente quando eu quero&#8221;. A vida espiritual tamb\u00e9m precisa de uma disciplina interior composta de fidelidade, const\u00e2ncia e um compromisso di\u00e1rio com a ora\u00e7\u00e3o. Sem treinamento interior constante, a f\u00e9 corre o risco de se apagar.<\/i><\/p>\n<h2 style=\"text-align: justify;\">Aceitar as derrotas com maturidade<\/h2>\n<p style=\"text-align: justify;\">O Papa concluiu, dizendo que &#8220;o basquete \u00e9 um esporte que se eleva para o c\u00e9u porque, como disse um ex-jogador famoso, \u00e9 um esporte que olha para o alto, para a cesta e, portanto, \u00e9 um verdadeiro desafio para todos aqueles que est\u00e3o acostumados a viver com os olhos sempre voltados para o ch\u00e3o&#8221;. &#8220;Gostaria que esta fosse uma tarefa nobre para voc\u00eas: promover o jogo saud\u00e1vel entre crian\u00e7as e adolescentes, ajudar os jovens a olharem para cima, a nunca desistir&#8221;, disse ainda o Pont\u00edfice.<\/p>\n<p style=\"text-align: justify;\">Francisco concluiu, enfatizando como deve ser a\u00a0<b>atitude diante da derrota<\/b>. O Pont\u00edfice disse que contaram para ele, dias atr\u00e1s, que num certo local, &#8220;houve um vencedor e um que ficou em segundo lugar. O que ficou em segundo lugar beijou a medalha. Normalmente, quando ficamos em segundo lugar, ficamos amuados, tristes, e n\u00e3o digo que jogamos a medalha fora, mas gostar\u00edamos de faz\u00ea-lo. Mas ele beijou a medalha. Isso nos ensina que mesmo na derrota pode haver vit\u00f3ria. \u00c9 preciso\u00a0<b>aceitar as derrotas com maturidade<\/b>, porque isso faz crescer, faz entender que na vida n\u00e3o \u00e9 sempre tudo doce, que n\u00e3o se vence sempre. \u00c0s vezes, se experimenta a derrota. Quando um esportista, uma esportista, sabe \u201cvencer a derrota\u201d desta forma, com dignidade, com humanidade, com um grande cora\u00e7\u00e3o, esta \u00e9 uma verdadeira honra,\u00a0<b>uma verdadeira vit\u00f3ria humana<\/b>&#8220;.<\/p>\n<\/div>\n","protected":false},"excerpt":{"rendered":"<p>O Papa sublinhou dois aspectos importantes da atividade esportiva: ser uma equipe e disciplina. Segundo ele, o esporte &#8220;\u00e9 uma escola de forma\u00e7\u00e3o e educa\u00e7\u00e3o, especialmente para crian\u00e7as e jovens&#8221;. Mariangela Jaguraba &#8211; Vatican News O Papa Francisco recebeu em audi\u00eancia, nesta segunda-feira (31\/05), na Sala Clementina, no Vaticano, uma delega\u00e7\u00e3o da Federa\u00e7\u00e3o Italiana de [&hellip;]<\/p>\n","protected":false},"author":1,"featured_media":67765,"comment_status":"open","ping_status":"closed","sticky":false,"template":"","format":"standard","meta":{"footnotes":""},"categories":[3],"tags":[],"class_list":["post-67764","post","type-post","status-publish","format-standard","has-post-thumbnail","hentry","category-vaticano"],"_links":{"self":[{"href":"https:\/\/catolicanet.net\/wp-cnet\/wp-json\/wp\/v2\/posts\/67764","targetHints":{"allow":["GET"]}}],"collection":[{"href":"https:\/\/catolicanet.net\/wp-cnet\/wp-json\/wp\/v2\/posts"}],"about":[{"href":"https:\/\/catolicanet.net\/wp-cnet\/wp-json\/wp\/v2\/types\/post"}],"author":[{"embeddable":true,"href":"https:\/\/catolicanet.net\/wp-cnet\/wp-json\/wp\/v2\/users\/1"}],"replies":[{"embeddable":true,"href":"https:\/\/catolicanet.net\/wp-cnet\/wp-json\/wp\/v2\/comments?post=67764"}],"version-history":[{"count":2,"href":"https:\/\/catolicanet.net\/wp-cnet\/wp-json\/wp\/v2\/posts\/67764\/revisions"}],"predecessor-version":[{"id":67768,"href":"https:\/\/catolicanet.net\/wp-cnet\/wp-json\/wp\/v2\/posts\/67764\/revisions\/67768"}],"wp:featuredmedia":[{"embeddable":true,"href":"https:\/\/catolicanet.net\/wp-cnet\/wp-json\/wp\/v2\/media\/67765"}],"wp:attachment":[{"href":"https:\/\/catolicanet.net\/wp-cnet\/wp-json\/wp\/v2\/media?parent=67764"}],"wp:term":[{"taxonomy":"category","embeddable":true,"href":"https:\/\/catolicanet.net\/wp-cnet\/wp-json\/wp\/v2\/categories?post=67764"},{"taxonomy":"post_tag","embeddable":true,"href":"https:\/\/catolicanet.net\/wp-cnet\/wp-json\/wp\/v2\/tags?post=67764"}],"curies":[{"name":"wp","href":"https:\/\/api.w.org\/{rel}","templated":true}]}}