{"id":67711,"date":"2021-05-24T10:50:39","date_gmt":"2021-05-24T13:50:39","guid":{"rendered":"https:\/\/catolicanet.net\/wp-cnet\/?p=67711"},"modified":"2021-05-24T15:56:05","modified_gmt":"2021-05-24T18:56:05","slug":"a-oracao-de-francisco-pelos-catolicos-chineses","status":"publish","type":"post","link":"https:\/\/catolicanet.net\/wp-cnet\/a-oracao-de-francisco-pelos-catolicos-chineses\/","title":{"rendered":"A ora\u00e7\u00e3o de Francisco pelos cat\u00f3licos chineses"},"content":{"rendered":"<figure class=\"article__image\" style=\"text-align: justify;\"><span class=\"didascalia_img\">Nossa Senhora de Sheshan \u00e9 celebrada em 24 de maio\u00a0<\/span><\/figure>\n<div class=\"article__meta\" style=\"text-align: justify;\"><\/div>\n<div>\n<div class=\"article__subTitle\" style=\"text-align: justify;\">O Papa Francisco convidou os fi\u00e9is de todo o mundo a se unirem em ora\u00e7\u00e3o amanh\u00e3 com os cat\u00f3licos chineses, que celebram no dia 24 de maio sua padroeira. \u201cQue o Esp\u00edrito Santo, protagonista da miss\u00e3o da Igreja no mundo, os guie e os ajude a ser portadores do alegre an\u00fancio, testemunhas de bondade e de caridade, e construtores em sua p\u00e1tria de justi\u00e7a e de paz.\u201d<\/div>\n<div class=\"title__separator\" style=\"text-align: justify;\"><\/div>\n<div class=\"article__text \">\n<p style=\"text-align: justify;\"><b>Vatican News<\/b><\/p>\n<p style=\"text-align: justify;\">Antes de se despedir dos fi\u00e9is na Pra\u00e7a S\u00e3o Pedro, ao final do Regina Coeli o Papa recordou que os cat\u00f3licos chineses celebram amanh\u00e3 a sua padroeira, Nossa Senhora Aux\u00edlio dos Crist\u00e3os.<\/p>\n<div style=\"text-align: justify;\">\n<div class=\"article__embed article__embed--unwrap article__embed--dark\">\n<div class=\"article__innerTitle\">Ou\u00e7a os apelos do Papa neste domingo<\/div>\n<\/div>\n<\/div>\n<p style=\"text-align: justify;\">A Virgem \u00e9 venerada de modo especial no Santu\u00e1rio de Sheshan, em Shanghai, e \u00e9 invocada assiduamente pelas fam\u00edlias crist\u00e3s nas prova\u00e7\u00f5es e esperan\u00e7as da vida cotidiana.<\/p>\n<p style=\"text-align: justify;\">\u201cQuanto \u00e9 bom e quanto \u00e9 necess\u00e1rio que os membros de uma fam\u00edlia e de uma comunidade crist\u00e3 estejam sempre mais unidos no amor e na f\u00e9! Deste modo, os pais e os filhos, os av\u00f3s e as crian\u00e7as, os pastores e os fi\u00e9is podem seguir o exemplo dos primeiros disc\u00edpulos que, na Solenidade de Pentecostes, eram un\u00e2nimes na ora\u00e7\u00e3o com Maria \u00e0 espera do Esp\u00edrito Santo.\u201d<\/p>\n<p style=\"text-align: justify;\">O Papa ent\u00e3o convidou os presentes a acompanharem na ora\u00e7\u00e3o os fi\u00e9is na China, \u201cnossos car\u00edssimos irm\u00e3os e irm\u00e3s que levo no profundo do meu cora\u00e7\u00e3o\u201d.<\/p>\n<div>\n<div class=\"article__embed article__embed--border embed_style\">\n<blockquote>\n<p style=\"text-align: justify;\">\u201cQue o Esp\u00edrito Santo, protagonista da miss\u00e3o da Igreja no mundo, os guie e os ajude a ser portadores do alegre an\u00fancio, testemunhas de bondade e de caridade, e construtores em sua p\u00e1tria de justi\u00e7a e de paz.\u201d<\/p>\n<\/blockquote>\n<\/div>\n<\/div>\n<\/div>\n<\/div>\n","protected":false},"excerpt":{"rendered":"<p>Nossa Senhora de Sheshan \u00e9 celebrada em 24 de maio\u00a0 O Papa Francisco convidou os fi\u00e9is de todo o mundo a se unirem em ora\u00e7\u00e3o amanh\u00e3 com os cat\u00f3licos chineses, que celebram no dia 24 de maio sua padroeira. \u201cQue o Esp\u00edrito Santo, protagonista da miss\u00e3o da Igreja no mundo, os guie e os ajude [&hellip;]<\/p>\n","protected":false},"author":1,"featured_media":67713,"comment_status":"open","ping_status":"closed","sticky":false,"template":"","format":"standard","meta":{"footnotes":""},"categories":[3],"tags":[],"class_list":["post-67711","post","type-post","status-publish","format-standard","has-post-thumbnail","hentry","category-vaticano"],"_links":{"self":[{"href":"https:\/\/catolicanet.net\/wp-cnet\/wp-json\/wp\/v2\/posts\/67711","targetHints":{"allow":["GET"]}}],"collection":[{"href":"https:\/\/catolicanet.net\/wp-cnet\/wp-json\/wp\/v2\/posts"}],"about":[{"href":"https:\/\/catolicanet.net\/wp-cnet\/wp-json\/wp\/v2\/types\/post"}],"author":[{"embeddable":true,"href":"https:\/\/catolicanet.net\/wp-cnet\/wp-json\/wp\/v2\/users\/1"}],"replies":[{"embeddable":true,"href":"https:\/\/catolicanet.net\/wp-cnet\/wp-json\/wp\/v2\/comments?post=67711"}],"version-history":[{"count":1,"href":"https:\/\/catolicanet.net\/wp-cnet\/wp-json\/wp\/v2\/posts\/67711\/revisions"}],"predecessor-version":[{"id":67712,"href":"https:\/\/catolicanet.net\/wp-cnet\/wp-json\/wp\/v2\/posts\/67711\/revisions\/67712"}],"wp:featuredmedia":[{"embeddable":true,"href":"https:\/\/catolicanet.net\/wp-cnet\/wp-json\/wp\/v2\/media\/67713"}],"wp:attachment":[{"href":"https:\/\/catolicanet.net\/wp-cnet\/wp-json\/wp\/v2\/media?parent=67711"}],"wp:term":[{"taxonomy":"category","embeddable":true,"href":"https:\/\/catolicanet.net\/wp-cnet\/wp-json\/wp\/v2\/categories?post=67711"},{"taxonomy":"post_tag","embeddable":true,"href":"https:\/\/catolicanet.net\/wp-cnet\/wp-json\/wp\/v2\/tags?post=67711"}],"curies":[{"name":"wp","href":"https:\/\/api.w.org\/{rel}","templated":true}]}}