{"id":67684,"date":"2021-05-22T11:13:20","date_gmt":"2021-05-22T14:13:20","guid":{"rendered":"https:\/\/catolicanet.net\/wp-cnet\/?p=67684"},"modified":"2021-05-24T13:15:16","modified_gmt":"2021-05-24T16:15:16","slug":"vigilia-de-pentecostes-2","status":"publish","type":"post","link":"https:\/\/catolicanet.net\/wp-cnet\/vigilia-de-pentecostes-2\/","title":{"rendered":"Vig\u00edlia de Pentecostes"},"content":{"rendered":"<p style=\"text-align: center;\"><em>O amor de Deus foi derramado em nossos cora\u00e7\u00f5es pelo seu Esp\u00edrito que habita em n\u00f3s, aleluia! (Rm 5,5; 10,11)<\/em><\/p>\n<p style=\"text-align: justify;\">Celebramos neste s\u00e1bado, dia 22 de maio, a Solene Vig\u00edlia de Pentecostes, que \u00e9 uma das vig\u00edlias mais importantes e belas da Igreja, pois acontece na noite antes do grande dia de Pentecostes, que \u00e9 a manifesta\u00e7\u00e3o do Esp\u00edrito Santo sobre n\u00f3s.<\/p>\n<p style=\"text-align: justify;\">O Papa Francisco pediu que nesta noite a Igreja se unisse \u00e0 celebra\u00e7\u00e3o na Igreja de Santo Est\u00eav\u00e3o em Jerusal\u00e9m promovida pelos Ordin\u00e1rios cat\u00f3licos na Cidade Santa e rez\u00e1ssemos pela Paz na Terra Santa. Aqui em nossa Regi\u00e3o Metropolitana acrescentamos tamb\u00e9m o pedido por esta nossa regi\u00e3o como dissemos em mensagem ao nosso povo no dia de ontem.<\/p>\n<p style=\"text-align: justify;\">As vig\u00edlias sempre acontecem antes de uma celebra\u00e7\u00e3o importante do calend\u00e1rio crist\u00e3o, para que todos os fi\u00e9is possam entrar no clima e preparar o seu cora\u00e7\u00e3o para a celebra\u00e7\u00e3o t\u00e3o importante do dia seguinte. Algumas vig\u00edlias que temos na Igreja s\u00e3o a Vig\u00edlia da P\u00e1scoa (celebrada no S\u00e1bado Santo \u00e0 noite) e a Vig\u00edlia do Natal (celebrada na noite do dia 24 de dezembro), al\u00e9m da Vig\u00edlia de Pentecostes. Existem algumas outras que, por tradi\u00e7\u00e3o tamb\u00e9m acontecem. Em geral s\u00e3o lucern\u00e1rios que falam da import\u00e2ncia de sermos iluminados pelo Cristo, luz do mundo.<\/p>\n<p style=\"text-align: justify;\">A vig\u00edlia, normalmente, \u00e9 celebrada \u00e0 noite, ap\u00f3s as 18h, para perdurar durante a noite toda, mas \u00e9 claro que devido a nossa realidade atual, as vig\u00edlias duram cerca de duas a tr\u00eas horas para n\u00e3o expor as pessoas ao risco. O sentido da vig\u00edlia \u00e9 de fato se celebrar \u00e0 noite ou madrugada, para aguardar em ora\u00e7\u00e3o o grande dia que vai chegar ao amanhecer. \u00c9 na verdade uma abertura do nosso esp\u00edrito \u00e0 ora\u00e7\u00e3o e ao di\u00e1logo com Deus. Em algumas ordens religiosas sempre a v\u00e9spera de grandes festas tamb\u00e9m se prepara com jejum e penit\u00eancia.<\/p>\n<p style=\"text-align: justify;\">Jesus disse aos disc\u00edpulos: <em>\u201cVigiai e orai, para n\u00e3o cairdes em tenta\u00e7\u00e3o\u201d. <\/em>A inten\u00e7\u00e3o de passarmos a noite em vig\u00edlia \u00e9 preparar o nosso cora\u00e7\u00e3o e o nosso esp\u00edrito para n\u00e3o cairmos em nenhuma tenta\u00e7\u00e3o e estarmos com o cora\u00e7\u00e3o purificado para a grande festa do dia seguinte. Quantas vezes nos \u00e9 relatado no Evangelho que Jesus passou a noite em ora\u00e7\u00e3o, pedindo ao Pai a plenitude do Esp\u00edrito, e \u00e9 exatamente isso que fazemos na Vig\u00edlia de Pentecostes: pedimos que o Esp\u00edrito Santo venha com todos os seus dons sobre n\u00f3s.<\/p>\n<p style=\"text-align: justify;\">A celebra\u00e7\u00e3o de Pentecostes coroa as celebra\u00e7\u00f5es do Tempo Pascal, que \u00e9 o centro do calend\u00e1rio crist\u00e3o. Celebramos com o dia de Pentecostes a plenitude do Esp\u00edrito Santo que veio at\u00e9 n\u00f3s com todos os seus dons. Jesus, ao voltar ao Pai, promete aos disc\u00edpulos que n\u00e3o os deixaria \u00f3rf\u00e3os, mas enviaria do c\u00e9u, o defensor. Assim, pedimos durante a celebra\u00e7\u00e3o de Pentecostes que esse Esp\u00edrito Santo venha at\u00e9 n\u00f3s e nos livre de todos os perigos.<\/p>\n<p style=\"text-align: justify;\">Para primeira leitura dessa vig\u00edlia s\u00e3o oferecidas 4 leituras \u00e0 escolha. Alguns, inclusive, em tempos normais, costumam l\u00ea-las todas.\u00a0 A primeira sugest\u00e3o \u00e9 a do livro de G\u00eanesis (<em>Gn11,1-9), <\/em>e nos apresenta a constru\u00e7\u00e3o da chamada \u201cTorre de Babel\u201d. Todas as pessoas da terra falavam uma l\u00edngua s\u00f3. Eles queriam que com a constru\u00e7\u00e3o da torre eles ficassem famosos, pois o cume da torre atingiria o c\u00e9u. Vendo aquilo, o Senhor resolve intervir e ver que cidade e que torre eles estavam construindo. O Senhor percebe que aquele era s\u00f3 o come\u00e7o de seus empreendimentos e o Senhor decide descer \u00e0 terra e misturar as suas l\u00ednguas, ou seja, cada um falaria uma l\u00edngua, de modo que n\u00e3o se entenderiam. E o Senhor os dispersou pela superf\u00edcie da terra e eles cessaram de construir a torre. O modo como o autor sagrado fala da multiplicidade das l\u00ednguas reflete o ego\u00edsmo e a gan\u00e2ncia das pessoas.<\/p>\n<p style=\"text-align: justify;\">O Salmo Responsorial <em>103 (104) <\/em>nos diz em seu refr\u00e3o: \u201c<em>Enviai vosso Esp\u00edrito, Senhor, e da terra toda a face renovai\u201d. <\/em>Ainda mais nesses tempos que vivemos atualmente, principalmente devido \u00e0 Covid-19, precisamos que o Senhor envie o seu Esp\u00edrito e tudo seja renovado. Que tudo possa se fazer novo, sobretudo, o cora\u00e7\u00e3o de cada ser humano, abrindo sempre mais o espa\u00e7o para o amor.<\/p>\n<p style=\"text-align: justify;\">Na segunda (ou quinta) leitura, (Rm <em>8,22-27), <\/em>Paulo relata em sua carta aos romanos que toda a humanidade est\u00e1 gemendo, como em dores de parto. Um contexto bem atual para os nossos dias de hoje que necessitamos de unidade e de paz, frutos do Esp\u00edrito Santo.<\/p>\n<p style=\"text-align: justify;\">Com a celebra\u00e7\u00e3o de Pentecostes, aguardamos ansiosamente a liberta\u00e7\u00e3o de tudo isso que estamos passando e poderemos celebrar os frutos que esse Esp\u00edrito deixar\u00e1 em n\u00f3s. Que possamos nutrir em n\u00f3s a esperan\u00e7a em dias melhores, uma esperan\u00e7a que adv\u00e9m do Esp\u00edrito Santo.<\/p>\n<p style=\"text-align: justify;\">No Evangelho (<em>Jo7,37-39), <\/em>Jesus \u00e9 a fonte de \u00e1gua viva que sacia a sede da humanidade. Muitos se perguntavam como Ele poderia se dar em comida e bebida. Isso s\u00f3 era poss\u00edvel gra\u00e7as \u00e0 a\u00e7\u00e3o do Esp\u00edrito Santo. Igualmente, nos dias de hoje, somente pela a\u00e7\u00e3o do Esp\u00edrito Santo temos o corpo e sangue de Cristo.<\/p>\n<p style=\"text-align: justify;\">O Esp\u00edrito Santo nos ilumina com a f\u00e9 e, por meio da f\u00e9, podemos acreditar que aquele p\u00e3o e vinho apresentados ao altar se tornaram, pela a\u00e7\u00e3o do Esp\u00edrito, em corpo e sangue de Cristo. Que o Esp\u00edrito Santo de Deus renove a nossa f\u00e9 e a nossa esperan\u00e7a e possamos sempre ter na igreja a presen\u00e7a real de Jesus Cristo, atrav\u00e9s da Eucaristia. Que possamos abrir os nossos olhos para a f\u00e9. Que a a\u00e7\u00e3o do Esp\u00edrito Santo encontrando cora\u00e7\u00f5es abertos em nossas comunidades nos d\u00ea tempos de paz e bonan\u00e7a e que o Senhor nos guarde na palma de Sua m\u00e3o e fa\u00e7a de todos instrumentos de Sua Paz.<\/p>\n","protected":false},"excerpt":{"rendered":"<p>O amor de Deus foi derramado em nossos cora\u00e7\u00f5es pelo seu Esp\u00edrito que habita em n\u00f3s, aleluia! (Rm 5,5; 10,11) Celebramos neste s\u00e1bado, dia 22 de maio, a Solene Vig\u00edlia de Pentecostes, que \u00e9 uma das vig\u00edlias mais importantes e belas da Igreja, pois acontece na noite antes do grande dia de Pentecostes, que \u00e9 [&hellip;]<\/p>\n","protected":false},"author":5,"featured_media":55819,"comment_status":"open","ping_status":"closed","sticky":false,"template":"","format":"standard","meta":{"footnotes":""},"categories":[9],"tags":[],"class_list":["post-67684","post","type-post","status-publish","format-standard","has-post-thumbnail","hentry","category-artigos"],"_links":{"self":[{"href":"https:\/\/catolicanet.net\/wp-cnet\/wp-json\/wp\/v2\/posts\/67684","targetHints":{"allow":["GET"]}}],"collection":[{"href":"https:\/\/catolicanet.net\/wp-cnet\/wp-json\/wp\/v2\/posts"}],"about":[{"href":"https:\/\/catolicanet.net\/wp-cnet\/wp-json\/wp\/v2\/types\/post"}],"author":[{"embeddable":true,"href":"https:\/\/catolicanet.net\/wp-cnet\/wp-json\/wp\/v2\/users\/5"}],"replies":[{"embeddable":true,"href":"https:\/\/catolicanet.net\/wp-cnet\/wp-json\/wp\/v2\/comments?post=67684"}],"version-history":[{"count":1,"href":"https:\/\/catolicanet.net\/wp-cnet\/wp-json\/wp\/v2\/posts\/67684\/revisions"}],"predecessor-version":[{"id":67685,"href":"https:\/\/catolicanet.net\/wp-cnet\/wp-json\/wp\/v2\/posts\/67684\/revisions\/67685"}],"wp:featuredmedia":[{"embeddable":true,"href":"https:\/\/catolicanet.net\/wp-cnet\/wp-json\/wp\/v2\/media\/55819"}],"wp:attachment":[{"href":"https:\/\/catolicanet.net\/wp-cnet\/wp-json\/wp\/v2\/media?parent=67684"}],"wp:term":[{"taxonomy":"category","embeddable":true,"href":"https:\/\/catolicanet.net\/wp-cnet\/wp-json\/wp\/v2\/categories?post=67684"},{"taxonomy":"post_tag","embeddable":true,"href":"https:\/\/catolicanet.net\/wp-cnet\/wp-json\/wp\/v2\/tags?post=67684"}],"curies":[{"name":"wp","href":"https:\/\/api.w.org\/{rel}","templated":true}]}}