{"id":67678,"date":"2021-05-23T08:56:20","date_gmt":"2021-05-23T11:56:20","guid":{"rendered":"https:\/\/catolicanet.net\/wp-cnet\/?p=67678"},"modified":"2021-05-24T13:03:57","modified_gmt":"2021-05-24T16:03:57","slug":"deus-uno-e-trino-4","status":"publish","type":"post","link":"https:\/\/catolicanet.net\/wp-cnet\/deus-uno-e-trino-4\/","title":{"rendered":"Deus uno e trino"},"content":{"rendered":"<p style=\"text-align: justify;\">Apoiados numa rica e extensa fundamenta\u00e7\u00e3o contida na Sagrada Escritura, podemos dizer que em Deus existe uma perfeita unidade, constitu\u00edda pela natureza divina, porque Ele se manifesta de forma trinit\u00e1ria, no Pai, no Filho e no Esp\u00edrito Santo. Isso significa unidade na diversidade de pessoas, realidade de comunh\u00e3o, que \u00e9 proclamada na solenidade da Sant\u00edssima Trindade.<\/p>\n<p style=\"text-align: justify;\">A verdadeira unidade comunit\u00e1ria \u00e9 fruto maduro da pr\u00e1tica do amor, da gratuidade, da valoriza\u00e7\u00e3o das coisas boas que o outro faz, da supera\u00e7\u00e3o de toda forma de inimizade, contenda, rivalidade, competi\u00e7\u00e3o, cr\u00edticas destrutivas etc. A desuni\u00e3o enfrenta um grande desafio, o desencanto por conviv\u00eancia mais fraterna e sadia. Essa pr\u00e1tica pode ser consequ\u00eancia de nega\u00e7\u00e3o da f\u00e9 trinit\u00e1ria.<\/p>\n<p style=\"text-align: justify;\">No gesto de manifesta\u00e7\u00e3o, Deus constr\u00f3i la\u00e7os de profundo amor, porque vai ao encontro das pessoas e chega aos cora\u00e7\u00f5es sens\u00edveis. \u00c9 o la\u00e7o da antiga Alian\u00e7a, de encontro com o ser humano com proposta que conduz ao caminho de vida e de ben\u00e7\u00e3o para o povo. Esse caminho depende tamb\u00e9m da identidade da f\u00e9 no \u00fanico Deus, constru\u00edda pela pr\u00e1tica e fidelidade aos mandamentos.<\/p>\n<p style=\"text-align: justify;\">O Deus, que \u00e9 uno e trino, n\u00e3o \u00e9 um ser divino totalmente sem compromisso, insens\u00edvel e indiferente em rela\u00e7\u00e3o ao sofrimento das pessoas mais desprezadas. Elas s\u00e3o seres humanos e t\u00eam direito \u00e0 paternidade divina e a uma vida digna e plena. Na condi\u00e7\u00e3o de Pai, Deus realiza um profundo gesto divino-humano, acolhe os seus filhos com carinho e amor, e os integra na sua grande fam\u00edlia.<\/p>\n<p style=\"text-align: justify;\">A identidade do crist\u00e3o vem da Sant\u00edssima Trindade, isto \u00e9, do Batismo realizado no nome do Pai, do Filho e do Esp\u00edrito Santo. Da\u00ed surge o que chamamos de \u201cperten\u00e7a\u201d \u00e0 Igreja, formando corpo com os demais crist\u00e3os. A Trindade Santa \u00e9 uma comunidade divina, a fonte da comunidade crist\u00e3 formada pelas pessoas batizadas. S\u00e3o formados la\u00e7os de conviv\u00eancia, onde a responsabilidade \u00e9 de todos.<\/p>\n<p style=\"text-align: justify;\">Na Igreja, como comunidade de crist\u00e3os, neste tempo forte de pandemia, o que mais se evidencia \u00e9 o belo gesto da solidariedade e da partilha fraterna. N\u00e3o h\u00e1 preocupa\u00e7\u00e3o em dar publicidade, mas em todas as in\u00fameras par\u00f3quias espalhadas por todos os cantos do Brasil, os crist\u00e3os t\u00eam demostrado seu compromisso com a vida das pessoas mais necessitadas devido ao tempo pand\u00eamico.<\/p>\n","protected":false},"excerpt":{"rendered":"<p>Apoiados numa rica e extensa fundamenta\u00e7\u00e3o contida na Sagrada Escritura, podemos dizer que em Deus existe uma perfeita unidade, constitu\u00edda pela natureza divina, porque Ele se manifesta de forma trinit\u00e1ria, no Pai, no Filho e no Esp\u00edrito Santo. Isso significa unidade na diversidade de pessoas, realidade de comunh\u00e3o, que \u00e9 proclamada na solenidade da Sant\u00edssima [&hellip;]<\/p>\n","protected":false},"author":11,"featured_media":55820,"comment_status":"open","ping_status":"closed","sticky":false,"template":"","format":"standard","meta":{"footnotes":""},"categories":[9],"tags":[],"class_list":["post-67678","post","type-post","status-publish","format-standard","has-post-thumbnail","hentry","category-artigos"],"_links":{"self":[{"href":"https:\/\/catolicanet.net\/wp-cnet\/wp-json\/wp\/v2\/posts\/67678","targetHints":{"allow":["GET"]}}],"collection":[{"href":"https:\/\/catolicanet.net\/wp-cnet\/wp-json\/wp\/v2\/posts"}],"about":[{"href":"https:\/\/catolicanet.net\/wp-cnet\/wp-json\/wp\/v2\/types\/post"}],"author":[{"embeddable":true,"href":"https:\/\/catolicanet.net\/wp-cnet\/wp-json\/wp\/v2\/users\/11"}],"replies":[{"embeddable":true,"href":"https:\/\/catolicanet.net\/wp-cnet\/wp-json\/wp\/v2\/comments?post=67678"}],"version-history":[{"count":1,"href":"https:\/\/catolicanet.net\/wp-cnet\/wp-json\/wp\/v2\/posts\/67678\/revisions"}],"predecessor-version":[{"id":67679,"href":"https:\/\/catolicanet.net\/wp-cnet\/wp-json\/wp\/v2\/posts\/67678\/revisions\/67679"}],"wp:featuredmedia":[{"embeddable":true,"href":"https:\/\/catolicanet.net\/wp-cnet\/wp-json\/wp\/v2\/media\/55820"}],"wp:attachment":[{"href":"https:\/\/catolicanet.net\/wp-cnet\/wp-json\/wp\/v2\/media?parent=67678"}],"wp:term":[{"taxonomy":"category","embeddable":true,"href":"https:\/\/catolicanet.net\/wp-cnet\/wp-json\/wp\/v2\/categories?post=67678"},{"taxonomy":"post_tag","embeddable":true,"href":"https:\/\/catolicanet.net\/wp-cnet\/wp-json\/wp\/v2\/tags?post=67678"}],"curies":[{"name":"wp","href":"https:\/\/api.w.org\/{rel}","templated":true}]}}