{"id":67670,"date":"2021-05-21T15:34:08","date_gmt":"2021-05-21T18:34:08","guid":{"rendered":"https:\/\/catolicanet.net\/wp-cnet\/?p=67670"},"modified":"2021-05-21T15:34:08","modified_gmt":"2021-05-21T18:34:08","slug":"baixe-o-roteiro-celebrar-em-familia-para-as-solenidades-de-pentecostes-e-da-santissima-trindade","status":"publish","type":"post","link":"https:\/\/catolicanet.net\/wp-cnet\/baixe-o-roteiro-celebrar-em-familia-para-as-solenidades-de-pentecostes-e-da-santissima-trindade\/","title":{"rendered":"BAIXE O ROTEIRO CELEBRAR EM FAM\u00cdLIA PARA AS SOLENIDADES DE PENTECOSTES E DA SANT\u00cdSSIMA TRINDADE"},"content":{"rendered":"<p style=\"text-align: justify;\">A Igreja celebra nos pr\u00f3ximos domingos as solenidades de Pentecostes e da Sant\u00edssima Trindade. A Comiss\u00e3o Episcopal Pastoral para a Liturgia da Confer\u00eancia Nacional dos Bispos do Brasil (CNBB) disponibilizou os roteiros Celebrar em Fam\u00edlia para que as fam\u00edlias rezem em suas casas, meditando a Palavra no Dia do Senhor.<\/p>\n<blockquote><p>Continuamos a oferecer esta sugest\u00e3o de Celebra\u00e7\u00e3o da Palavra de Deus para ser celebrada em sua casa, com seus familiares. S\u00e3o muitos os hor\u00e1rios de transmiss\u00e3o de missas em nossos canais cat\u00f3licos que podemos acompanhar, durante esse tempo de restri\u00e7\u00f5es pela pandemia, mas vivendo a dignidade de povo sacerdotal que nosso batismo nos conferiu, podemos n\u00e3o s\u00f3 acompanhar, mas CELEBRAR com nossas fam\u00edlias o Dia do Senhor.<\/p><\/blockquote>\n<p style=\"text-align: justify;\">\n<h3 style=\"text-align: justify;\">Pentecostes<\/h3>\n<p style=\"text-align: justify;\">Neste domingo, 23 de maio, Solenidade de Pentecostes, a Igreja conclui o Tempo da P\u00e1scoa ao celebrar o envio do Esp\u00edrito Santo sobre os ap\u00f3stolos reunidos no Cen\u00e1culo com Maria. Neste dia, toda a Igreja celebra a sua santifica\u00e7\u00e3o, em todos os povos e na\u00e7\u00f5es, e pede que sejam derramados por toda a extens\u00e3o do mundo os dons do Espirito Santo, e que se realize no cora\u00e7\u00e3o dos fi\u00e9is as maravilhas operadas no in\u00edcio da prega\u00e7\u00e3o do Evangelho.<\/p>\n<p style=\"text-align: justify;\"><a title=\"ROTEIRO CELEBRAR EM FAM\u00cdLIA SOLENIDADE DE PENTECOSTES\" href=\"https:\/\/www.cnbb.org.br\/wp-content\/uploads\/2021\/05\/34-Celebrar-em-Fami%CC%81lia-Solenidade-Pentecostes.pdf\" target=\"_blank\" rel=\"noopener\">BAIXE O ROTEIRO CELEBRAR EM FAM\u00cdLIA PARA A SOLENIDADE DE PENTECOSTES<\/a><\/p>\n<p style=\"text-align: justify;\">\n<h3 style=\"text-align: justify;\">Sant\u00edssima Trindade<\/h3>\n<p style=\"text-align: justify;\">A\u00a0solenidade da Sant\u00edssima Trindade, no dia 30 de maio, celebra o grande mist\u00e9rio do Deus Uno e Trino, revelado na gra\u00e7a de nosso Senhor Jesus Cristo, no amor de Deus Pai e na comunh\u00e3o do Esp\u00edrito Santo. Como ensina o Papa Francisco, \u00e9 \u201cuma festa para contemplar e louvar o mist\u00e9rio do<br \/>\nDeus de Jesus Cristo, que \u00e9 Uno na comunh\u00e3o de tr\u00eas Pessoas: Pai, Filho e Esp\u00edrito Santo, a fim de celebrar com admira\u00e7\u00e3o sempre renovada Deus-Amor, que nos oferece gratuitamente a sua vida e nos pede para a difundir no mundo\u201d.<\/p>\n<p style=\"text-align: justify;\"><a title=\"ROTEIRO CELEBRAR EM FAM\u00cdLIA SOLENIDADE DA SANT\u00cdSSIMA TRINDADE\" href=\"https:\/\/www.cnbb.org.br\/wp-content\/uploads\/2020\/09\/35-Celebrar-em-Familia-Santissima-Trindade..pdf\" target=\"_blank\" rel=\"noopener\">BAIXE O ROTEIRO CELEBRAR EM FAM\u00cdLIA PARA A SOLENIDADE DA SANT\u00cdSSIMA TRINDADE<\/a><\/p>\n","protected":false},"excerpt":{"rendered":"<p>A Igreja celebra nos pr\u00f3ximos domingos as solenidades de Pentecostes e da Sant\u00edssima Trindade. A Comiss\u00e3o Episcopal Pastoral para a Liturgia da Confer\u00eancia Nacional dos Bispos do Brasil (CNBB) disponibilizou os roteiros Celebrar em Fam\u00edlia para que as fam\u00edlias rezem em suas casas, meditando a Palavra no Dia do Senhor. Continuamos a oferecer esta sugest\u00e3o [&hellip;]<\/p>\n","protected":false},"author":1,"featured_media":67671,"comment_status":"open","ping_status":"closed","sticky":false,"template":"","format":"standard","meta":{"footnotes":""},"categories":[7,13],"tags":[],"class_list":["post-67670","post","type-post","status-publish","format-standard","has-post-thumbnail","hentry","category-cnbb","category-featured"],"_links":{"self":[{"href":"https:\/\/catolicanet.net\/wp-cnet\/wp-json\/wp\/v2\/posts\/67670","targetHints":{"allow":["GET"]}}],"collection":[{"href":"https:\/\/catolicanet.net\/wp-cnet\/wp-json\/wp\/v2\/posts"}],"about":[{"href":"https:\/\/catolicanet.net\/wp-cnet\/wp-json\/wp\/v2\/types\/post"}],"author":[{"embeddable":true,"href":"https:\/\/catolicanet.net\/wp-cnet\/wp-json\/wp\/v2\/users\/1"}],"replies":[{"embeddable":true,"href":"https:\/\/catolicanet.net\/wp-cnet\/wp-json\/wp\/v2\/comments?post=67670"}],"version-history":[{"count":1,"href":"https:\/\/catolicanet.net\/wp-cnet\/wp-json\/wp\/v2\/posts\/67670\/revisions"}],"predecessor-version":[{"id":67672,"href":"https:\/\/catolicanet.net\/wp-cnet\/wp-json\/wp\/v2\/posts\/67670\/revisions\/67672"}],"wp:featuredmedia":[{"embeddable":true,"href":"https:\/\/catolicanet.net\/wp-cnet\/wp-json\/wp\/v2\/media\/67671"}],"wp:attachment":[{"href":"https:\/\/catolicanet.net\/wp-cnet\/wp-json\/wp\/v2\/media?parent=67670"}],"wp:term":[{"taxonomy":"category","embeddable":true,"href":"https:\/\/catolicanet.net\/wp-cnet\/wp-json\/wp\/v2\/categories?post=67670"},{"taxonomy":"post_tag","embeddable":true,"href":"https:\/\/catolicanet.net\/wp-cnet\/wp-json\/wp\/v2\/tags?post=67670"}],"curies":[{"name":"wp","href":"https:\/\/api.w.org\/{rel}","templated":true}]}}