{"id":67643,"date":"2021-05-18T10:28:35","date_gmt":"2021-05-18T13:28:35","guid":{"rendered":"https:\/\/catolicanet.net\/wp-cnet\/?p=67643"},"modified":"2021-05-18T14:31:41","modified_gmt":"2021-05-18T17:31:41","slug":"em-lourdes-ouvimos-as-dores-e-as-lagrimas-dos-fieis","status":"publish","type":"post","link":"https:\/\/catolicanet.net\/wp-cnet\/em-lourdes-ouvimos-as-dores-e-as-lagrimas-dos-fieis\/","title":{"rendered":"Em Lourdes, \u201couvimos as dores e as l\u00e1grimas dos fi\u00e9is\u201d"},"content":{"rendered":"<div data-io-article-url=\"https:\/\/pt.aleteia.org\/2021\/05\/18\/em-lourdes-ouvimos-as-dores-e-as-lagrimas-dos-fieis\/\">\n<article class=\"css-1y6sz\">\n<h2 class=\"subtitle\" style=\"text-align: justify;\">\u00c9 uma \u00e9poca de sofrimento e de reconstru\u00e7\u00e3o, como depois de uma guerra<\/h2>\n<p style=\"text-align: justify;\">Apedido do Papa Francisco, durante o m\u00eas de maio, acontece uma maratona de ora\u00e7\u00f5es para pedir o fim da pandemia. O dia 18 de maio foi a vez do Santu\u00e1rio de Lourdes rezar o ros\u00e1rio com uma inten\u00e7\u00e3o especial para m\u00e9dicos e enfermeiras.<\/p>\n<p style=\"text-align: justify;\">O dr. Alessandro de Franciscis, que nesta ocasi\u00e3o representou a profiss\u00e3o m\u00e9dica na gruta, explicou a\u00a0I.MEDIA\u00a0o quanto a quest\u00e3o da sa\u00fade est\u00e1 no cerne da espiritualidade do santu\u00e1rio.<\/p>\n<h3 id=\"h-por-que-faz-sentido-rezar-pelo-fim-da-pandemia-no-santu-rio-de-lourdes\" style=\"text-align: justify;\"><strong>Por que faz sentido rezar pelo fim da pandemia no Santu\u00e1rio de Lourdes?<\/strong><\/h3>\n<p style=\"text-align: justify;\">Porque a partir das apari\u00e7\u00f5es, Lourdes se torna ao mesmo tempo um lugar de cura para o corpo e a alma. Sete milagres de cura foram observados antes mesmo do final das apari\u00e7\u00f5es marianas. As curas do corpo foram t\u00e3o importantes que o ent\u00e3o bispo, dom Laurence, encarregou uma comiss\u00e3o episcopal, dez dias ap\u00f3s a \u00faltima apari\u00e7\u00e3o, para decidir sobre as curas. A cura do corpo tamb\u00e9m foi reconhecida em 1865, ao mesmo tempo que as apari\u00e7\u00f5es.<\/p>\n<h3 id=\"h-h-um-ano-o-santu-rio-est-deserto-e-os-enfermos-n-o-podem-ir-para-l-como-se-adaptou-situa-o\" style=\"text-align: justify;\"><strong>H\u00e1 um ano o santu\u00e1rio est\u00e1 deserto, e os enfermos n\u00e3o podem ir para l\u00e1. Como se adaptou \u00e0 situa\u00e7\u00e3o?<\/strong><\/h3>\n<p style=\"text-align: justify;\">Atualmente, \u00e9 claro, o santu\u00e1rio n\u00e3o acolhe mais seus milh\u00f5es de peregrinos. \u00c9 uma \u00e9poca de sofrimento, de retirada e de reconstru\u00e7\u00e3o como depois de uma guerra. Principalmente a mobilidade das pessoas foi afetada. Aproveitamos, portanto, esse per\u00edodo para realizar um imenso trabalho de prepara\u00e7\u00e3o da acolhida. Ouvimos o clamor e as l\u00e1grimas dos fi\u00e9is.<\/p>\n<h3 id=\"h-al-m-dos-doentes-o-santu-rio-de-lourdes-tamb-m-de-alguma-forma-dedicado-aos-cuidadores\" style=\"text-align: justify;\"><strong>Al\u00e9m dos doentes, o Santu\u00e1rio de Lourdes tamb\u00e9m \u00e9, de alguma forma, dedicado aos cuidadores?<\/strong><\/h3>\n<p style=\"text-align: justify;\">Sim, estamos particularmente atentos \u00e0 dor do mundo dos cuidadores, que tamb\u00e9m sofreu durante a crise de sa\u00fade e continua a sofrer. Sob a dire\u00e7\u00e3o do reitor, dom Olivier Ribadeau Dumas, a ora\u00e7\u00e3o na Gruta foi ininterrupta e continua, principalmente em favor das equipes de enfermagem. No ano passado, n\u00f3s os aplaudimos, mas agora eles est\u00e3o um tanto esquecidos. Esta \u00e9 tamb\u00e9m a raz\u00e3o pela qual o santu\u00e1rio est\u00e1 associado \u00e0 recita\u00e7\u00e3o do Ros\u00e1rio pedida pelo Papa para pedir o fim da pandemia \u2013 acrescentando uma inten\u00e7\u00e3o especial aos m\u00e9dicos e enfermeiras(os).<\/p>\n<h3 id=\"h-a-vacina-o-facilita-seus-esfor-os-para-reabrir-as-portas-do-santu-rio\" style=\"text-align: justify;\"><strong>A vacina\u00e7\u00e3o facilita seus esfor\u00e7os para reabrir as portas do santu\u00e1rio?<\/strong><\/h3>\n<div class=\"nativo-inread\" style=\"text-align: justify;\"><\/div>\n<p style=\"text-align: justify;\">A campanha de vacina\u00e7\u00e3o mostra seus efeitos. Claro que somos a favor das campanhas de vacina\u00e7\u00e3o. Receber pessoas vacinadas no santu\u00e1rio \u00e9 uma forma de aplicar a exorta\u00e7\u00e3o do Papa de reconhecer a vacina\u00e7\u00e3o como um ato de caridade. A vacina\u00e7\u00e3o \u00e9 uma forma de reduzir a transmiss\u00e3o do v\u00edrus e, principalmente, a de reduzir possibilidade de adoecer. Gra\u00e7as a isso, poderemos receber cerca de 350 militares e seus enfermos nos pr\u00f3ximos dias e acabamos de receber a confirma\u00e7\u00e3o de que acontecer\u00e1 a peregrina\u00e7\u00e3o nacional de 15 de agosto.<\/p>\n<p style=\"text-align: justify;\"><em>Entrevista por Arthur Herlin<\/em><\/p>\n<div>\n<div id=\"article-desk-content-p6-ad_2021_05_18_em-lourdes-ouvimos-as-dores-e-as-lagrimas-dos-fieis\" class=\"css-y9mcup\" data-google-query-id=\"CKH2irng0_ACFTo0uQYdT3YPYw\">\n<div id=\"google_ads_iframe_64500793\/PT_DESK_ARTICLE_WELCOME_1X1_0__container__\"><\/div>\n<\/div>\n<\/div>\n<\/article>\n<\/div>\n<div class=\"css-1o129hd\"><\/div>\n","protected":false},"excerpt":{"rendered":"<p>\u00c9 uma \u00e9poca de sofrimento e de reconstru\u00e7\u00e3o, como depois de uma guerra Apedido do Papa Francisco, durante o m\u00eas de maio, acontece uma maratona de ora\u00e7\u00f5es para pedir o fim da pandemia. O dia 18 de maio foi a vez do Santu\u00e1rio de Lourdes rezar o ros\u00e1rio com uma inten\u00e7\u00e3o especial para m\u00e9dicos e [&hellip;]<\/p>\n","protected":false},"author":1,"featured_media":67644,"comment_status":"open","ping_status":"closed","sticky":false,"template":"","format":"standard","meta":{"footnotes":""},"categories":[4,13],"tags":[],"class_list":["post-67643","post","type-post","status-publish","format-standard","has-post-thumbnail","hentry","category-cotidiano","category-featured"],"_links":{"self":[{"href":"https:\/\/catolicanet.net\/wp-cnet\/wp-json\/wp\/v2\/posts\/67643","targetHints":{"allow":["GET"]}}],"collection":[{"href":"https:\/\/catolicanet.net\/wp-cnet\/wp-json\/wp\/v2\/posts"}],"about":[{"href":"https:\/\/catolicanet.net\/wp-cnet\/wp-json\/wp\/v2\/types\/post"}],"author":[{"embeddable":true,"href":"https:\/\/catolicanet.net\/wp-cnet\/wp-json\/wp\/v2\/users\/1"}],"replies":[{"embeddable":true,"href":"https:\/\/catolicanet.net\/wp-cnet\/wp-json\/wp\/v2\/comments?post=67643"}],"version-history":[{"count":2,"href":"https:\/\/catolicanet.net\/wp-cnet\/wp-json\/wp\/v2\/posts\/67643\/revisions"}],"predecessor-version":[{"id":67646,"href":"https:\/\/catolicanet.net\/wp-cnet\/wp-json\/wp\/v2\/posts\/67643\/revisions\/67646"}],"wp:featuredmedia":[{"embeddable":true,"href":"https:\/\/catolicanet.net\/wp-cnet\/wp-json\/wp\/v2\/media\/67644"}],"wp:attachment":[{"href":"https:\/\/catolicanet.net\/wp-cnet\/wp-json\/wp\/v2\/media?parent=67643"}],"wp:term":[{"taxonomy":"category","embeddable":true,"href":"https:\/\/catolicanet.net\/wp-cnet\/wp-json\/wp\/v2\/categories?post=67643"},{"taxonomy":"post_tag","embeddable":true,"href":"https:\/\/catolicanet.net\/wp-cnet\/wp-json\/wp\/v2\/tags?post=67643"}],"curies":[{"name":"wp","href":"https:\/\/api.w.org\/{rel}","templated":true}]}}