{"id":67603,"date":"2021-05-17T09:08:28","date_gmt":"2021-05-17T12:08:28","guid":{"rendered":"https:\/\/catolicanet.net\/wp-cnet\/?p=67603"},"modified":"2021-05-17T14:12:34","modified_gmt":"2021-05-17T17:12:34","slug":"dom-odilo-expressa-pesar-pela-morte-de-bruno-covas","status":"publish","type":"post","link":"https:\/\/catolicanet.net\/wp-cnet\/dom-odilo-expressa-pesar-pela-morte-de-bruno-covas\/","title":{"rendered":"Dom Odilo expressa pesar pela morte de Bruno Covas"},"content":{"rendered":"<p style=\"text-align: justify;\">O arcebispo de S\u00e3o Paulo, Cardeal Odilo Pedro Scherer expressou seu pesar pela morte do prefeito da capital paulista, Bruno Covas, ocorrida na manh\u00e3 de domingo, e sua solidariedade aos familiares do pol\u00edtico.<\/p>\n<p style=\"text-align: justify;\">\u201cDepois de ter lutado longamente contra uma grave enfermidade, entregou a sua\u00a0vida\u00a0a Deus\u201d, disse o arcebispo por meio de nota.<\/p>\n<p style=\"text-align: justify;\">Bruno Covas morreu aos 41 anos, em decorr\u00eancia de um c\u00e2ncer no sistema digestivo que sofreu met\u00e1stase para o f\u00edgado e ossos. Ele estava em tratamento no hospital S\u00edrio-Liban\u00eas, em S\u00e3o Paulo.<\/p>\n<p style=\"text-align: justify;\">Covas foi diagnosticado com c\u00e2ncer em outubro de 2019 e fez v\u00e1rios tratamentos. Entretanto, novos tumores foram detectados neste ano no f\u00edgado e nos ossos. Covas foi internado em 2 de maio e, ap\u00f3s agravamento, em 14 de maio, boletim m\u00e9dico informou que o quadro era irrevers\u00edvel. Neste mesmo dia, o prefeito recebeu a un\u00e7\u00e3o dos enfermos de um sacerdote e, no dia seguinte, foi realizado um ato ecum\u00eanico na porta do hospital.<\/p>\n<p style=\"text-align: justify;\">Em sua nota de pesar, o arcebispo de S\u00e3o Paulo manifestou sua \u201csolidariedade aos seus familiares\u201d e disse pedir \u201ca Deus que os conforte neste momento de dor e que, na sua miseric\u00f3rdia, acolha o falecido prefeito, concedendo-lhe a recompensa pelo bem que praticou\u201d.<\/p>\n<p style=\"text-align: justify;\">\u201cQue seu idealismo e dedica\u00e7\u00e3o ao povo de S\u00e3o Paulo permane\u00e7am como exemplo para os homens p\u00fablicos e, sobretudo para as novas gera\u00e7\u00f5es\u201d, disse.<\/p>\n<p style=\"text-align: justify;\">A diocese de S\u00e3o Miguel Paulista, cujo territ\u00f3rio est\u00e1 na cidade de S\u00e3o Paulo, tamb\u00e9m expressou \u201cseus sentimentos, de modo especial, aos familiares e amigos mais pr\u00f3ximos\u201d. \u201cDeus acolha o ent\u00e3o prefeito da cidade de S\u00e3o Paulo, Bruno Covas Lopes, no para\u00edso celestial\u201d, publicou em sua p\u00e1gina no Facebook.<\/p>\n<p style=\"text-align: justify;\">Dom Jos\u00e9 Negri, bispo de Santo Amaro, diocese cujo territ\u00f3rio tamb\u00e9m est\u00e1 munic\u00edpio de S\u00e3o Paulo, postou uma foto sua e de Bruno Covas no Instagram com a legenda &#8220;Dai-lhe Senhor o eterno descanso&#8221;.<\/p>\n<p style=\"text-align: justify;\">O corpo de Bruno Covas foi velado no come\u00e7o da tarde de domingo no Hall Monumental do Edif\u00edcio Matarazzo, sede da Prefeitura de S\u00e3o Paulo, onde foi celebrada a\u00a0Missa\u00a0de corpo. Em seguida, saiu em cortejo f\u00fanebre pela cidade e foi transladado para a terra\u00a0natal\u00a0do pol\u00edtico, Santos (SP), onde foi sepultado no jazigo da fam\u00edlia no Cemit\u00e9rio do Paquet\u00e1, onde est\u00e1 enterrado o ex-governador de S\u00e3o Paulo e av\u00f4 de Bruno, M\u00e1rio Covas.<\/p>\n","protected":false},"excerpt":{"rendered":"<p>O arcebispo de S\u00e3o Paulo, Cardeal Odilo Pedro Scherer expressou seu pesar pela morte do prefeito da capital paulista, Bruno Covas, ocorrida na manh\u00e3 de domingo, e sua solidariedade aos familiares do pol\u00edtico. \u201cDepois de ter lutado longamente contra uma grave enfermidade, entregou a sua\u00a0vida\u00a0a Deus\u201d, disse o arcebispo por meio de nota. Bruno Covas [&hellip;]<\/p>\n","protected":false},"author":1,"featured_media":67604,"comment_status":"open","ping_status":"closed","sticky":false,"template":"","format":"standard","meta":{"footnotes":""},"categories":[4],"tags":[],"class_list":["post-67603","post","type-post","status-publish","format-standard","has-post-thumbnail","hentry","category-cotidiano"],"_links":{"self":[{"href":"https:\/\/catolicanet.net\/wp-cnet\/wp-json\/wp\/v2\/posts\/67603","targetHints":{"allow":["GET"]}}],"collection":[{"href":"https:\/\/catolicanet.net\/wp-cnet\/wp-json\/wp\/v2\/posts"}],"about":[{"href":"https:\/\/catolicanet.net\/wp-cnet\/wp-json\/wp\/v2\/types\/post"}],"author":[{"embeddable":true,"href":"https:\/\/catolicanet.net\/wp-cnet\/wp-json\/wp\/v2\/users\/1"}],"replies":[{"embeddable":true,"href":"https:\/\/catolicanet.net\/wp-cnet\/wp-json\/wp\/v2\/comments?post=67603"}],"version-history":[{"count":1,"href":"https:\/\/catolicanet.net\/wp-cnet\/wp-json\/wp\/v2\/posts\/67603\/revisions"}],"predecessor-version":[{"id":67605,"href":"https:\/\/catolicanet.net\/wp-cnet\/wp-json\/wp\/v2\/posts\/67603\/revisions\/67605"}],"wp:featuredmedia":[{"embeddable":true,"href":"https:\/\/catolicanet.net\/wp-cnet\/wp-json\/wp\/v2\/media\/67604"}],"wp:attachment":[{"href":"https:\/\/catolicanet.net\/wp-cnet\/wp-json\/wp\/v2\/media?parent=67603"}],"wp:term":[{"taxonomy":"category","embeddable":true,"href":"https:\/\/catolicanet.net\/wp-cnet\/wp-json\/wp\/v2\/categories?post=67603"},{"taxonomy":"post_tag","embeddable":true,"href":"https:\/\/catolicanet.net\/wp-cnet\/wp-json\/wp\/v2\/tags?post=67603"}],"curies":[{"name":"wp","href":"https:\/\/api.w.org\/{rel}","templated":true}]}}