{"id":67599,"date":"2021-05-17T10:03:46","date_gmt":"2021-05-17T13:03:46","guid":{"rendered":"https:\/\/catolicanet.net\/wp-cnet\/?p=67599"},"modified":"2021-05-17T14:07:59","modified_gmt":"2021-05-17T17:07:59","slug":"semana-de-oracao-pela-unidade-crista-2021-acontece-no-hemisferio-sul-de-16-a-23-de-maio-entre-as-solenidades-da-ascencao-do-senhor-e-pentecostes","status":"publish","type":"post","link":"https:\/\/catolicanet.net\/wp-cnet\/semana-de-oracao-pela-unidade-crista-2021-acontece-no-hemisferio-sul-de-16-a-23-de-maio-entre-as-solenidades-da-ascencao-do-senhor-e-pentecostes\/","title":{"rendered":"SEMANA DE ORA\u00c7\u00c3O PELA UNIDADE CRIST\u00c3 2021 ACONTECE NO HEMISF\u00c9RIO SUL DE 16 A 23 DE MAIO, ENTRE AS SOLENIDADES DA ASCEN\u00c7\u00c3O DO SENHOR E PENTECOSTES"},"content":{"rendered":"<p style=\"text-align: justify;\">A Semana de Ora\u00e7\u00e3o pela Unidade Crist\u00e3 (SOUC) \u00e9 um dos maiores eventos que prop\u00f5em o di\u00e1logo entre as Igrejas Crist\u00e3s. Realizada todos os anos pelo Conselho Nacional de Igrejas Crist\u00e3s (Conic), em parceria com as igrejas membro, o momento \u00e9 uma oportunidade de aprofundar os la\u00e7os entre as Igrejas e outras institui\u00e7\u00f5es e pessoas que acreditam e se empenham na constru\u00e7\u00e3o da cultura do encontro, da acolhida, do di\u00e1logo e da fraternidade.<\/p>\n<p style=\"text-align: justify;\">Aqui no Brasil, e no hemisf\u00e9rio sul, ela acontece entre as Solenidades da Ascen\u00e7\u00e3o do Senhor e Pentecostes. Nesse ano ser\u00e1 realizada de 16 a 23 de maio, com o tema: \u201cPermanecei no meu amor e produzireis muitos frutos\u201d (cf. Jo\u00e3o 15,5-9).\u00a0Todas as Igrejas Crist\u00e3s e pessoas de boa vontade s\u00e3o convidadas a participar.<\/p>\n<p style=\"text-align: justify;\">O subsecret\u00e1rio-adjunto de Pastoral da Confer\u00eancia Nacional dos Bispos do Brasil (CNBB) e assessor da Comiss\u00e3o Episcopal Pastoral para o Ecumenismo e o Di\u00e1logo Inter-religioso da entidade, padre Marcus Barbosa Guimar\u00e3es recorda que que o Conc\u00edlio Ecum\u00eanico Vaticano II declarou \u201cestar consciente de que este santo prop\u00f3sito de reconciliar todos os crist\u00e3os na unidade de uma s\u00f3 e \u00fanica Igreja de Cristo ultrapassa as for\u00e7as e os dotes humanos\u201d (UR 24).<\/p>\n<blockquote><p>\u201cRezando pela unidade, reconhecemos que ela \u00e9 um dom do Esp\u00edrito Santo e n\u00e3o algo que possamos alcan\u00e7ar somente pelos nossos pr\u00f3prios esfor\u00e7os\u201d, disse.<\/p><\/blockquote>\n<p style=\"text-align: justify;\">Ano ap\u00f3s ano comunidades crist\u00e3s das mais diferentes tradi\u00e7\u00f5es t\u00eam aderido \u00e0s celebra\u00e7\u00f5es propostas pela SOUC, o que reflete uma compreens\u00e3o cada vez maior da mensagem de Cristo, que disse: \u201cPara que todos sejam um, como tu, \u00f3 Pai, o \u00e9s em mim, e eu em ti; que tamb\u00e9m eles sejam um em n\u00f3s, para que o mundo creia que tu me enviaste.\u201d (Jo\u00e3o 17:21)<\/p>\n<h3 style=\"text-align: justify;\">Live A Forma\u00e7\u00e3o para o Ecumenismo e o Di\u00e1logo Cat\u00f3lico-Pentecostal<\/h3>\n<p style=\"text-align: justify;\">No contexto da Semana de Ora\u00e7\u00e3o pela Unidade Crist\u00e3 ser\u00e1 realizada uma live na sexta-feira, dia 21 maio, \u00e0s 17h, com o tema \u201cA Forma\u00e7\u00e3o para o Ecumenismo e o Di\u00e1logo Cat\u00f3lico-Pentecostal\u201d. O facilitador ser\u00e1 o padre\u00a0 Marcial Ma\u00e7aneiro. Ele \u00e9 professor da PUC\/PR e membro da Comiss\u00e3o Internacional de Di\u00e1logo Cat\u00f3lico-Pentecostal.<\/p>\n<p style=\"text-align: justify;\">O subsecret\u00e1rio-adjunto de Pastoral da Confer\u00eancia Nacional dos Bispos do Brasil (CNBB) e assessor da Comiss\u00e3o Episcopal Pastoral para o Ecumenismo e o Di\u00e1logo Inter-religioso, padre Marcus Barbosa, mediar\u00e1 a conversa. Os documentos \u201cO Bispo e a Unidade dos Crist\u00e3os \u2013 Vademecum Ecum\u00eanico\u201d e o documento da Comiss\u00e3o Internacional de Di\u00e1logo Cat\u00f3lico-Pentecostal\u00a0 \u201cN\u00e3o extingais o Esp\u00edrito\u201d (1Ts 5,19) \u2013 Os Carismas na Vida e na Miss\u00e3o da Igreja\u201d ser\u00e3o aprofundados no encontro virtual que ser\u00e1 transmitido pelas redes sociais do Conic.<\/p>\n<h3 style=\"text-align: justify;\">Subs\u00eddios para celebrar a SOUC<\/h3>\n<p style=\"text-align: justify;\">O Conselho Nacional de Igrejas Crist\u00e3s (Conic), do qual a Igreja Cat\u00f3lica \u00e9 membro pela representa\u00e7\u00e3o da Confer\u00eancia Nacional dos Bispos do Brasil (CNBB), lan\u00e7ou os subs\u00eddios da Semana de Ora\u00e7\u00e3o pela Unidade Crist\u00e3 (SOUC), edi\u00e7\u00e3o 2021.<\/p>\n<p style=\"text-align: justify;\">Em 2021, diferentemente dos anos anteriores, esses materiais ficar\u00e3o dispon\u00edveis de modo gratuito, e todos podem baixar livremente, compartilh\u00e1-los, imprimi-los, etc. O cartaz da Semana de Ora\u00e7\u00e3o tamb\u00e9m ficar\u00e1 dispon\u00edvel em alta resolu\u00e7\u00e3o para download.<\/p>\n<div style=\"text-align: justify;\"><strong>Baixe gratuitamente o material:<\/strong><\/div>\n<div style=\"text-align: justify;\"><strong><a href=\"https:\/\/www.conic.org.br\/portal\/files\/cartaz_souc2021_alta.pdf\" target=\"_blank\" rel=\"noopener\">Clique aqui<\/a><\/strong>\u00a0e baixe o\u00a0<strong>cartaz\u00a0<\/strong>em alta resolu\u00e7\u00e3o.<\/div>\n<div style=\"text-align: justify;\"><strong><a href=\"https:\/\/www.conic.org.br\/portal\/files\/EBook_Souc_21_Celebraes.pdf\" target=\"_blank\" rel=\"noopener\">Clique aqui<\/a><\/strong>\u00a0e baixe o\u00a0<strong>Caderno de Celebra\u00e7\u00e3o<\/strong>.<\/div>\n<div style=\"text-align: justify;\"><strong><a href=\"https:\/\/www.conic.org.br\/portal\/files\/EBook_Souc_21_Rodas_de_conversa.pdf\" target=\"_blank\" rel=\"noopener\">Clique aqui<\/a><\/strong>\u00a0e baixe os subs\u00eddios para as e\u00a0<strong>Rodas de Conversa<\/strong>.<\/div>\n<div style=\"text-align: justify;\">Se precisar de\u00a0<strong>mais informa\u00e7\u00f5es sobre a Semana de Ora\u00e7\u00e3o\u00a0<\/strong>2021,<br \/>\nMais informa\u00e7\u00f5es:\u00a0<a href=\"https:\/\/www.conic.org.br\/portal\/semana-de-oracao\" target=\"_blank\" rel=\"noopener\">www.conic.org.br\/portal\/semana-de-oracao<\/a><\/div>\n<p style=\"text-align: justify;\">\n<blockquote>\n<h3 style=\"text-align: justify;\">Ora\u00e7\u00e3o oficial<\/h3>\n<p style=\"text-align: justify;\">\n<p style=\"text-align: justify;\">Amado e misericordioso Deus pai e m\u00e3e,<br \/>\nTu nos chamas para vivermos a unidade e a reconcilia\u00e7\u00e3o.<br \/>\nPor isso estamos reunidas (os) para celebrar, orar, e Te louvar.<\/p>\n<p style=\"text-align: justify;\">Nesta semana de ora\u00e7\u00e3o, queremos ser tocadas (os) por Teu Amor e ao permanecer Nele, nos reconciliamos conosco e com nossas irm\u00e3s e irm\u00e3os.<\/p>\n<p style=\"text-align: justify;\">Em Cristo, Teu Amado Filho, desejamos produzir bons frutos para vivermos em comunh\u00e3o, restabelecendo rela\u00e7\u00f5es de amizade, partilha e solidariedade e, assim, nos reconhecermos como irm\u00e3s e irm\u00e3os neste mundo t\u00e3o dividido.<\/p>\n<\/blockquote>\n","protected":false},"excerpt":{"rendered":"<p>A Semana de Ora\u00e7\u00e3o pela Unidade Crist\u00e3 (SOUC) \u00e9 um dos maiores eventos que prop\u00f5em o di\u00e1logo entre as Igrejas Crist\u00e3s. Realizada todos os anos pelo Conselho Nacional de Igrejas Crist\u00e3s (Conic), em parceria com as igrejas membro, o momento \u00e9 uma oportunidade de aprofundar os la\u00e7os entre as Igrejas e outras institui\u00e7\u00f5es e pessoas [&hellip;]<\/p>\n","protected":false},"author":1,"featured_media":67600,"comment_status":"open","ping_status":"closed","sticky":false,"template":"","format":"standard","meta":{"footnotes":""},"categories":[7],"tags":[],"class_list":["post-67599","post","type-post","status-publish","format-standard","has-post-thumbnail","hentry","category-cnbb"],"_links":{"self":[{"href":"https:\/\/catolicanet.net\/wp-cnet\/wp-json\/wp\/v2\/posts\/67599","targetHints":{"allow":["GET"]}}],"collection":[{"href":"https:\/\/catolicanet.net\/wp-cnet\/wp-json\/wp\/v2\/posts"}],"about":[{"href":"https:\/\/catolicanet.net\/wp-cnet\/wp-json\/wp\/v2\/types\/post"}],"author":[{"embeddable":true,"href":"https:\/\/catolicanet.net\/wp-cnet\/wp-json\/wp\/v2\/users\/1"}],"replies":[{"embeddable":true,"href":"https:\/\/catolicanet.net\/wp-cnet\/wp-json\/wp\/v2\/comments?post=67599"}],"version-history":[{"count":2,"href":"https:\/\/catolicanet.net\/wp-cnet\/wp-json\/wp\/v2\/posts\/67599\/revisions"}],"predecessor-version":[{"id":67602,"href":"https:\/\/catolicanet.net\/wp-cnet\/wp-json\/wp\/v2\/posts\/67599\/revisions\/67602"}],"wp:featuredmedia":[{"embeddable":true,"href":"https:\/\/catolicanet.net\/wp-cnet\/wp-json\/wp\/v2\/media\/67600"}],"wp:attachment":[{"href":"https:\/\/catolicanet.net\/wp-cnet\/wp-json\/wp\/v2\/media?parent=67599"}],"wp:term":[{"taxonomy":"category","embeddable":true,"href":"https:\/\/catolicanet.net\/wp-cnet\/wp-json\/wp\/v2\/categories?post=67599"},{"taxonomy":"post_tag","embeddable":true,"href":"https:\/\/catolicanet.net\/wp-cnet\/wp-json\/wp\/v2\/tags?post=67599"}],"curies":[{"name":"wp","href":"https:\/\/api.w.org\/{rel}","templated":true}]}}