{"id":67587,"date":"2021-05-17T09:08:32","date_gmt":"2021-05-17T12:08:32","guid":{"rendered":"https:\/\/catolicanet.net\/wp-cnet\/?p=67587"},"modified":"2021-05-17T13:50:53","modified_gmt":"2021-05-17T16:50:53","slug":"o-papa-no-regina-caeli-sejamos-testemunhas-corajosas-do-ressuscitado","status":"publish","type":"post","link":"https:\/\/catolicanet.net\/wp-cnet\/o-papa-no-regina-caeli-sejamos-testemunhas-corajosas-do-ressuscitado\/","title":{"rendered":"O Papa no Regina Caeli: sejamos testemunhas corajosas do Ressuscitado"},"content":{"rendered":"<div class=\"article__subTitle\" style=\"text-align: justify;\">\u201cA Ascens\u00e3o completa a miss\u00e3o de Jesus entre n\u00f3s. Na verdade, se foi por n\u00f3s que Jesus desceu do c\u00e9u, \u00e9 sempre por n\u00f3s que ele sobe para l\u00e1. Depois de ter descido \u00e0 nossa humanidade e t\u00ea-la redimido, ele agora sobe ao c\u00e9u levando nossa carne com ele. \u00c0 direita do Pai senta-se agora um corpo humano, o corpo de Jesus, e neste mist\u00e9rio cada um de n\u00f3s contempla o pr\u00f3prio destino futuro,\u201d disse Francisco no Regina Caeli deste Domingo da Ascens\u00e3o do Senhor<\/div>\n<div class=\"title__separator\" style=\"text-align: justify;\"><\/div>\n<div class=\"article__text \">\n<p style=\"text-align: justify;\"><b>Raimundo de Lima \u2013 Vatican News<\/b><\/p>\n<div style=\"text-align: justify;\">\n<div class=\"article__embed article__embed--unwrap article__embed--dark\">\n<div class=\"article__innerTitle\">Ou\u00e7a a reportagem com a voz do Papa Francisco<\/div>\n<div>\n<!--[if lt IE 9]><script>document.createElement('audio');<\/script><![endif]-->\n<audio class=\"wp-audio-shortcode\" id=\"audio-67587-1\" preload=\"none\" style=\"width: 100%;\" controls=\"controls\"><source type=\"audio\/mpeg\" src=\"https:\/\/media.vaticannews.va\/media\/audio\/s1\/2021\/05\/16\/17\/136050531_F136050531.mp3?_=1\" \/><a href=\"https:\/\/media.vaticannews.va\/media\/audio\/s1\/2021\/05\/16\/17\/136050531_F136050531.mp3\">https:\/\/media.vaticannews.va\/media\/audio\/s1\/2021\/05\/16\/17\/136050531_F136050531.mp3<\/a><\/audio>\n<\/div>\n<\/div>\n<\/div>\n<p style=\"text-align: justify;\">\u201cA evangeliza\u00e7\u00e3o, por mais empenhativa, exigente e superior \u00e0s capacidades humanas, ser\u00e1 t\u00e3o verdadeira e eficaz quanto cada um de n\u00f3s &#8211; e toda a Igreja &#8211; deixar o Senhor agir dentro de si e por meio de si. Isso \u00e9 o que o Esp\u00edrito Santo faz: nos torna instrumentos por meio dos quais o Senhor pode operar.\u201d<\/p>\n<p style=\"text-align: justify;\">Foi o que disse o Papa Francisco no\u00a0<i>Regina Caeli<\/i>\u00a0deste VII Domingo da P\u00e1scoa &#8211; Ascens\u00e3o do Senhor e 55\u00ba Dia Mundial das Comunica\u00e7\u00f5es Sociais \u2013 na alocu\u00e7\u00e3o que precedeu a ora\u00e7\u00e3o mariana deste tempo pascal.<\/p>\n<p style=\"text-align: justify;\">Atendo-se ao Evangelho deste domingo, o Santo Padre destacou que a passagem do Evangelho de Marcos (16,15-20) apresenta-nos o \u00faltimo encontro do Ressuscitado com os disc\u00edpulos antes de subir \u00e0 direita do Pai.<\/p>\n<h2 style=\"text-align: justify;\">A ascens\u00e3o completa a miss\u00e3o de Jesus entre n\u00f3s<\/h2>\n<p style=\"text-align: justify;\">Francisco observou que normalmente as cenas de despedida s\u00e3o tristes, d\u00e3o aos que ficam uma sensa\u00e7\u00e3o de perplexidade, de abandono; em vez disso, tudo isso n\u00e3o \u00e9 o acontece aos disc\u00edpulos.<\/p>\n<p style=\"text-align: justify;\">\u201cApesar da separa\u00e7\u00e3o do Senhor, n\u00e3o se mostram desconsolados, pelo contr\u00e1rio, est\u00e3o alegres e prontos a partir como mission\u00e1rios ao mundo\u201d, frisou o Papa, prosseguindo com duas interroga\u00e7\u00f5es: \u201cPor que os disc\u00edpulos n\u00e3o est\u00e3o tristes? Por que tamb\u00e9m n\u00f3s devemos nos alegrar ao ver Jesus que sobe ao c\u00e9u?\u201d<\/p>\n<p style=\"text-align: justify;\"><i>\u201cA ascens\u00e3o completa a miss\u00e3o de Jesus entre n\u00f3s. Na verdade, se foi por n\u00f3s que Jesus desceu do c\u00e9u, \u00e9 sempre por n\u00f3s que ele sobe para l\u00e1. Depois de ter descido \u00e0 nossa humanidade e t\u00ea-la redimido, ele agora sobe ao c\u00e9u levando nossa carne com ele. \u00c0 direita do Pai senta-se agora um corpo humano, o corpo de Jesus, e neste mist\u00e9rio cada um de n\u00f3s contempla o pr\u00f3prio destino futuro.\u201d<\/i><\/p>\n<h2 style=\"text-align: justify;\">A ora\u00e7\u00e3o de Jesus diante do Pai<\/h2>\n<p style=\"text-align: justify;\">\u201cN\u00e3o se trata de forma alguma de um abandono, Jesus permanece para sempre com os disc\u00edpulos &#8211; conosco &#8211; \u00a0permanece na ora\u00e7\u00e3o, porque ele, como homem, reza ao Pai, e como Deus: homem e Deus\u201d, destacou. Jesus mostra ao Pai as chagas, as chagas com as quais nos redimiu.<\/p>\n<p style=\"text-align: justify;\"><i>\u201cA ora\u00e7\u00e3o de Jesus est\u00e1 ali, com nossa carne: \u00e9 um de n\u00f3s, Deus homem, e reza por n\u00f3s. E isto deve nos dar uma seguran\u00e7a, ali\u00e1s, uma alegria, uma grande alegria! E o segundo motivo de alegria \u00e9 a promessa de Jesus. Ele nos disse: &#8220;Eu vos enviarei o Esp\u00edrito Santo&#8221;. E ali, com o Esp\u00edrito Santo, \u00e9 feito aquele mandamento que Ele d\u00e1 precisamente na despedida: \u2018Ide pelo mundo, proclamai o Evangelho\u2019.\u201d<\/i><\/p>\n<h2 style=\"text-align: justify;\">A miss\u00e3o guiada pelo Esp\u00edrito Santo<\/h2>\n<p style=\"text-align: justify;\">E ser\u00e1 o Esp\u00edrito Santo que nos levar\u00e1 pelo mundo, para levar o Evangelho. \u00c9 o Esp\u00edrito Santo daquele dia, que Jesus prometeu e, nove dias depois, Ele vir\u00e1 na festa de Pentecostes. Foi precisamente o Esp\u00edrito Santo que tornou poss\u00edvel que todos n\u00f3s sejamos assim hoje. Uma grande alegria! Jesus se foi: o primeiro homem perante o Pai. Ele partiu com as chagas, que foi o pre\u00e7o de nossa salva\u00e7\u00e3o, e reza por n\u00f3s. Depois nos envia o Esp\u00edrito Santo, nos promete o Esp\u00edrito Santo, para irmos e evangelizar. Da\u00ed a alegria de hoje, da\u00ed a alegria deste Dia da Ascens\u00e3o.<\/p>\n<p style=\"text-align: justify;\">Francisco concluiu exortando a pedirmos a Maria, Rainha do C\u00e9u, que nos ajude a ser no mundo testemunhas corajosas do Ressuscitado nas situa\u00e7\u00f5es concretas da vida.<\/p>\n<\/div>\n","protected":false},"excerpt":{"rendered":"<p>\u201cA Ascens\u00e3o completa a miss\u00e3o de Jesus entre n\u00f3s. Na verdade, se foi por n\u00f3s que Jesus desceu do c\u00e9u, \u00e9 sempre por n\u00f3s que ele sobe para l\u00e1. Depois de ter descido \u00e0 nossa humanidade e t\u00ea-la redimido, ele agora sobe ao c\u00e9u levando nossa carne com ele. \u00c0 direita do Pai senta-se agora [&hellip;]<\/p>\n","protected":false},"author":1,"featured_media":67588,"comment_status":"open","ping_status":"closed","sticky":false,"template":"","format":"standard","meta":{"footnotes":""},"categories":[3],"tags":[],"class_list":["post-67587","post","type-post","status-publish","format-standard","has-post-thumbnail","hentry","category-vaticano"],"_links":{"self":[{"href":"https:\/\/catolicanet.net\/wp-cnet\/wp-json\/wp\/v2\/posts\/67587","targetHints":{"allow":["GET"]}}],"collection":[{"href":"https:\/\/catolicanet.net\/wp-cnet\/wp-json\/wp\/v2\/posts"}],"about":[{"href":"https:\/\/catolicanet.net\/wp-cnet\/wp-json\/wp\/v2\/types\/post"}],"author":[{"embeddable":true,"href":"https:\/\/catolicanet.net\/wp-cnet\/wp-json\/wp\/v2\/users\/1"}],"replies":[{"embeddable":true,"href":"https:\/\/catolicanet.net\/wp-cnet\/wp-json\/wp\/v2\/comments?post=67587"}],"version-history":[{"count":1,"href":"https:\/\/catolicanet.net\/wp-cnet\/wp-json\/wp\/v2\/posts\/67587\/revisions"}],"predecessor-version":[{"id":67589,"href":"https:\/\/catolicanet.net\/wp-cnet\/wp-json\/wp\/v2\/posts\/67587\/revisions\/67589"}],"wp:featuredmedia":[{"embeddable":true,"href":"https:\/\/catolicanet.net\/wp-cnet\/wp-json\/wp\/v2\/media\/67588"}],"wp:attachment":[{"href":"https:\/\/catolicanet.net\/wp-cnet\/wp-json\/wp\/v2\/media?parent=67587"}],"wp:term":[{"taxonomy":"category","embeddable":true,"href":"https:\/\/catolicanet.net\/wp-cnet\/wp-json\/wp\/v2\/categories?post=67587"},{"taxonomy":"post_tag","embeddable":true,"href":"https:\/\/catolicanet.net\/wp-cnet\/wp-json\/wp\/v2\/tags?post=67587"}],"curies":[{"name":"wp","href":"https:\/\/api.w.org\/{rel}","templated":true}]}}