{"id":67584,"date":"2021-05-17T09:36:08","date_gmt":"2021-05-17T12:36:08","guid":{"rendered":"https:\/\/catolicanet.net\/wp-cnet\/?p=67584"},"modified":"2021-05-17T13:47:20","modified_gmt":"2021-05-17T16:47:20","slug":"apelo-do-papa-pela-paz-entre-israelenses-e-palestinos","status":"publish","type":"post","link":"https:\/\/catolicanet.net\/wp-cnet\/apelo-do-papa-pela-paz-entre-israelenses-e-palestinos\/","title":{"rendered":"Apelo do Papa pela paz entre israelenses e palestinos"},"content":{"rendered":"<div class=\"article__subTitle\" style=\"text-align: justify;\">Francisco acompanha com &#8220;grande preocupa\u00e7\u00e3o&#8221; as viol\u00eancias na Terra Santa nestes dias e apela para aqueles que t\u00eam pap\u00e9is de &#8220;responsabilidade&#8221; a fim de fazer cessar o ribombar das armas. O Santo Padre tamb\u00e9m expressa seu pesar pelos confrontos entre \u00e1rabes e judeus nas cidades israelenses e define &#8220;inaceit\u00e1vel&#8221; o assassinato de crian\u00e7as<\/div>\n<div class=\"title__separator\" style=\"text-align: justify;\"><\/div>\n<div class=\"article__text \">\n<p style=\"text-align: justify;\"><b>Vatican News<\/b><\/p>\n<p><iframe loading=\"lazy\" title=\"A indigna\u00e7\u00e3o do Papa com a viol\u00eancia na Terra Santa\" width=\"696\" height=\"392\" src=\"https:\/\/www.youtube.com\/embed\/5Iu_9V1drP8?feature=oembed\" frameborder=\"0\" allow=\"accelerometer; autoplay; clipboard-write; encrypted-media; gyroscope; picture-in-picture\" allowfullscreen><\/iframe><\/p>\n<div style=\"text-align: justify;\">\n<div class=\"article__embed article__embed--unwrap article__embed--dark\">\n<div class=\"article__innerTitle\">Ou\u00e7a a reportagem com a voz do Papa Francisco<\/div>\n<div>\n<!--[if lt IE 9]><script>document.createElement('audio');<\/script><![endif]-->\n<audio class=\"wp-audio-shortcode\" id=\"audio-67584-1\" preload=\"none\" style=\"width: 100%;\" controls=\"controls\"><source type=\"audio\/mpeg\" src=\"https:\/\/media.vaticannews.va\/media\/audio\/s1\/2021\/05\/16\/17\/136050542_F136050542.mp3?_=1\" \/><a href=\"https:\/\/media.vaticannews.va\/media\/audio\/s1\/2021\/05\/16\/17\/136050542_F136050542.mp3\">https:\/\/media.vaticannews.va\/media\/audio\/s1\/2021\/05\/16\/17\/136050542_F136050542.mp3<\/a><\/audio>\n<\/div>\n<\/div>\n<\/div>\n<p style=\"text-align: justify;\">Um premente apelo \u00e0s partes em conflito e a quem tem a responsabilidade de fazer cessar o ribombar das armas, e uma exorta\u00e7\u00e3o a rezar para que israelenses e palestinos possam buscar o caminho para a paz. Ap\u00f3s o Regina Caeli desgte domingo (16\/05), o Papa se deteve longamente sobre a dram\u00e1tica escalada da viol\u00eancia no Oriente M\u00e9dio:<\/p>\n<p style=\"text-align: justify;\"><i>\u201cAcompanho com grande preocupa\u00e7\u00e3o o que est\u00e1 acontecendo na Terra Santa. Nestes dias, violentos confrontos armados entre a Faixa de Gaza e Israel se impuseram, e correm o risco de degenerar em uma espiral de morte e destrui\u00e7\u00e3o. Numerosas pessoas foram feridas e muitos inocentes morreram. Entre eles est\u00e3o as crian\u00e7as, e isto \u00e9 terr\u00edvel e inaceit\u00e1vel. A morte delas \u00e9 sinal de que n\u00e3o se quer construir o futuro, mas se quer destru\u00ed-lo.<\/i><\/p>\n<h2 style=\"text-align: justify;\">Fraternidade em Israel ferida<\/h2>\n<p style=\"text-align: justify;\">O Pont\u00edfice expressou sua preocupa\u00e7\u00e3o tamb\u00e9m com a escalada das tens\u00f5es nas cidades israelenses:<\/p>\n<p style=\"text-align: justify;\"><i>\u201cAl\u00e9m disso, o aumento de \u00f3dio e viol\u00eancia que est\u00e1 envolvendo v\u00e1rias cidades em Israel \u00e9 uma ferida grave para a fraternidade e a conviv\u00eancia pac\u00edfica entre os cidad\u00e3os, que ser\u00e1 dif\u00edcil de curar se n\u00e3o houver uma abertura imediata para o di\u00e1logo. Eu me pergunto: aonde o \u00f3dio e a vingan\u00e7a v\u00e3o levar? Pensamos realmente que podemos construir a paz destruindo o outro? \u2018Em nome de Deus que criou todos os seres humanos iguais em direitos, deveres e dignidade, e os chamou a viverem juntos como irm\u00e3os e irm\u00e3s entre si&#8221; (cf. Documento sobre a Fraternidade Humana) apelo \u00e0 calma e, \u00e0queles que t\u00eam responsabilidade para tal, a fazer cessar o ribombar das armas e a percorrer os caminhos da paz, tamb\u00e9m com a ajuda da comunidade internacional.<\/i><\/p>\n<h2 style=\"text-align: justify;\">O caminho do di\u00e1logo<\/h2>\n<p style=\"text-align: justify;\">A exorta\u00e7\u00e3o \u00e9 a rezar, especialmente pelas crian\u00e7as que s\u00e3o v\u00edtimas do conflito:<\/p>\n<p style=\"text-align: justify;\"><i>\u201cRezemos incessantemente para que israelenses e palestinos possam encontrar o caminho do di\u00e1logo e do perd\u00e3o, para serem pacientes construtores de paz e justi\u00e7a, abrindo-se, passo a passo, a uma esperan\u00e7a comum, a uma coexist\u00eancia entre irm\u00e3os. Oremos pelas v\u00edtimas, especialmente pelas crian\u00e7as; oremos pela paz \u00e0 Rainha da Paz. Ave Maria&#8230;\u201d<\/i><\/p>\n<\/div>\n","protected":false},"excerpt":{"rendered":"<p>Francisco acompanha com &#8220;grande preocupa\u00e7\u00e3o&#8221; as viol\u00eancias na Terra Santa nestes dias e apela para aqueles que t\u00eam pap\u00e9is de &#8220;responsabilidade&#8221; a fim de fazer cessar o ribombar das armas. O Santo Padre tamb\u00e9m expressa seu pesar pelos confrontos entre \u00e1rabes e judeus nas cidades israelenses e define &#8220;inaceit\u00e1vel&#8221; o assassinato de crian\u00e7as Vatican News [&hellip;]<\/p>\n","protected":false},"author":1,"featured_media":67585,"comment_status":"open","ping_status":"closed","sticky":false,"template":"","format":"standard","meta":{"footnotes":""},"categories":[13,3],"tags":[],"class_list":["post-67584","post","type-post","status-publish","format-standard","has-post-thumbnail","hentry","category-featured","category-vaticano"],"_links":{"self":[{"href":"https:\/\/catolicanet.net\/wp-cnet\/wp-json\/wp\/v2\/posts\/67584","targetHints":{"allow":["GET"]}}],"collection":[{"href":"https:\/\/catolicanet.net\/wp-cnet\/wp-json\/wp\/v2\/posts"}],"about":[{"href":"https:\/\/catolicanet.net\/wp-cnet\/wp-json\/wp\/v2\/types\/post"}],"author":[{"embeddable":true,"href":"https:\/\/catolicanet.net\/wp-cnet\/wp-json\/wp\/v2\/users\/1"}],"replies":[{"embeddable":true,"href":"https:\/\/catolicanet.net\/wp-cnet\/wp-json\/wp\/v2\/comments?post=67584"}],"version-history":[{"count":1,"href":"https:\/\/catolicanet.net\/wp-cnet\/wp-json\/wp\/v2\/posts\/67584\/revisions"}],"predecessor-version":[{"id":67586,"href":"https:\/\/catolicanet.net\/wp-cnet\/wp-json\/wp\/v2\/posts\/67584\/revisions\/67586"}],"wp:featuredmedia":[{"embeddable":true,"href":"https:\/\/catolicanet.net\/wp-cnet\/wp-json\/wp\/v2\/media\/67585"}],"wp:attachment":[{"href":"https:\/\/catolicanet.net\/wp-cnet\/wp-json\/wp\/v2\/media?parent=67584"}],"wp:term":[{"taxonomy":"category","embeddable":true,"href":"https:\/\/catolicanet.net\/wp-cnet\/wp-json\/wp\/v2\/categories?post=67584"},{"taxonomy":"post_tag","embeddable":true,"href":"https:\/\/catolicanet.net\/wp-cnet\/wp-json\/wp\/v2\/tags?post=67584"}],"curies":[{"name":"wp","href":"https:\/\/api.w.org\/{rel}","templated":true}]}}