{"id":67582,"date":"2021-05-15T09:30:10","date_gmt":"2021-05-15T12:30:10","guid":{"rendered":"https:\/\/catolicanet.net\/wp-cnet\/?p=67582"},"modified":"2021-05-17T13:34:49","modified_gmt":"2021-05-17T16:34:49","slug":"solenidade-da-ascensao-do-senhor","status":"publish","type":"post","link":"https:\/\/catolicanet.net\/wp-cnet\/solenidade-da-ascensao-do-senhor\/","title":{"rendered":"SOLENIDADE DA ASCENS\u00c3O DO SENHOR"},"content":{"rendered":"<p style=\"text-align: center;\"><em>\u201cPor entre aclama\u00e7\u00f5es Deus se elevou, o Senhor subiu ao toque da trombeta\u201d (Sl 46,6)<\/em><\/p>\n<p style=\"text-align: justify;\">Na Liturgia deste Domingo celebramos a Solenidade da Ascens\u00e3o do Senhor, onde tal evento n\u00e3o pode ser visto como uma \u201cdespedida\u201d ou uma \u201cpartida\u201d do Senhor, ou tampouco de que n\u00e3o se fique a olhar para o c\u00e9u aguardando o retorno de Jesus, mas sim que aguarde e prepare-se para a volta Gloriosa do Senhor.<\/p>\n<p style=\"text-align: justify;\">A Primeira Leitura retirada dos Atos dos Ap\u00f3stolos (At 1,1-11), S\u00e3o Lucas reafirma a import\u00e2ncia desta solenidade e a mensagem essencial: ap\u00f3s Cristo apresentar o projeto de Salva\u00e7\u00e3o do Pai, ele entra definitivamente em comunh\u00e3o com Deus, assim somos todos convidados a percorrer o projeto de Salva\u00e7\u00e3o e, consequentemente, entrar em comunh\u00e3o definitiva com Deus. E tudo isto se dar\u00e1 quando <em>\u201cesse Jesus que vos foi levado para o c\u00e9u,<br \/>\nvir\u00e1 do mesmo modo como o vistes partir para o c\u00e9u\u201d (cf. At 1,11b).<\/em><\/p>\n<p style=\"text-align: justify;\">\u00a0O Evangelho narrado por S\u00e3o Marcos (Mc 16,15-20), Jesus aparece a seus disc\u00edpulos, n\u00e3o para consol\u00e1-los, mas para coloc\u00e1-los em miss\u00e3o, atrav\u00e9s do testemunho da Salva\u00e7\u00e3o que Deus tem a humanidade: \u201c<em>Ide pelo mundo inteiro e anunciai o Evangelho a toda criatura! Quem crer e for batizado ser\u00e1 salvo. Quem n\u00e3o crer ser\u00e1 condenado. Os sinais que acompanhar\u00e3o aqueles que crerem ser\u00e3o estes: expulsar\u00e3o dem\u00f4nios em meu nome, falar\u00e3o novas l\u00ednguas; se pegarem em serpentes ou beberem algum veneno mortal n\u00e3o lhes far\u00e1 mal algum; quando impuserem as m\u00e3os sobre os doentes, eles ficar\u00e3o curados\u201d (cf. Mc 16,15-18)<\/em>. Portanto, antes de sua subida aos c\u00e9us e sentar-se a direita do Pai, Jesus deixa o seu Projeto de Salva\u00e7\u00e3o em andamento, um projeto salv\u00edfico e universal, a verdadeira vit\u00f3ria para sermos membros do Corpo de Cristo e na esperan\u00e7a a participar da sua gl\u00f3ria.<\/p>\n<p style=\"text-align: justify;\">A Segunda Leitura retirada da Carta de S\u00e3o Paulo ao Ef\u00e9sios (Ef. 1,17-23), Paulo refor\u00e7a e conscientiza os disc\u00edpulos a terem esperan\u00e7a a que foram chamados: a vida em plena comunh\u00e3o com Deus. E ressalta a gra\u00e7a de Deus, atrav\u00e9s de Jesus Cristo, exortando tudo aquilo que o Pai envia aos seus: \u201c<em>o Pai a quem pertence a gl\u00f3ria, vos d\u00ea um esp\u00edrito de sabedoria que vo-lo revele e fa\u00e7a verdadeiramente conhecer. Que ele abra o vosso cora\u00e7\u00e3o \u00e0 sua luz, para que saibais qual a esperan\u00e7a que o seu chamamento vos d\u00e1, qual a riqueza da gl\u00f3ria que est\u00e1 na vossa heran\u00e7a com os santos, e que imenso poder ele exerceu em favor de n\u00f3s que cremos, de acordo com a sua a\u00e7\u00e3o e for\u00e7a onipotente\u201d (cf<\/em>. <em>Ef 1,17-19).<\/em><\/p>\n<p style=\"text-align: justify;\">Permane\u00e7amos fi\u00e9is a Deus e a Jesus Cristo, e que <em>\u201ca Ascens\u00e3o de Cristo \u00e9 a nossa ascens\u00e3o; j\u00e1 que o Corpo \u00e9 convidado a elevar-se at\u00e9 a gl\u00f3ria em que o precedeu a cabe\u00e7a, vamos cantar nossa alegria, expandir em a\u00e7\u00e3o de gra\u00e7as todo o nosso j\u00fabilo. Hoje, n\u00e3o apenas conquistamos o para\u00edso, mas, no Cristo, penetramos nos mais altos c\u00e9us\u201d (S\u00e3o Le\u00e3o Magno).<\/em><\/p>\n<p style=\"text-align: justify;\"><em>\u00a0<\/em><\/p>\n<p style=\"text-align: justify;\">Sauda\u00e7\u00f5es em Cristo Ressuscitado! Aleluia!<\/p>\n","protected":false},"excerpt":{"rendered":"<p>\u201cPor entre aclama\u00e7\u00f5es Deus se elevou, o Senhor subiu ao toque da trombeta\u201d (Sl 46,6) Na Liturgia deste Domingo celebramos a Solenidade da Ascens\u00e3o do Senhor, onde tal evento n\u00e3o pode ser visto como uma \u201cdespedida\u201d ou uma \u201cpartida\u201d do Senhor, ou tampouco de que n\u00e3o se fique a olhar para o c\u00e9u aguardando o [&hellip;]<\/p>\n","protected":false},"author":10,"featured_media":55817,"comment_status":"open","ping_status":"closed","sticky":false,"template":"","format":"standard","meta":{"footnotes":""},"categories":[9],"tags":[],"class_list":["post-67582","post","type-post","status-publish","format-standard","has-post-thumbnail","hentry","category-artigos"],"_links":{"self":[{"href":"https:\/\/catolicanet.net\/wp-cnet\/wp-json\/wp\/v2\/posts\/67582","targetHints":{"allow":["GET"]}}],"collection":[{"href":"https:\/\/catolicanet.net\/wp-cnet\/wp-json\/wp\/v2\/posts"}],"about":[{"href":"https:\/\/catolicanet.net\/wp-cnet\/wp-json\/wp\/v2\/types\/post"}],"author":[{"embeddable":true,"href":"https:\/\/catolicanet.net\/wp-cnet\/wp-json\/wp\/v2\/users\/10"}],"replies":[{"embeddable":true,"href":"https:\/\/catolicanet.net\/wp-cnet\/wp-json\/wp\/v2\/comments?post=67582"}],"version-history":[{"count":1,"href":"https:\/\/catolicanet.net\/wp-cnet\/wp-json\/wp\/v2\/posts\/67582\/revisions"}],"predecessor-version":[{"id":67583,"href":"https:\/\/catolicanet.net\/wp-cnet\/wp-json\/wp\/v2\/posts\/67582\/revisions\/67583"}],"wp:featuredmedia":[{"embeddable":true,"href":"https:\/\/catolicanet.net\/wp-cnet\/wp-json\/wp\/v2\/media\/55817"}],"wp:attachment":[{"href":"https:\/\/catolicanet.net\/wp-cnet\/wp-json\/wp\/v2\/media?parent=67582"}],"wp:term":[{"taxonomy":"category","embeddable":true,"href":"https:\/\/catolicanet.net\/wp-cnet\/wp-json\/wp\/v2\/categories?post=67582"},{"taxonomy":"post_tag","embeddable":true,"href":"https:\/\/catolicanet.net\/wp-cnet\/wp-json\/wp\/v2\/tags?post=67582"}],"curies":[{"name":"wp","href":"https:\/\/api.w.org\/{rel}","templated":true}]}}