{"id":67560,"date":"2021-05-14T10:24:37","date_gmt":"2021-05-14T13:24:37","guid":{"rendered":"https:\/\/catolicanet.net\/wp-cnet\/?p=67560"},"modified":"2021-05-14T11:26:34","modified_gmt":"2021-05-14T14:26:34","slug":"rumo-a-pentecostes-hoje-comeca-a-novena-ao-espirito-santo","status":"publish","type":"post","link":"https:\/\/catolicanet.net\/wp-cnet\/rumo-a-pentecostes-hoje-comeca-a-novena-ao-espirito-santo\/","title":{"rendered":"Rumo a Pentecostes: Hoje come\u00e7a a novena ao Esp\u00edrito Santo"},"content":{"rendered":"<p style=\"text-align: justify;\">No dia 23 de maio a\u00a0Igreja\u00a0celebrar\u00e1 o Esp\u00edrito Santo e, por isso, durante nove dias, os fi\u00e9is se preparam para\u00a0Pentecostes, a grande Solenidade em honra \u00e0 Terceira Pessoa da Sant\u00edssima Trindade.<\/p>\n<p style=\"text-align: justify;\">A seguir, uma novena ao Esp\u00edrito Santo:<\/p>\n<p style=\"text-align: justify;\"><strong>Rezemos juntos a ora\u00e7\u00e3o do Esp\u00edrito Santo.<\/strong><\/p>\n<p style=\"text-align: justify;\"><strong>Ora\u00e7\u00f5es iniciais para todos os dias<\/strong><\/p>\n<p style=\"text-align: justify;\">Deus meu, Deus de amor e de verdade. Senhor Jesus, Autor da santifica\u00e7\u00e3o de nossas almas, eu, prostrado humildemente ante Vossa soberana Majestade, detesto, na amargura do meu cora\u00e7\u00e3o, todos os meus pecados cometidos em ofensa a V\u00f3s, que \u00e9 digno de ser amado sobre todas as coisas.<\/p>\n<p style=\"text-align: justify;\">Oh, Bondade infinita, que jamais eu vos tivera ofendido!<\/p>\n<p style=\"text-align: justify;\">Perdoai-me, Senhor, Deus de gra\u00e7a e de miseric\u00f3rdia, perdoai minhas cont\u00ednuas infidelidades. Perdoai-me, \u00f3 Deus, por n\u00e3o ter tido valor para executar coisa boa alguma, depois de, tantas vezes, Vossa miseric\u00f3rdia e gra\u00e7a ter solicitado a mim, repreendido-me e inspirado-me amorosamente.<\/p>\n<p style=\"text-align: justify;\">Pesa sobre mim o arrependimento da ingrata correspond\u00eancia e indigna cegueira com que tenho resistido incessantemente a Vossos doces e divinos chamados. Mas proponho, firmemente, com Vosso aux\u00edlio, n\u00e3o ser rebelde a V\u00f3s e seguir, daqui em adiante, Vossas ternas inspira\u00e7\u00f5es com suma docilidade. Para este fim, iluminai-me!<\/p>\n<p style=\"text-align: justify;\">Oh, Fonte de luz, fortalecei minha vontade, purificai meu cora\u00e7\u00e3o, arrancai todos os meus pensamentos, desejos e afetos, e concedei-me ser digno de obter os frutos bem-aventurados que Vossos dons produzem nas almas que os possuem.<\/p>\n<p style=\"text-align: justify;\">Concedei-me as gra\u00e7as que Vos pe\u00e7o, nesta novena, a fim de que, para maior gl\u00f3ria Vossa, eu Vos veja, ame e adore sem fim. Am\u00e9m.<\/p>\n<p style=\"text-align: justify;\"><strong>Primeiro dia<\/strong><\/p>\n<p style=\"text-align: justify;\">Oh, Esp\u00edrito Santo, Fonte Viva de divinas \u00e1guas, que, na cria\u00e7\u00e3o do mundo, santificastes as imensas \u00e1guas que rodeavam o mundo e as \u00e1guas do Jord\u00e3o! No\u00a0batismo\u00a0de Jesus Cristo, Senhor nosso, eu Vos suplico que sejais, em meu Esp\u00edrito, t\u00e3o \u00e1rido e seco, a Sagrada Fonte de \u00e1gua viva, que jamais se esgota e brota at\u00e9 a\u00a0vida\u00a0eterna.<\/p>\n<p style=\"text-align: justify;\">A gra\u00e7a que Vos pe\u00e7o, nesta novena, \u00e9 para maior gl\u00f3ria Vossa e bem de minha alma. Am\u00e9m!<\/p>\n<p style=\"text-align: justify;\"><em>Rezar 1 Pai-Nosso e 1 Ave-Maria em honra \u00e0 Sant\u00edssima Trindade<\/em><\/p>\n<p style=\"text-align: justify;\"><strong>Segundo dia<\/strong><\/p>\n<p style=\"text-align: justify;\">Oh, Esp\u00edrito Santo, fazendo sombra, com Vossa virtude alt\u00edssima, \u00e0 pur\u00edssima\u00a0Virgem Maria\u00a0e, ao mesmo tempo, a transbordando de gra\u00e7a, fizeste, de um modo inef\u00e1vel e Onipotente, a obra infinita da Encarna\u00e7\u00e3o do Verbo Eterno no seio virginal de Vossa celestial Esposa.<\/p>\n<p style=\"text-align: justify;\">Pe\u00e7o-Vos, nesta novena, fazei sombra \u00e0 minha alma e concedei-me a gra\u00e7a necess\u00e1ria para que eu seja digno de receber o mesmo Verbo Divino feito Homem. Am\u00e9m.<\/p>\n<p style=\"text-align: justify;\">E a gra\u00e7a que Vos pe\u00e7o, nesta novena, \u00e9 para maior gl\u00f3ria Vossa e bem de minha alma. Am\u00e9m!<\/p>\n<p style=\"text-align: justify;\"><em>Rezar 1 Pai-Nosso e 1 Ave-Maria em honra \u00e0 Sant\u00edssima Trindade<\/em><\/p>\n<p style=\"text-align: justify;\"><strong>Terceiro dia<\/strong><\/p>\n<p style=\"text-align: justify;\">Oh, Esp\u00edrito Santo, Celestial Pomba que, abrindo de par em par os c\u00e9us, descestes sobre Jesus j\u00e1 batizado, no Jord\u00e3o, simbolizando que, desde esse momento em que tomou a natureza humana, habitava n\u2019Ele a plenitude da divindade.<\/p>\n<p style=\"text-align: justify;\">Vinde sobre a mim, Esp\u00edrito de Deus, que sou pobre e miser\u00e1vel, e enchei-me do dom de sabedoria, de conselho, entendimento e fortaleza, do dom de ci\u00eancia, piedade e de temor a Deus. E que a gra\u00e7a que Vos pe\u00e7o, nesta novena, seja para maior gl\u00f3ria Vossa e bem de minha alma. Am\u00e9m.<\/p>\n<p style=\"text-align: justify;\"><em>Rezar 1 Pai-Nosso e 1 Ave-Maria em honra \u00e0 Sant\u00edssima Trindade<\/em><\/p>\n<p style=\"text-align: justify;\"><strong>Quarto dia<\/strong><\/p>\n<p style=\"text-align: justify;\">Oh, Esp\u00edrito Santo, que fazendo, no Tabor, sombra a Jesus transfigurado e glorioso, ilustrastes aquele santo monte e amparastes, em Seu excessivo temor aos ap\u00f3stolos, comunicando-lhes, depois da Ascens\u00e3o de Seu Divino Mestre, muita luz, fervor e gra\u00e7a; ilustrai, protegei e fecundai minha alma para que eu seja um disc\u00edpulo digno de Jesus.<\/p>\n<p style=\"text-align: justify;\">E a gra\u00e7a que Vos pe\u00e7o, nesta novena, seja para maior gl\u00f3ria Vossa e bem de minha alma. Am\u00e9m.<\/p>\n<p style=\"text-align: justify;\"><em>Rezar 1 Pai-Nosso e 1 Ave-Maria em honra \u00e0 Sant\u00edssima Trindade<\/em><\/p>\n<p style=\"text-align: justify;\"><strong>Quinto dia<\/strong><\/p>\n<p style=\"text-align: justify;\">Oh, Esp\u00edrito Santo, Suave Vento que teve o Cen\u00e1culo e deu for\u00e7a e valor aos cora\u00e7\u00f5es de quantos Vos esperavam, orando fervorosamente unidos com alma e cora\u00e7\u00e3o! Oh, Esp\u00edrito de vida e amor, enchei de gra\u00e7a toda a casa de meu pequeno esp\u00edrito, minha mem\u00f3ria, entendimento e vontade.<\/p>\n<p style=\"text-align: justify;\">E a gra\u00e7a que Vos pe\u00e7o, nesta novena, seja para maior gl\u00f3ria Vossa e bem de minha alma. Am\u00e9m.<\/p>\n<p style=\"text-align: justify;\"><em>Rezar 1 Pai-Nosso e 1 Ave-Maria em honra \u00e0 Sant\u00edssima Trindade<\/em><\/p>\n<p style=\"text-align: justify;\"><strong>\u00a0Sexto dia<\/strong><\/p>\n<p style=\"text-align: justify;\">Oh, Esp\u00edrito Santo, Luz clar\u00edssima que ilustrou o entendimento dos santos ap\u00f3stolos, comunicando-lhes, como Sol divino, toda a luz que necessitavam para sua perfei\u00e7\u00e3o e para a convers\u00e3o do mundo! Oh, Luz beat\u00edssima, iluminai todos os lugares tenebrosos de meu interior para que Vos conhe\u00e7a e d\u00ea a conhecer a todo o mundo.<\/p>\n<p style=\"text-align: justify;\">E a gra\u00e7a que Vos pe\u00e7o, nesta novena, seja para maior gl\u00f3ria Vossa e bem de minha alma. Am\u00e9m.<\/p>\n<p style=\"text-align: justify;\"><em>Rezar 1 Pai-Nosso e 1 Ave-Maria em honra \u00e0 Sant\u00edssima Trindade<\/em><\/p>\n<p style=\"text-align: justify;\"><strong>S\u00e9timo dia<\/strong><\/p>\n<p style=\"text-align: justify;\">Oh, Esp\u00edrito Santo, Sagrado Fogo, que aparecendo vis\u00edvel aos ap\u00f3stolos, no dia de Pentecostes, inflamastes divinamente o cora\u00e7\u00e3o deles para que, abrasados em Vosso amor, incendiassem todo o mundo nas mesmas sagradas chamas. Acendei, em Vosso Sant\u00edssimo ardor, meu cora\u00e7\u00e3o gelado, para que, abrasado meu esp\u00edrito neles, acenda em Vosso divino amor a quantos pessoas eu conhe\u00e7a.<\/p>\n<p style=\"text-align: justify;\">E a gra\u00e7a que Vos pe\u00e7o, nesta novena, seja para maior gl\u00f3ria Vossa e bem de minha alma. Am\u00e9m.<\/p>\n<p style=\"text-align: justify;\"><em>Rezar 1 Pai-Nosso e 1 Ave-Maria em honra \u00e0 Sant\u00edssima Trindade<\/em><\/p>\n<p style=\"text-align: justify;\"><strong>Oitavo dia<\/strong><\/p>\n<p style=\"text-align: justify;\">Oh, Esp\u00edrito Santo, caridade essencial, que difundiu Vossos divinos dons nos cora\u00e7\u00f5es humanos, comunicando-lhes todas as divinas gra\u00e7as, que se incluem em nossos sete dons, e compreendem tudo o quanto necessita a vida espiritual, pr\u00f3pria de cada um, e a qual desejais que se comunique a todos os homens:<\/p>\n<p style=\"text-align: justify;\">Oh, Caridade Sant\u00edssima, infundi em meu cora\u00e7\u00e3o t\u00e3o pobre de Vossos sete dons e com eles publique Vossas grandezas.<\/p>\n<p style=\"text-align: justify;\">Oh, Deus misericordioso, V\u00f3s que, antigamente, enchestes, neste dia, os peitos apost\u00f3licos de vossa gra\u00e7a, dai-nos Vossos divinos carismas, concedei-nos tempos tranquilos, confirmai as gra\u00e7as que Vos temos pedido nesta novena.<\/p>\n<p style=\"text-align: justify;\">E a gra\u00e7a que Vos pe\u00e7o, nesta novena, seja para maior gl\u00f3ria vossa e bem de minha alma. Am\u00e9m.<\/p>\n<p style=\"text-align: justify;\"><strong>Nono dia<\/strong><\/p>\n<p style=\"text-align: justify;\">Hoje, completaram-se os dias de Pentecostes. Aleluia! Hoje, reproduzem-se as felizes alegrias quando o Esp\u00edrito Consolador baixou sobre Seus ap\u00f3stolos. Aleluia!<\/p>\n<p style=\"text-align: justify;\">Raiou, hoje, o resplendor do divino fogo, repousou o Esp\u00edrito Santo em forma de l\u00ednguas sobre eles. Aleluia! Hoje, concedeu-lhes palavras edificadoras, inflamou-os com Seu amor e os encheu de Seus inumer\u00e1veis carismas. Aleluia! Aleluia! Foram todos cheios do Esp\u00edrito Santo e come\u00e7aram a falar em v\u00e1rias l\u00ednguas. Aleluia!<\/p>\n<p style=\"text-align: justify;\">Oh, Deus, que haveis instru\u00eddo, neste dia, o cora\u00e7\u00e3o dos fi\u00e9is com a ilustra\u00e7\u00e3o do Esp\u00edrito Santo, dai-me a gra\u00e7a de sentir retamente, com este mesmo Esp\u00edrito, e aproveitar sempre de Sua consola\u00e7\u00e3o.<\/p>\n<p style=\"text-align: justify;\">Por Jesus Cristo Senhor Nosso, Seu Filho, que vive contigo e reina na unidade do mesmo Esp\u00edrito Santo, am\u00e9m.<\/p>\n<p style=\"text-align: justify;\"><strong>Ora\u00e7\u00e3o final<\/strong><\/p>\n<p style=\"text-align: justify;\">Vem, oh, Criador Esp\u00edrito!<\/p>\n<p style=\"text-align: justify;\">Nossas almas visitai, nosso peito, que V\u00f3s criastes, enchei de gra\u00e7a celestial, pois sois Par\u00e1clito Esp\u00edrito, dom do Pai celestial, fonte viva, sacrofogo, un\u00e7\u00e3o santa.<\/p>\n<p style=\"text-align: justify;\">Em Seus dons setiformes, tal promessa paternal, dedo eterno de Deus Pai, nossas l\u00ednguas inflamai. Ilustrai nossos sentidos, o cora\u00e7\u00e3o inflamai, nossos corpos, que s\u00e3o fracos, com vossa virtude armai.<\/p>\n<p style=\"text-align: justify;\">Apartai os inimigos, dai-nos a divina paz e sendo Vos nosso guia livrai-nos de toda maldade.<\/p>\n<p style=\"text-align: justify;\">Por Vos ao Pai e ao Filho, nesta vida mortal convocamos, e cremos sempre em tua Divindade.<\/p>\n<p style=\"text-align: justify;\">A Deus Pai seja gl\u00f3ria, ao filho gl\u00f3ria imortal e ao Esp\u00edrito Par\u00e1clito por toda a eternidade. Am\u00e9m.<\/p>\n<p style=\"text-align: justify;\"><strong>Ora\u00e7\u00e3o ao Esp\u00edrito Santo<\/strong><\/p>\n<p style=\"text-align: justify;\">Divin\u00edssimo consolador de minha alma, fogo, luz e celestial ardor dos cora\u00e7\u00f5es humanos, se \u00e9 para gl\u00f3ria de vossa Majestade que eu consiga o que eu desejo e pe\u00e7o neste dia, digna-Vos conceder-me benignamente;<\/p>\n<p style=\"text-align: justify;\">E sen\u00e3o dirigi meu pedido, dando-me as gra\u00e7as que tem de ser para vossa maior gl\u00f3ria e bem da salva\u00e7\u00e3o de minha alma. Am\u00e9m.<\/p>\n<p style=\"text-align: justify;\">(<em>Cada um se recolher\u00e1 interiormente e pedir\u00e1 a gra\u00e7a que mais necessite. Ser\u00e1 concluido todos os dias com a ant\u00edfona, verso, resposta e ora\u00e7\u00e3o seguintes<\/em>)<\/p>\n<p style=\"text-align: justify;\"><strong>Ant\u00edfona<\/strong><\/p>\n<p style=\"text-align: justify;\">Vos desejarei, aleluia;<\/p>\n<p style=\"text-align: justify;\">Voe e venho a n\u00f3s, aleluia;<\/p>\n<p style=\"text-align: justify;\">E se alegrar\u00e1 nosso cora\u00e7\u00e3o, aleluia, aleluia.<\/p>\n<p style=\"text-align: justify;\">Enviai, Senhor, vosso Santo Esp\u00edrito, e ser\u00e3o criados.<\/p>\n<p style=\"text-align: justify;\">E renovareis a face da terra.<\/p>\n<p style=\"text-align: justify;\">Oh! Deus que haveis instru\u00eddo os cora\u00e7\u00f5es dos fi\u00e9is com a ilustra\u00e7\u00e3o do Esp\u00edrito Santo; dai-nos o sentir retamente com este mesmo Esp\u00edrito, e aproveitar sempre de sua consola\u00e7\u00e3o.<\/p>\n<p style=\"text-align: justify;\">Por Jesus Cristo Senhor nosso, teu filho, que vive contigo e Reina na unidade do mesmo Esp\u00edrito Santo, Deus por todos os s\u00e9culos dos s\u00e9culos. Am\u00e9m.<\/p>\n","protected":false},"excerpt":{"rendered":"<p>No dia 23 de maio a\u00a0Igreja\u00a0celebrar\u00e1 o Esp\u00edrito Santo e, por isso, durante nove dias, os fi\u00e9is se preparam para\u00a0Pentecostes, a grande Solenidade em honra \u00e0 Terceira Pessoa da Sant\u00edssima Trindade. A seguir, uma novena ao Esp\u00edrito Santo: Rezemos juntos a ora\u00e7\u00e3o do Esp\u00edrito Santo. Ora\u00e7\u00f5es iniciais para todos os dias Deus meu, Deus de [&hellip;]<\/p>\n","protected":false},"author":1,"featured_media":67561,"comment_status":"open","ping_status":"closed","sticky":false,"template":"","format":"standard","meta":{"footnotes":""},"categories":[4],"tags":[],"class_list":["post-67560","post","type-post","status-publish","format-standard","has-post-thumbnail","hentry","category-cotidiano"],"_links":{"self":[{"href":"https:\/\/catolicanet.net\/wp-cnet\/wp-json\/wp\/v2\/posts\/67560","targetHints":{"allow":["GET"]}}],"collection":[{"href":"https:\/\/catolicanet.net\/wp-cnet\/wp-json\/wp\/v2\/posts"}],"about":[{"href":"https:\/\/catolicanet.net\/wp-cnet\/wp-json\/wp\/v2\/types\/post"}],"author":[{"embeddable":true,"href":"https:\/\/catolicanet.net\/wp-cnet\/wp-json\/wp\/v2\/users\/1"}],"replies":[{"embeddable":true,"href":"https:\/\/catolicanet.net\/wp-cnet\/wp-json\/wp\/v2\/comments?post=67560"}],"version-history":[{"count":1,"href":"https:\/\/catolicanet.net\/wp-cnet\/wp-json\/wp\/v2\/posts\/67560\/revisions"}],"predecessor-version":[{"id":67562,"href":"https:\/\/catolicanet.net\/wp-cnet\/wp-json\/wp\/v2\/posts\/67560\/revisions\/67562"}],"wp:featuredmedia":[{"embeddable":true,"href":"https:\/\/catolicanet.net\/wp-cnet\/wp-json\/wp\/v2\/media\/67561"}],"wp:attachment":[{"href":"https:\/\/catolicanet.net\/wp-cnet\/wp-json\/wp\/v2\/media?parent=67560"}],"wp:term":[{"taxonomy":"category","embeddable":true,"href":"https:\/\/catolicanet.net\/wp-cnet\/wp-json\/wp\/v2\/categories?post=67560"},{"taxonomy":"post_tag","embeddable":true,"href":"https:\/\/catolicanet.net\/wp-cnet\/wp-json\/wp\/v2\/tags?post=67560"}],"curies":[{"name":"wp","href":"https:\/\/api.w.org\/{rel}","templated":true}]}}