{"id":67502,"date":"2021-05-12T10:57:27","date_gmt":"2021-05-12T13:57:27","guid":{"rendered":"https:\/\/catolicanet.net\/wp-cnet\/?p=67502"},"modified":"2021-05-12T17:59:58","modified_gmt":"2021-05-12T20:59:58","slug":"uma-rede-de-mais-de-8-mil-pasconeiros-faz-chegar-a-mensagem-da-igreja-no-brasil-em-diferentes-realidades","status":"publish","type":"post","link":"https:\/\/catolicanet.net\/wp-cnet\/uma-rede-de-mais-de-8-mil-pasconeiros-faz-chegar-a-mensagem-da-igreja-no-brasil-em-diferentes-realidades\/","title":{"rendered":"UMA REDE DE MAIS DE 8 MIL PASCONEIROS FAZ CHEGAR A MENSAGEM DA IGREJA NO BRASIL EM DIFERENTES REALIDADES"},"content":{"rendered":"<p style=\"text-align: justify;\">A pandemia tem mostrado o quanto \u00e9 essencial o trabalho de uma pastoral cuja voca\u00e7\u00e3o foi sempre ficar nos bastidores. Trata-se da Pastoral da Comunica\u00e7\u00e3o (Pascom Brasil) cuja miss\u00e3o \u201c\u00e9\u00a0ser\/estar em comunh\u00e3o, a servi\u00e7o da participa\u00e7\u00e3o e do incentivo do uso dos recursos e ferramentas de comunica\u00e7\u00e3o a servi\u00e7o da a\u00e7\u00e3o evangelizadora da Igreja no pa\u00eds\u201d.<\/p>\n<figure id=\"attachment_263599\" class=\"wp-caption alignright\" style=\"text-align: justify;\" aria-describedby=\"caption-attachment-263599\"><img loading=\"lazy\" decoding=\"async\" class=\"wp-image-263599 size-medium lazyloaded\" src=\"https:\/\/eadn-wc02-718006.nxedge.io\/cdn\/wp-content\/uploads\/2021\/05\/Patricia-Luz-1a-secretaria-executiva-da-Pascom-Brasil-300x300.jpg\" sizes=\"auto, (max-width: 300px) 100vw, 300px\" srcset=\"https:\/\/eadn-wc02-718006.nxedge.io\/cdn\/wp-content\/uploads\/2021\/05\/Patricia-Luz-1a-secretaria-executiva-da-Pascom-Brasil-300x300.jpg 300w, https:\/\/eadn-wc02-718006.nxedge.io\/cdn\/wp-content\/uploads\/2021\/05\/Patricia-Luz-1a-secretaria-executiva-da-Pascom-Brasil-1024x1024.jpg 1024w, https:\/\/eadn-wc02-718006.nxedge.io\/cdn\/wp-content\/uploads\/2021\/05\/Patricia-Luz-1a-secretaria-executiva-da-Pascom-Brasil-150x150.jpg 150w, https:\/\/eadn-wc02-718006.nxedge.io\/cdn\/wp-content\/uploads\/2021\/05\/Patricia-Luz-1a-secretaria-executiva-da-Pascom-Brasil-768x768.jpg 768w, https:\/\/eadn-wc02-718006.nxedge.io\/cdn\/wp-content\/uploads\/2021\/05\/Patricia-Luz-1a-secretaria-executiva-da-Pascom-Brasil-800x800.jpg 800w, https:\/\/eadn-wc02-718006.nxedge.io\/cdn\/wp-content\/uploads\/2021\/05\/Patricia-Luz-1a-secretaria-executiva-da-Pascom-Brasil-500x500.jpg 500w, https:\/\/eadn-wc02-718006.nxedge.io\/cdn\/wp-content\/uploads\/2021\/05\/Patricia-Luz-1a-secretaria-executiva-da-Pascom-Brasil.jpg 1080w\" alt=\"\" width=\"300\" height=\"300\" data-ll-status=\"loaded\" \/><figcaption id=\"caption-attachment-263599\" class=\"wp-caption-text\">Primeira secret\u00e1ria executiva da Pascom Brasil, Patr\u00edcia Luz. Fotos: arquivo pessoal e da Pascom Brasil.<\/figcaption><\/figure>\n<p style=\"text-align: justify;\">Por ocasi\u00e3o do 55\u00ba Dia Mundial das Comunica\u00e7\u00f5es, a ser celebrado no pr\u00f3ximo dia 16 de maio, o portal da CNBB est\u00e1 publicando uma s\u00e9rie de mat\u00e9rias sobre \u201cQuem faz a comunica\u00e7\u00e3o na Igreja no Brasil\u201d.<\/p>\n<p style=\"text-align: justify;\">A primeira secret\u00e1ria executiva da Pascom Brasil, eleita em julho de 2018, na reuni\u00e3o anual da Comiss\u00e3o Nacional, em Aparecida (SP), Patr\u00edcia Luz concedeu uma entrevista na qual recupera os marcos da caminhada, fala dos projetos, desafios presentes e futuros e como est\u00e1 organizada a Pascom no pa\u00eds.<\/p>\n<p style=\"text-align: justify;\">Al\u00e9m dela, a Coordena\u00e7\u00e3o Nacional da Pastoral da Comunica\u00e7\u00e3o conta tamb\u00e9m com um coordenador, fun\u00e7\u00e3o exercida pelo publicit\u00e1rio Marcus Tullius. \u00c0 coordena\u00e7\u00e3o nacional cabe a articula\u00e7\u00e3o da Pascom no n\u00edvel nacional, acompanhamento das atividades nos regionais e dioceses e suporte \u00e0s equipes de trabalho. Um cadastro feito pela pastoral contabilizou a atua\u00e7\u00e3o de 8 mil agentes em todo Brasil. \u201cA gente imagina que seja muito mais do que esse n\u00famero, uma vez que nem todos se cadastraram e na pandemia muitos novos agentes se aproximaram do trabalho\u201d, disse.<\/p>\n<p style=\"text-align: justify;\">A Pascom, de acordo com sua secret\u00e1ria executiva, busca ser uma pastoral criativa e ponte com a sociedade, na perspectiva da Igreja em Sa\u00edda, modelo apontado pelo Papa Francisco, e leve a mensagem do Evangelho para os que est\u00e3o fora e tamb\u00e9m procura fazer o movimento contr\u00e1rio, interpretando e traduzindo para dentro da Igreja os anseios das pessoas.<\/p>\n<p style=\"text-align: justify;\"><img loading=\"lazy\" decoding=\"async\" class=\"aligncenter size-large wp-image-263600 lazyloaded\" src=\"https:\/\/eadn-wc02-718006.nxedge.io\/cdn\/wp-content\/uploads\/2021\/05\/Pasconeiros-do-Brasil-1024x603.jpg\" sizes=\"auto, (max-width: 1024px) 100vw, 1024px\" srcset=\"https:\/\/eadn-wc02-718006.nxedge.io\/cdn\/wp-content\/uploads\/2021\/05\/Pasconeiros-do-Brasil-1024x603.jpg 1024w, https:\/\/eadn-wc02-718006.nxedge.io\/cdn\/wp-content\/uploads\/2021\/05\/Pasconeiros-do-Brasil-300x177.jpg 300w, https:\/\/eadn-wc02-718006.nxedge.io\/cdn\/wp-content\/uploads\/2021\/05\/Pasconeiros-do-Brasil-768x452.jpg 768w, https:\/\/eadn-wc02-718006.nxedge.io\/cdn\/wp-content\/uploads\/2021\/05\/Pasconeiros-do-Brasil-500x294.jpg 500w, https:\/\/eadn-wc02-718006.nxedge.io\/cdn\/wp-content\/uploads\/2021\/05\/Pasconeiros-do-Brasil.jpg 1279w\" alt=\"\" width=\"1024\" height=\"603\" data-ll-status=\"loaded\" \/><\/p>\n<h3 style=\"text-align: justify;\">Desafios presentes e futuros<\/h3>\n<p style=\"text-align: justify;\">Atualmente, a Pascom est\u00e1 com um olho no presente e outro no futuro com o desejo de entender o que vem e como enfrentar os desafios da p\u00f3s pandemia. \u201cAinda n\u00e3o temos respostas claras, mas estamos estudando desde 2020, ouvindo especialistas e nossos bispos para que a Pascom seja\u00a0 proativa a servi\u00e7o da supera\u00e7\u00e3o destes desafios\u201d, aponta a jornalista e tamb\u00e9m especialista em Converg\u00eancia Midi\u00e1tica pela Faculdade Social da Bahia.<\/p>\n<p style=\"text-align: justify;\">Segundo a secret\u00e1ria executiva da Pascom Brasil, embora seja uma pastoral estruturada, a compreens\u00e3o sobre a necessidade de sua a\u00e7\u00e3o ainda \u00e9 um desafio. \u201cMesmo ao longo destes anos e mesmo, hoje, estando em evid\u00eancia a necessidade que a Igreja tem de continuar a evangeliza\u00e7\u00e3o e contato com os fi\u00e9is neste tempo da pandemia\u201d,\u00a0 disse.<\/p>\n<blockquote><p>\u201cTrabalhamos muito para que as pessoas compreendam a comunica\u00e7\u00e3o como um processo e como rela\u00e7\u00e3o, o que faz toda diferen\u00e7a numa comunidade. A gente entende que a comunica\u00e7\u00e3o humana \u00e9 importante e que \u00e9 por meio dela que se chega a quem mais precisa com a mensagem do Evangelho. Os meios de comunica\u00e7\u00e3o e as ferramentas s\u00e3o extens\u00f5es desta comunica\u00e7\u00e3o que ocorre dentro da comunidade, entre as pessoas. Este desafio exige uma mudan\u00e7a de mentalidade\u201d, aponta.<\/p><\/blockquote>\n<p style=\"text-align: justify;\">Outro desafio apontado pela Pascom diz respeito ao baixo investimento em recursos para que o trabalho da Pastoral da Comunica\u00e7\u00e3o aconte\u00e7a. \u201cAproveito para agradecer os agentes da Pastoral da Comunica\u00e7\u00e3o que seguem firmes em sua miss\u00e3o, sendo oper\u00e1rios da primeira hora. \u00c9 atrav\u00e9s de seu trabalho que a Igreja tem chegado at\u00e9 os fi\u00e9is. Na grande maioria, os pasconeiros investem e utilizam seus pr\u00f3prios equipamentos e internet. Sabemos de tantas realidades em que o agente da Pascom passa a celebra\u00e7\u00e3o inteira segurando o celular para que a transmiss\u00e3o da missa seja feita\u201d, refor\u00e7a.<\/p>\n<h3 style=\"text-align: justify;\">A Pascom na par\u00f3quia Imaculada Concei\u00e7\u00e3o em Nova Cruz (RN)<\/h3>\n<p style=\"text-align: justify;\"><img loading=\"lazy\" decoding=\"async\" class=\"alignleft wp-image-263602 size-medium lazyloaded\" src=\"https:\/\/eadn-wc02-718006.nxedge.io\/cdn\/wp-content\/uploads\/2021\/05\/Flavio-Pascom-RN-300x225.jpg\" sizes=\"auto, (max-width: 300px) 100vw, 300px\" srcset=\"https:\/\/eadn-wc02-718006.nxedge.io\/cdn\/wp-content\/uploads\/2021\/05\/Flavio-Pascom-RN-300x225.jpg 300w, https:\/\/eadn-wc02-718006.nxedge.io\/cdn\/wp-content\/uploads\/2021\/05\/Flavio-Pascom-RN-1024x768.jpg 1024w, https:\/\/eadn-wc02-718006.nxedge.io\/cdn\/wp-content\/uploads\/2021\/05\/Flavio-Pascom-RN-768x576.jpg 768w, https:\/\/eadn-wc02-718006.nxedge.io\/cdn\/wp-content\/uploads\/2021\/05\/Flavio-Pascom-RN-500x375.jpg 500w, https:\/\/eadn-wc02-718006.nxedge.io\/cdn\/wp-content\/uploads\/2021\/05\/Flavio-Pascom-RN-800x600.jpg 800w, https:\/\/eadn-wc02-718006.nxedge.io\/cdn\/wp-content\/uploads\/2021\/05\/Flavio-Pascom-RN.jpg 1280w\" alt=\"\" width=\"300\" height=\"225\" data-ll-status=\"loaded\" \/>O Fl\u00e1vio Lu\u00eds da Silva, natural, 38 anos, graduado em Servi\u00e7o Social e funcion\u00e1rio p\u00fablico municipal, \u00e9 um dos 8 mil pasconeiros espalhados pelo Brasil. O seu contato com a Pastoral se deu h\u00e1 mais de 20 anos em uma reuni\u00e3o para a qual foi convidado por meio de seu p\u00e1roco. Desde ent\u00e3o, come\u00e7ou a participar dos encontros de forma\u00e7\u00e3o da comunica\u00e7\u00e3o na par\u00f3quia e na arquidiocese de Natal. Hoje \u00e9 o atual coordenador da Pascom na par\u00f3quia Imaculada Concei\u00e7\u00e3o em Nova Cruz (RN).<\/p>\n<p style=\"text-align: justify;\">Ele conta que a Pastoral da Comunica\u00e7\u00e3o da sua par\u00f3quia desenvolve uma experi\u00eancia que tem dinamizado a comunica\u00e7\u00e3o com os fi\u00e9is. Segundo ele, na par\u00f3quia, com 32 comunidades rurais e urbanas, h\u00e1 uma dificuldade de locomo\u00e7\u00e3o para os agentes atuarem. Frente \u00e0 esta dificuldade, desde 2019, iniciaram a forma\u00e7\u00e3o da 1\u00aa Turma de Correspondentes da Pascom da par\u00f3quia com 70 pessoas. Em 2020, de forma on-line, formaram mais 6 correspondentes e, este ano, outros 20.<\/p>\n<p style=\"text-align: justify;\">De acordo com o pasconeiro, essas equipes que atuam nas comunidades enviam as principais informa\u00e7\u00f5es,<img loading=\"lazy\" decoding=\"async\" class=\"alignright wp-image-263603 size-medium lazyloaded\" src=\"https:\/\/eadn-wc02-718006.nxedge.io\/cdn\/wp-content\/uploads\/2021\/05\/Pascom-RN-300x169.jpg\" sizes=\"auto, (max-width: 300px) 100vw, 300px\" srcset=\"https:\/\/eadn-wc02-718006.nxedge.io\/cdn\/wp-content\/uploads\/2021\/05\/Pascom-RN-300x169.jpg 300w, https:\/\/eadn-wc02-718006.nxedge.io\/cdn\/wp-content\/uploads\/2021\/05\/Pascom-RN-1024x576.jpg 1024w, https:\/\/eadn-wc02-718006.nxedge.io\/cdn\/wp-content\/uploads\/2021\/05\/Pascom-RN-768x432.jpg 768w, https:\/\/eadn-wc02-718006.nxedge.io\/cdn\/wp-content\/uploads\/2021\/05\/Pascom-RN-500x281.jpg 500w, https:\/\/eadn-wc02-718006.nxedge.io\/cdn\/wp-content\/uploads\/2021\/05\/Pascom-RN.jpg 1032w\" alt=\"\" width=\"300\" height=\"169\" data-ll-status=\"loaded\" \/>\u00a0registros e fotos das atividades que acontecem nas comunidades e a equipe de coordena\u00e7\u00e3o posta nas redes sociais da par\u00f3quia. Esta iniciativa, da qual o Fl\u00e1vio \u00e9 o coordenador, \u00e9 respons\u00e1vel por um aumento significativo de seguidores nas redes sociais da par\u00f3quia. S\u00f3 no Facebook s\u00e3o 42 mil seguidores e no Instagram,\u00a0 13 mil.<\/p>\n<p style=\"text-align: justify;\">\u201cSer Pascom \u00e9 bom demais. Ser pasconeiro na Igreja no Brasil \u00e9 uma atividade muito importante para levar a evangeliza\u00e7\u00e3o atrav\u00e9s dos meios de comunica\u00e7\u00e3o. Atualmente, vivemos um momento dif\u00edcil no qual as redes sociais e o trabalho dos pasconeiros ganhou relev\u00e2ncia para levar a Palavra Deus e levar a boa not\u00edcia a todos os recantos da nossa Igreja\u201d, avalia.<\/p>\n<h3 style=\"text-align: justify;\">Como est\u00e1 organizada<\/h3>\n<p style=\"text-align: justify;\">Presente em quase todos os regionais da Igreja no Brasil, a Pascom Brasil s\u00f3 passou a ter uma coordena\u00e7\u00e3o nacional a partir de 2018. At\u00e9 ent\u00e3o, sua coordena\u00e7\u00e3o estava aos cuidados dos assessores da Comiss\u00e3o Episcopal Pastoral para a Comunica\u00e7\u00e3o da Confer\u00eancia Nacional dos Bispos do Brasil (CNBB), que tamb\u00e9m acumulavam as outras demandas da comunica\u00e7\u00e3o eclesial e institucional.<\/p>\n<blockquote><p>\u201cIsso foi um ganho muito importante para o processo de fortalecimento da Pascom nos regionais, da articula\u00e7\u00e3o e integra\u00e7\u00e3o com as demais inst\u00e2ncias de comunica\u00e7\u00e3o como a assessoria de comunica\u00e7\u00e3o da CNBB, a Signis e a Rede Cat\u00f3lica de R\u00e1dios\u201d, avalia a secret\u00e1ria executiva da Pascom.<\/p><\/blockquote>\n<p style=\"text-align: justify;\">O trabalho da Pascom Brasil continua vinculado ao trabalho que realiza a Comiss\u00e3o de Comunica\u00e7\u00e3o da CNBB. A presid\u00eancia e assessoria da Comiss\u00e3o de Comunica\u00e7\u00e3o da CNBB tamb\u00e9m comp\u00f5em a coordena\u00e7\u00e3o nacional da Pascom.<\/p>\n<p style=\"text-align: justify;\">A Coordena\u00e7\u00e3o Nacional da Pastoral da Comunica\u00e7\u00e3o \u00e9 composta pelos bispos referenciais e pelos coordenadores regionais da Pascom. Re\u00fane-se anualmente para refletir, avaliar e planejar as atividades de comunica\u00e7\u00e3o que podem ser implementadas pelo Brasil. A Coordena\u00e7\u00e3o Nacional desenvolve os seus trabalhos a partir dos quatro eixos da Pascom: 1) forma\u00e7\u00e3o, 2) articula\u00e7\u00e3o, 3) produ\u00e7\u00e3o e 4) espiritualidade, que s\u00e3o dimens\u00f5es do projeto nacional da Pascom. Um dos projetos que est\u00e1 sendo gestado \u00e9 a Escola de Comunica\u00e7\u00e3o Nacional.<\/p>\n<p style=\"text-align: justify;\">\u201cTrabalhamos com Grupos de Trabalho (GTs) a partir dos pilares dos quatro eixos da Pascom. Os projetos est\u00e3o ligados aos pilares da organiza\u00e7\u00e3o. Para cada um deles, temos um Plano de A\u00e7\u00e3o que foi ajustado o ano passado para atender aos desafios da pandemia. Cada grupo, do qual participam os coordenadores regionais, cuida de uma dimens\u00e3o do trabalho da Pascom e a gente faz a integra\u00e7\u00e3o em conjunto\u201d, explica Patr\u00edcia.<\/p>\n<figure id=\"attachment_263601\" class=\"wp-caption aligncenter\" style=\"text-align: justify;\" aria-describedby=\"caption-attachment-263601\"><img loading=\"lazy\" decoding=\"async\" class=\"wp-image-263601 size-large lazyloaded\" src=\"https:\/\/eadn-wc02-718006.nxedge.io\/cdn\/wp-content\/uploads\/2021\/05\/Reuniao-da-Coordenacao-Nacional-1024x543.jpg\" sizes=\"auto, (max-width: 1024px) 100vw, 1024px\" srcset=\"https:\/\/eadn-wc02-718006.nxedge.io\/cdn\/wp-content\/uploads\/2021\/05\/Reuniao-da-Coordenacao-Nacional-1024x543.jpg 1024w, https:\/\/eadn-wc02-718006.nxedge.io\/cdn\/wp-content\/uploads\/2021\/05\/Reuniao-da-Coordenacao-Nacional-300x159.jpg 300w, https:\/\/eadn-wc02-718006.nxedge.io\/cdn\/wp-content\/uploads\/2021\/05\/Reuniao-da-Coordenacao-Nacional-768x407.jpg 768w, https:\/\/eadn-wc02-718006.nxedge.io\/cdn\/wp-content\/uploads\/2021\/05\/Reuniao-da-Coordenacao-Nacional-500x265.jpg 500w, https:\/\/eadn-wc02-718006.nxedge.io\/cdn\/wp-content\/uploads\/2021\/05\/Reuniao-da-Coordenacao-Nacional.jpg 1077w\" alt=\"\" width=\"1024\" height=\"543\" data-ll-status=\"loaded\" \/><figcaption id=\"caption-attachment-263601\" class=\"wp-caption-text\">Encontro da Coordena\u00e7\u00e3o Nacional realizado antes da chegada da pandemia.<\/figcaption><\/figure>\n<h3 style=\"text-align: justify;\">Marcos na caminhada<\/h3>\n<p style=\"text-align: justify;\">A Pascom Brasil surgiu a partir das a\u00e7\u00f5es de muitas dioceses do Brasil, especialmente a partir da d\u00e9cada de 1980, para o desenvolvimento de ve\u00edculos de comunica\u00e7\u00e3o para a evangeliza\u00e7\u00e3o. Iniciativas volunt\u00e1rias, de pessoas que amavam a comunica\u00e7\u00e3o cat\u00f3lica e mesmo com poucos recursos apostaram nessa forma de evangeliza\u00e7\u00e3o.<\/p>\n<p style=\"text-align: justify;\">Paralelo a esse movimento, a secret\u00e1ria executiva da Pascom aponta que tamb\u00e9m surgiu a preocupa\u00e7\u00e3o com a forma\u00e7\u00e3o dos leigos, do clero e dos religiosos tanto para o uso adequado dessas ferramentas quanto para uma leitura cr\u00edtica dos meios de comunica\u00e7\u00e3o sociais.<\/p>\n<p style=\"text-align: justify;\">Documentos da Igreja no Brasil, entre eles as reflex\u00f5es sistematizadas na Campanha da Fraternidade de 1989, cujo tema foi \u201cComunica\u00e7\u00e3o para a verdade e a Paz\u201d, foram importantes na trajet\u00f3ria da Pascom. Contudo, a compreens\u00e3o da necessidade de uma Pastoral que cuidasse da comunica\u00e7\u00e3o e seus processos no interno das comunidades \u00e9 algo mais recente.<\/p>\n<p style=\"text-align: justify;\">De acordo com Patr\u00edcia Luz, o grande marco para a consolida\u00e7\u00e3o da Pascom foi a publica\u00e7\u00e3o do Diret\u00f3rio da Comunica\u00e7\u00e3o da Igreja no Brasil, documento n\u00ba 99 da CNBB, como resultado de um grande esfor\u00e7o da Comiss\u00e3o Episcopal Pastoral para a Comunica\u00e7\u00e3o da CNBB para dinamizar e articular as iniciativas de comunica\u00e7\u00e3o na Igreja.<\/p>\n<blockquote><p>\u201cAos poucos fomos compreendendo a necessidade de articular uma Pastoral que fosse capaz de pensar sobre as rela\u00e7\u00f5es numa comunidade, que estivesse atenta \u00e0s diversas realidades e que fosse capaz de traduzir para a sociedade o que h\u00e1 de bom e verdadeiro na Igreja. Em 2008, a Comiss\u00e3o Episcopal Pastoral para a Comunica\u00e7\u00e3o realizou o 1\u00ba Encontro Nacional da Pascom, um importante passo em nossa caminhada\u201d, relembra.<\/p><\/blockquote>\n<p style=\"text-align: justify;\">Segundo Patr\u00edcia, foi neste encontro que realmente as discuss\u00f5es sobre o que \u00e9 a Pascom ganharam for\u00e7a e as lideran\u00e7as que j\u00e1 atuavam nas dioceses e regionais passaram a desenvolver um trabalho conjunto.\u00a0A secret\u00e1ria executiva da Pascom destacou especialmente o trabalho da irm\u00e3 \u00c9lide Fogolari, uma das assessoras da Comiss\u00e3o de Comunica\u00e7\u00e3o da CNBB, que desenvolveu um incans\u00e1vel trabalho para a implanta\u00e7\u00e3o da Pascom pelo Brasil a fora.<\/p>\n<h3 style=\"text-align: justify;\"><strong>Rumo ao Mutir\u00e3o de Comunica\u00e7\u00e3o 2021<\/strong><\/h3>\n<p style=\"text-align: justify;\">\n<p style=\"text-align: justify;\">\n<p style=\"text-align: justify;\"><img loading=\"lazy\" decoding=\"async\" class=\"alignleft wp-image-263605 size-medium lazyloaded\" src=\"https:\/\/eadn-wc02-718006.nxedge.io\/cdn\/wp-content\/uploads\/2021\/05\/mutirao-de-comunicacao-2021-evento-300x169.jpg\" sizes=\"auto, (max-width: 300px) 100vw, 300px\" srcset=\"https:\/\/eadn-wc02-718006.nxedge.io\/cdn\/wp-content\/uploads\/2021\/05\/mutirao-de-comunicacao-2021-evento-300x169.jpg 300w, https:\/\/eadn-wc02-718006.nxedge.io\/cdn\/wp-content\/uploads\/2021\/05\/mutirao-de-comunicacao-2021-evento-768x432.jpg 768w, https:\/\/eadn-wc02-718006.nxedge.io\/cdn\/wp-content\/uploads\/2021\/05\/mutirao-de-comunicacao-2021-evento-500x281.jpg 500w, https:\/\/eadn-wc02-718006.nxedge.io\/cdn\/wp-content\/uploads\/2021\/05\/mutirao-de-comunicacao-2021-evento.jpg 800w\" alt=\"\" width=\"300\" height=\"169\" data-ll-status=\"loaded\" \/>Tratando ainda de Comunica\u00e7\u00e3o, em julho haver\u00e1 o\u00a0<strong>Mutir\u00e3o de Comunica\u00e7\u00e3o 2021,\u00a0<\/strong>o maior encontro de comunica\u00e7\u00e3o eclesial do pa\u00eds. Devido \u00e0s restri\u00e7\u00f5es impostas pela pandemia e as orienta\u00e7\u00f5es das autoridades sanit\u00e1rias, visando a seguran\u00e7a dos comunicadores, ele ser\u00e1 100% on-line e gratuito.\u00a0<a href=\"https:\/\/ciaticket.com.br\/e\/mutirao-de-comunicacao-2021-on-line22072021-307\" target=\"_blank\" rel=\"noopener\">As inscri\u00e7\u00f5es para o novo formato est\u00e3o abertas.<\/a><\/p>\n<p style=\"text-align: justify;\">Comunicadores das mais diversas esferas \u2013 jornalistas, publicit\u00e1rios, rela\u00e7\u00f5es p\u00fablicas, agentes de pastoral, professores e estudantes, pesquisadores, profissionais de comunica\u00e7\u00e3o \u2013 poder\u00e3o participar gratuitamente de grandes confer\u00eancias e aprofundamentos do tema central.<\/p>\n<p style=\"text-align: justify;\">A programa\u00e7\u00e3o ter\u00e1 in\u00edcio na sexta-feira, dia 23 de julho, \u00e0s 16h45, com previs\u00e3o de encerramento \u00e0s 21h. No s\u00e1bado, dia 24, o Mutir\u00e3o se estende de 8h30 \u00e0s 18h. Al\u00e9m das palestras, est\u00e3o previstos momentos de espiritualidade, lan\u00e7amentos de livros, tecnologias de comunica\u00e7\u00e3o e apresenta\u00e7\u00f5es culturais. Durante todo o evento haver\u00e1 intera\u00e7\u00e3o com os participantes.<\/p>\n","protected":false},"excerpt":{"rendered":"<p>A pandemia tem mostrado o quanto \u00e9 essencial o trabalho de uma pastoral cuja voca\u00e7\u00e3o foi sempre ficar nos bastidores. Trata-se da Pastoral da Comunica\u00e7\u00e3o (Pascom Brasil) cuja miss\u00e3o \u201c\u00e9\u00a0ser\/estar em comunh\u00e3o, a servi\u00e7o da participa\u00e7\u00e3o e do incentivo do uso dos recursos e ferramentas de comunica\u00e7\u00e3o a servi\u00e7o da a\u00e7\u00e3o evangelizadora da Igreja no [&hellip;]<\/p>\n","protected":false},"author":1,"featured_media":67503,"comment_status":"open","ping_status":"closed","sticky":false,"template":"","format":"standard","meta":{"footnotes":""},"categories":[7],"tags":[],"class_list":["post-67502","post","type-post","status-publish","format-standard","has-post-thumbnail","hentry","category-cnbb"],"_links":{"self":[{"href":"https:\/\/catolicanet.net\/wp-cnet\/wp-json\/wp\/v2\/posts\/67502","targetHints":{"allow":["GET"]}}],"collection":[{"href":"https:\/\/catolicanet.net\/wp-cnet\/wp-json\/wp\/v2\/posts"}],"about":[{"href":"https:\/\/catolicanet.net\/wp-cnet\/wp-json\/wp\/v2\/types\/post"}],"author":[{"embeddable":true,"href":"https:\/\/catolicanet.net\/wp-cnet\/wp-json\/wp\/v2\/users\/1"}],"replies":[{"embeddable":true,"href":"https:\/\/catolicanet.net\/wp-cnet\/wp-json\/wp\/v2\/comments?post=67502"}],"version-history":[{"count":2,"href":"https:\/\/catolicanet.net\/wp-cnet\/wp-json\/wp\/v2\/posts\/67502\/revisions"}],"predecessor-version":[{"id":67505,"href":"https:\/\/catolicanet.net\/wp-cnet\/wp-json\/wp\/v2\/posts\/67502\/revisions\/67505"}],"wp:featuredmedia":[{"embeddable":true,"href":"https:\/\/catolicanet.net\/wp-cnet\/wp-json\/wp\/v2\/media\/67503"}],"wp:attachment":[{"href":"https:\/\/catolicanet.net\/wp-cnet\/wp-json\/wp\/v2\/media?parent=67502"}],"wp:term":[{"taxonomy":"category","embeddable":true,"href":"https:\/\/catolicanet.net\/wp-cnet\/wp-json\/wp\/v2\/categories?post=67502"},{"taxonomy":"post_tag","embeddable":true,"href":"https:\/\/catolicanet.net\/wp-cnet\/wp-json\/wp\/v2\/tags?post=67502"}],"curies":[{"name":"wp","href":"https:\/\/api.w.org\/{rel}","templated":true}]}}