{"id":67498,"date":"2021-05-12T09:52:39","date_gmt":"2021-05-12T12:52:39","guid":{"rendered":"https:\/\/catolicanet.net\/wp-cnet\/?p=67498"},"modified":"2021-05-12T17:56:16","modified_gmt":"2021-05-12T20:56:16","slug":"encontro-nesta-terca-feira-11-de-maio-capacitara-liderancas-para-a-fase-de-escuta-no-brasil-da-assembleia-eclesial-do-celam","status":"publish","type":"post","link":"https:\/\/catolicanet.net\/wp-cnet\/encontro-nesta-terca-feira-11-de-maio-capacitara-liderancas-para-a-fase-de-escuta-no-brasil-da-assembleia-eclesial-do-celam\/","title":{"rendered":"ENCONTRO NESTA TER\u00c7A-FEIRA, 11 DE MAIO, CAPACITAR\u00c1 LIDERAN\u00c7AS PARA A FASE DE \u201cESCUTA\u201d, NO BRASIL, DA ASSEMBLEIA ECLESIAL DO CELAM"},"content":{"rendered":"<p style=\"text-align: justify;\">No pr\u00f3ximo dia 11 de maio, das 19h30 \u00e0s 21h, \u00a0a Comiss\u00e3o Nacional de Anima\u00e7\u00e3o do Brasil realizar\u00e1 o encontro \u201cAssembleia Eclesial: Convoca\u00e7\u00e3o para o Processo de Escuta\u201d, por meio da plataforma Zoom. Trata-se de uma forma\u00e7\u00e3o cujo p\u00fablico-alvo, para quem foi enviado o convite, s\u00e3o os secret\u00e1rios executivos dos regionais da CNBB, assessores, presidentes de Organismos, coordenadores de Pastorais e movimentos e coordenadores de pastorais diocesanos.<\/p>\n<p style=\"text-align: justify;\"><strong>Programa\u00e7\u00e3o:<\/strong><br \/>\n1 \u2013 Ora\u00e7\u00e3o inicial: S\u00f4nia de Oliveira &amp; Z\u00e9 Vicente<br \/>\n2 \u2013 Informa\u00e7\u00f5es gerais<br \/>\n3 \u2013 Contextualiza\u00e7\u00e3o da Assembleia Eclesial<br \/>\n4 \u2013 Apresenta\u00e7\u00e3o e mobiliza\u00e7\u00e3o para o processo de escuta<br \/>\n5 \u2013 Ciranda de perguntas, respostas e sugest\u00f5es<br \/>\n6\u00a0 \u2013 Conclus\u00e3o e encaminhamentos<br \/>\n7 \u2013 Ora\u00e7\u00e3o final: ora\u00e7\u00e3o da Assembleia Eclesial<\/p>\n<p style=\"text-align: justify;\">O evento \u00e9 parte do processo de escuta do Povo de Deus para a Assembleia Eclesial da Am\u00e9rica Latina e do Caribe, organizada pelo Conselho Episcopal Latino Americano (Celam). O objetivo dessa prepara\u00e7\u00e3o \u00e9 \u201cgerar diversos di\u00e1logos e atividades que ser\u00e3o o fio condutor de todo o processo de discernimento at\u00e9 e durante a Assembleia\u201d, de acordo com o organismo continental. O per\u00edodo de escuta estende-se at\u00e9 meados de julho.<\/p>\n<p style=\"text-align: justify;\">A Assembleia, que tem como lema \u201cSomos todos disc\u00edpulos mission\u00e1rios em sa\u00edda\u201d, ser\u00e1 realizada de 21 a 28 de novembro de 2021, presencialmente no Santu\u00e1rio de Nossa Senhora de Guadalupe, na Cidade do M\u00e9xico, e de forma remota em outros lugares da Am\u00e9rica Latina e do Caribe.<\/p>\n<p style=\"text-align: justify;\">De acordo com o subsecret\u00e1rio adjunto de Pastoral da Confer\u00eancia Nacional dos Bispos do Brasil (CNBB), padre Marcus Barbosa Guimar\u00e3es, membro da Comiss\u00e3o Nacional de Anima\u00e7\u00e3o do Brasil, a forma\u00e7\u00e3o buscar\u00e1 aprofundar os objetivos geral e espec\u00edficos, o conte\u00fado central e o processo metodol\u00f3gico sinodal da Assembleia Eclesial da Am\u00e9rica Latina e Caribe.<\/p>\n<blockquote><p>\u201cConvidamos amplamente todas as nossas lideran\u00e7as de pastoral para esse momento de forma\u00e7\u00e3o e sensibiliza\u00e7\u00e3o para entrarmos com empenho, alegria e entusiasmo no Processo de Escuta, ponto chave do caminho metodol\u00f3gico da Assembleia, que se estender\u00e1 at\u00e9 fim de junho pr\u00f3ximo\u201d, conclamou.<\/p><\/blockquote>\n<h3 style=\"text-align: justify;\">V\u00eddeo de mobiliza\u00e7\u00e3o<\/h3>\n<p style=\"text-align: justify;\">A Comiss\u00e3o Nacional de Anima\u00e7\u00e3o do Brasil produziu um v\u00eddeo com informa\u00e7\u00f5es em portugu\u00eas sobre os objetivos, programa e metodologia do encontro.<\/p>\n<div class=\"ast-oembed-container\" style=\"text-align: justify;\">\n<div class=\"rll-youtube-player\" data-src=\"https:\/\/www.youtube.com\/embed\/kgn7l7heO6I\" data-id=\"kgn7l7heO6I\" data-query=\"rel=0\">\n<div data-id=\"kgn7l7heO6I\" data-query=\"rel=0\" data-src=\"https:\/\/www.youtube.com\/embed\/kgn7l7heO6I\">\n<div class=\"play\">\n<p><iframe loading=\"lazy\" title=\"CELAM | Assembleia Eclesial 2021\" width=\"696\" height=\"392\" src=\"https:\/\/www.youtube.com\/embed\/kgn7l7heO6I?feature=oembed\" frameborder=\"0\" allow=\"accelerometer; autoplay; clipboard-write; encrypted-media; gyroscope; picture-in-picture\" allowfullscreen><\/iframe><\/p>\n<\/div>\n<\/div>\n<\/div>\n<\/div>\n<div class=\"dgt-custom-heading vc_custom_heading vc_custom_1617222780739 dgt-al-center\" style=\"text-align: justify;\">\n<h3 class=\"dgt-sub-title\">Entenda o que \u00e9 a fase de escuta<\/h3>\n<p>A escuta \u00e9 uma proposta aberta a todos, na qual \u00e9 poss\u00edvel participar atrav\u00e9s de atividades comunit\u00e1rias, f\u00f3runs tem\u00e1ticos e contribui\u00e7\u00f5es individuais, com inscri\u00e7\u00f5es feitas atrav\u00e9s da utiliza\u00e7\u00e3o de uma plataforma de colabora\u00e7\u00e3o on-line, no\u00a0<a href=\"http:\/\/www.asambleaeclesial.lat\/\" target=\"_blank\" rel=\"noopener\">website da Assembleia Eclesial<\/a>, na sua se\u00e7\u00e3o \u201cESCUTA\u201d.\u00a0<a href=\"https:\/\/asambleaeclesial.lat\/escucha\/\" target=\"_blank\" rel=\"noopener\">Acesse aqui<\/a>.<\/p>\n<\/div>\n<p style=\"text-align: justify;\">\u00c9 necess\u00e1rio um cadastro no endere\u00e7o para oferecer a contribui\u00e7\u00e3o na plataforma. Os agentes de pastoral, padres, bispos, religiosos, di\u00e1conos, crist\u00e3os leigos e leigas poder\u00e3o participar desse processo sinodal e apontar como acompanhar Jesus encarnado atualmente no meio do povo. A Assembleia Eclesial almeja responder \u00e0 seguinte quest\u00e3o geradora:\u00a0<em>Quais s\u00e3o os novos desafios para a Igreja na Am\u00e9rica Latina e no Caribe, \u00e0 luz da V Confer\u00eancia Geral de\u00a0<\/em><em>Aparecida, dos sinais dos tempos e do Magist\u00e9rio do Papa Francisco, para a Assembleia e a caminho de 2031+2033?<\/em><\/p>\n<h3 style=\"text-align: justify;\">Materiais e site<\/h3>\n<p style=\"text-align: justify;\">Para o processo foram elaborados materiais que j\u00e1 se encontram dispon\u00edveis no site da Assembleia da Am\u00e9rica Latina e do Caribe. O\u00a0<a href=\"http:\/\/asambleaeclesial.lat\/wp-content\/uploads\/2021\/04\/documento-para-o-caminho-portugues.pdf\" target=\"_blank\" rel=\"noopener\">Documento para o Caminho<\/a>, organizado no m\u00e9todo pastoral de \u201cver\u201d, \u201cjulgar\u201d ou \u201ciluminar\u201d e \u201cagir\u201d, apresenta aspectos da realidade que desafiam os disc\u00edpulos mission\u00e1rios neste momento da hist\u00f3ria.<\/p>\n<p style=\"text-align: justify;\">J\u00e1 o\u00a0<a href=\"http:\/\/asambleaeclesial.lat\/wp-content\/uploads\/2021\/04\/guia-metodolo%CC%81gico-do-processo-de-escuta-portugues.pdf\" target=\"_blank\" rel=\"noopener\">Guia Metodol\u00f3gico<\/a>, elaborado pelo comit\u00ea respons\u00e1vel pelo processo de escuta da Assembleia, tem o intuito de favorecer uma escuta ativa junto ao povo de Deus, a fim de facilitar uma coleta adequada das informa\u00e7\u00f5es importantes que ser\u00e3o geradas a partir dos diversos di\u00e1logos e atividades a serem desenvolvidas.<\/p>\n<p style=\"text-align: justify;\">A Assembleia Eclesial da Am\u00e9rica Latina e Caribe incentiva a organiza\u00e7\u00e3o de espa\u00e7os de escuta, cujas informa\u00e7\u00f5es ser\u00e3o confidenciais, tamb\u00e9m atrav\u00e9s de plataformas virtuais, tendo em conta a situa\u00e7\u00e3o da pandemia na Am\u00e9rica Latina e Caribe. O trabalho ser\u00e1 organizado a n\u00edvel geral, em cada uma das Confer\u00eancias Episcopais e nas diferentes redes e institui\u00e7\u00f5es pastorais latino-americanas (CLAR, Caritas, redes eclesiais territoriais e tem\u00e1ticas\u03b3, entre outras).<\/p>\n<p style=\"text-align: justify;\"><strong>Mais informa\u00e7\u00f5es<\/strong>\u00a0no site do evento:\u00a0<a href=\"https:\/\/asambleaeclesial.lat\/\" target=\"_blank\" rel=\"noopener\">asambleaeclesial.lat<\/a><\/p>\n","protected":false},"excerpt":{"rendered":"<p>No pr\u00f3ximo dia 11 de maio, das 19h30 \u00e0s 21h, \u00a0a Comiss\u00e3o Nacional de Anima\u00e7\u00e3o do Brasil realizar\u00e1 o encontro \u201cAssembleia Eclesial: Convoca\u00e7\u00e3o para o Processo de Escuta\u201d, por meio da plataforma Zoom. Trata-se de uma forma\u00e7\u00e3o cujo p\u00fablico-alvo, para quem foi enviado o convite, s\u00e3o os secret\u00e1rios executivos dos regionais da CNBB, assessores, presidentes [&hellip;]<\/p>\n","protected":false},"author":1,"featured_media":67499,"comment_status":"open","ping_status":"closed","sticky":false,"template":"","format":"standard","meta":{"footnotes":""},"categories":[7,13],"tags":[],"class_list":["post-67498","post","type-post","status-publish","format-standard","has-post-thumbnail","hentry","category-cnbb","category-featured"],"_links":{"self":[{"href":"https:\/\/catolicanet.net\/wp-cnet\/wp-json\/wp\/v2\/posts\/67498","targetHints":{"allow":["GET"]}}],"collection":[{"href":"https:\/\/catolicanet.net\/wp-cnet\/wp-json\/wp\/v2\/posts"}],"about":[{"href":"https:\/\/catolicanet.net\/wp-cnet\/wp-json\/wp\/v2\/types\/post"}],"author":[{"embeddable":true,"href":"https:\/\/catolicanet.net\/wp-cnet\/wp-json\/wp\/v2\/users\/1"}],"replies":[{"embeddable":true,"href":"https:\/\/catolicanet.net\/wp-cnet\/wp-json\/wp\/v2\/comments?post=67498"}],"version-history":[{"count":2,"href":"https:\/\/catolicanet.net\/wp-cnet\/wp-json\/wp\/v2\/posts\/67498\/revisions"}],"predecessor-version":[{"id":67501,"href":"https:\/\/catolicanet.net\/wp-cnet\/wp-json\/wp\/v2\/posts\/67498\/revisions\/67501"}],"wp:featuredmedia":[{"embeddable":true,"href":"https:\/\/catolicanet.net\/wp-cnet\/wp-json\/wp\/v2\/media\/67499"}],"wp:attachment":[{"href":"https:\/\/catolicanet.net\/wp-cnet\/wp-json\/wp\/v2\/media?parent=67498"}],"wp:term":[{"taxonomy":"category","embeddable":true,"href":"https:\/\/catolicanet.net\/wp-cnet\/wp-json\/wp\/v2\/categories?post=67498"},{"taxonomy":"post_tag","embeddable":true,"href":"https:\/\/catolicanet.net\/wp-cnet\/wp-json\/wp\/v2\/tags?post=67498"}],"curies":[{"name":"wp","href":"https:\/\/api.w.org\/{rel}","templated":true}]}}