{"id":67481,"date":"2021-05-11T10:11:47","date_gmt":"2021-05-11T13:11:47","guid":{"rendered":"https:\/\/catolicanet.net\/wp-cnet\/?p=67481"},"modified":"2021-05-11T22:15:39","modified_gmt":"2021-05-12T01:15:39","slug":"catequistas-festejam-instituicao-de-seu-ministerio-pelo-papa-francisco","status":"publish","type":"post","link":"https:\/\/catolicanet.net\/wp-cnet\/catequistas-festejam-instituicao-de-seu-ministerio-pelo-papa-francisco\/","title":{"rendered":"Catequistas festejam institui\u00e7\u00e3o de seu minist\u00e9rio pelo Papa Francisco"},"content":{"rendered":"<p style=\"text-align: center;\">Forma\u00e7\u00e3o de catequistas na Diocese de Ju\u00edna(MT) \/ Foto: Maria Aparecida Gomes Alves<\/p>\n<p style=\"text-align: justify;\">Uma\u00a0vida\u00a0dedicada \u00e0 catequese e, agora, veem com alegria o Papa Francisco instituir o minist\u00e9rio de catequista. Assim se sentem Maria Erivan Ferreira da Silva, catequista h\u00e1 mais de 35 anos, Ilza Vidal de P\u00e1dua Costa, que h\u00e1 43 anos serve \u00e0\u00a0Igreja\u00a0por meio da catequese, e Maria Aparecida Gomes Alves, h\u00e1 35 anos como catequista.<\/p>\n<p style=\"text-align: justify;\">Para essas as catequistas, a publica\u00e7\u00e3o nesta ter\u00e7a-feira, 11, do Motu proprio &#8220;Antiquum ministerium&#8221; com o qual Francisco institui o minist\u00e9rio de catequista traz n\u00e3o apenas a oficializa\u00e7\u00e3o deste servi\u00e7o prestado \u00e0 Igreja, mas tamb\u00e9m refor\u00e7a a responsabilidade dessa miss\u00e3o.<\/p>\n<p style=\"text-align: justify;\">\u201cRecebo com muita alegria e com muita humildade essa not\u00edcia da institui\u00e7\u00e3o do minist\u00e9rio do catequista. S\u00f3 vem consolidar cada vez mais a miss\u00e3o dos nossos catequistas em todo o Brasil\u201d, disse Maria Erivan, assessora da Comiss\u00e3o Episcopal para a Anima\u00e7\u00e3o B\u00edblico-Catequ\u00e9tica do Regional Nordeste 1 da Confer\u00eancia Nacional dos\u00a0Bispos\u00a0do Brasil (CNBB), que engloba as dioceses do estado do Cear\u00e1. \u201cPara n\u00f3s, um dos grandes desafios \u00e9 a qualifica\u00e7\u00e3o, a forma\u00e7\u00e3o dos catequistas e a sua perman\u00eancia na miss\u00e3o\u201d, comentoou.<\/p>\n<p style=\"text-align: justify;\">Para ela, a institui\u00e7\u00e3o do minist\u00e9rio de catequista \u201cvem consolidar aquilo que j\u00e1 realizamos h\u00e1 tantos anos com f\u00e9, energia e esperan\u00e7a\u201d. \u201c\u00c9 mais um grande desafio que nos ser\u00e1 apresentado, pois a quem muito foi dado, muito ser\u00e1 cobrado. Ent\u00e3o, ser\u00e1 cobrado ainda mais de n\u00f3s para que vivamos esse testemunho de educadores da f\u00e9 em nossas comunidades\u201d, sublinhou.<\/p>\n<p style=\"text-align: justify;\">Ilza Vidal, coordenadora da Catequese do Regional Noroeste da CNBB (composto pelas dioceses do Acre, sul do Amazonas e Rond\u00f4nia), sublinhou que este minist\u00e9rio n\u00e3o vai \u201ctrazer nenhum status para a catequese\u201d, pois o catequista deve ser \u201cconsciente de sua miss\u00e3o\u201d.<\/p>\n<p style=\"text-align: justify;\">\u201cCom a institui\u00e7\u00e3o do minist\u00e9rio do catequista, n\u00f3s nos sentimos cada vez mais compromissados com a responsabilidade maior diante da nossa miss\u00e3o da transmiss\u00e3o e aprofundamento na f\u00e9 de nossas crian\u00e7as, jovens e adultos\u201d, diz Maria Aparecida, coordenadora diocesana de catequese em Ju\u00edna (MT).<\/p>\n<p style=\"text-align: justify;\">Tamb\u00e9m o motu proprio &#8220;Antiquum ministerium&#8221; ressalta essa miss\u00e3o, ao afirma que \u201co Catequista \u00e9 chamado, antes de mais nada, a exprimir a sua compet\u00eancia no servi\u00e7o pastoral da transmiss\u00e3o da f\u00e9 que se desenvolve nas suas diferentes etapas: desde o primeiro an\u00fancio que introduz no querigma, passando pela instru\u00e7\u00e3o que torna conscientes da vida nova em Cristo e prepara de modo particular para os\u00a0sacramentos\u00a0da inicia\u00e7\u00e3o crist\u00e3, at\u00e9 \u00e0 forma\u00e7\u00e3o permanente\u201d.<\/p>\n<p style=\"text-align: justify;\">\u201cO Catequista \u00e9 simultaneamente testemunha da f\u00e9, mestre e mistagogo, acompanhante e pedagogo que instrui em nome da Igreja. Uma identidade que s\u00f3 mediante a ora\u00e7\u00e3o, o estudo e a participa\u00e7\u00e3o direta na vida da comunidade \u00e9 que se pode desenvolver com coer\u00eancia e responsabilidade\u201d, acrescenta o documento.<\/p>\n<p style=\"text-align: justify;\"><strong>Chamados a servir \u00e0 Igreja<\/strong><\/p>\n<p style=\"text-align: justify;\">Com seus mais de 30 anos dedicados \u00e0 catequese e, mesmo sendo provenientes de diferentes regi\u00f5es do Brasil, Ilza, Maria Erivan e Maria Aparecida t\u00eam em comum o fato de terem sentido desde jovens o forte desejo de servir \u00e0s suas comunidades por meio da catequese e testemunharam suas experi\u00eancias \u00e0\u00a0ACI\u00a0Digital.<\/p>\n<p style=\"text-align: justify;\">Ilza Vidal, de Ji-Paran\u00e1 (RO), come\u00e7ou a atuar como catequista aos 17 anos, quando ainda morava em uma pequena comunidade rural na cidade de Itagua\u00ed (RJ) e se sentiu \u201cchamada a contribuir, tendo em vista a necessidade daquela comunidade\u201d.<\/p>\n<p style=\"text-align: justify;\">\u201cT\u00ednhamos a presen\u00e7a do padre a cada dois meses. Mesmo assim, eu e meus primos formamos um grupo de jovens e cuid\u00e1vamos da catequese e da liturgia\u201d, recordou. Al\u00e9m disso, reuniam as pessoas para as celebra\u00e7\u00f5es de domingo, realizavam visitas \u00e0s casas para ora\u00e7\u00f5es e alfabetizavam adultos.<\/p>\n<p style=\"text-align: justify;\">Nestes anos de catequese, muitas hist\u00f3rias a marcaram. Um desses momentos que recordou foi quando, em uma\u00a0Missa, uma senhora se aproximou e a abra\u00e7ou. \u201cEla come\u00e7ou a falar em meu ouvido e, chorando, me agradeceu por tudo o que eu havia feito pelo filho dela. Eu nunca soube o que fiz de espec\u00edfico para aquele menino\u201d, disse e ressaltou que \u201co que importa \u00e9 que o filho daquela mulher encontrou for\u00e7as para superar suas dificuldades atrav\u00e9s da conviv\u00eancia com a turma de catequese na comunidade\u201d.<\/p>\n<p style=\"text-align: justify;\">\u201cEssas marcas v\u00e3o fortalecendo nossa caminhada pessoal de disc\u00edpulos-mission\u00e1rios, deixando claro como a miss\u00e3o da catequese \u00e9 importante na vida das pessoas\u201d, destacou.<\/p>\n<p style=\"text-align: justify;\">Maria Erivan \u00e9 catequista desde os 14 anos e atualmente presta esse servi\u00e7o na cidade de Horizonte (CE), Arquidiocese de Fortaleza. \u201cDecidi ser catequista de forma muito especial. Eu morava no interior do Cear\u00e1, no sert\u00e3o. Quando cheguei a Horizonte, comecei a ir \u00e0 capela de S\u00e3o Jo\u00e3o Batista e l\u00e1, vendo os grupos de jovens, aquilo despertou em mim o desejo de conhecer melhor aquele ardor no cora\u00e7\u00e3o\u201d.<\/p>\n<p style=\"text-align: justify;\">Aos 12 anos, passou a frequentar o grupo de jovens e, ap\u00f3s ser crismada, come\u00e7ou a servir na pr\u00e9-catequese. Depois, passou pela catequese de prepara\u00e7\u00e3o de crian\u00e7as e adolescentes para a\u00a0Eucaristia, para a Crisma, catequese de adultos e, por \u00faltimo, a forma\u00e7\u00e3o dos catequistas.<\/p>\n<p style=\"text-align: justify;\">Atualmente, como assessora da Comiss\u00e3o Episcopal para a Anima\u00e7\u00e3o B\u00edblico-Catequ\u00e9tica do Regional Nordeste 1, visita as dioceses, acompanha os catequistas e promove forma\u00e7\u00f5es. \u201cSer catequista \u00e9 estar a servi\u00e7o da Igreja, a servi\u00e7o do Reino, a servi\u00e7o da evangeliza\u00e7\u00e3o\u201d, disse. \u201cEu n\u00e3o me canso, n\u00e3o me\u00e7o esfor\u00e7os para ir ao encontro dos catequistas, dos catequizandos, dos pais; onde eu puder ir, estando com sa\u00fade, eu vou, \u00e0s vezes pego tr\u00eas, quatro transportes para poder chegar a determinada par\u00f3quia, mas vou, sempre com muita alegria, sempre dispon\u00edvel a servir\u201d.<\/p>\n<p style=\"text-align: justify;\">Maria Aparecida contou \u00e0 ACI Digital que, quando estava fazendo a catequese para ser crismada, aos 14 anos, em Tangar\u00e1 da Serra (MT), os catequistas apresentaram aos catequizandos as pastorais, para que pudessem se identificar e colaborar com alguma delas. Ela, ent\u00e3o, passou a auxiliar outra catequista. \u201cSempre senti algo diferente, que me tocava em rela\u00e7\u00e3o \u00e0 catequese\u201d, disse, ressaltando que, \u201cdesse per\u00edodo para c\u00e1, nunca deixei a catequese\u201d.<\/p>\n<p style=\"text-align: justify;\">\u201cAlgo que me marcou em todo esse per\u00edodo \u00e9 o empenho, a dedica\u00e7\u00e3o e o amor pela catequese de muitos catequistas\u201d, observou Maria Aparecida, destacando os momentos em que \u201cvamos para nossas comunidades no interior, que \u00e9 bem distante da cidade, e vemos o fervor, a sede de aprender, de querer saber mais\u201d. Para ela, \u201ca garra de cada catequista \u00e9 algo que marca muito\u201d.<\/p>\n<p style=\"text-align: justify;\">E a recompensa dessa miss\u00e3o \u00e9 \u201cter a possibilidade de fazer com que as pessoas se apaixonem por Jesus Cristo, fa\u00e7am este processo de amadurecimento da sua f\u00e9\u201d, completou.<\/p>\n","protected":false},"excerpt":{"rendered":"<p>Forma\u00e7\u00e3o de catequistas na Diocese de Ju\u00edna(MT) \/ Foto: Maria Aparecida Gomes Alves Uma\u00a0vida\u00a0dedicada \u00e0 catequese e, agora, veem com alegria o Papa Francisco instituir o minist\u00e9rio de catequista. Assim se sentem Maria Erivan Ferreira da Silva, catequista h\u00e1 mais de 35 anos, Ilza Vidal de P\u00e1dua Costa, que h\u00e1 43 anos serve \u00e0\u00a0Igreja\u00a0por meio [&hellip;]<\/p>\n","protected":false},"author":1,"featured_media":67482,"comment_status":"open","ping_status":"closed","sticky":false,"template":"","format":"standard","meta":{"footnotes":""},"categories":[4,13],"tags":[],"class_list":["post-67481","post","type-post","status-publish","format-standard","has-post-thumbnail","hentry","category-cotidiano","category-featured"],"_links":{"self":[{"href":"https:\/\/catolicanet.net\/wp-cnet\/wp-json\/wp\/v2\/posts\/67481","targetHints":{"allow":["GET"]}}],"collection":[{"href":"https:\/\/catolicanet.net\/wp-cnet\/wp-json\/wp\/v2\/posts"}],"about":[{"href":"https:\/\/catolicanet.net\/wp-cnet\/wp-json\/wp\/v2\/types\/post"}],"author":[{"embeddable":true,"href":"https:\/\/catolicanet.net\/wp-cnet\/wp-json\/wp\/v2\/users\/1"}],"replies":[{"embeddable":true,"href":"https:\/\/catolicanet.net\/wp-cnet\/wp-json\/wp\/v2\/comments?post=67481"}],"version-history":[{"count":1,"href":"https:\/\/catolicanet.net\/wp-cnet\/wp-json\/wp\/v2\/posts\/67481\/revisions"}],"predecessor-version":[{"id":67483,"href":"https:\/\/catolicanet.net\/wp-cnet\/wp-json\/wp\/v2\/posts\/67481\/revisions\/67483"}],"wp:featuredmedia":[{"embeddable":true,"href":"https:\/\/catolicanet.net\/wp-cnet\/wp-json\/wp\/v2\/media\/67482"}],"wp:attachment":[{"href":"https:\/\/catolicanet.net\/wp-cnet\/wp-json\/wp\/v2\/media?parent=67481"}],"wp:term":[{"taxonomy":"category","embeddable":true,"href":"https:\/\/catolicanet.net\/wp-cnet\/wp-json\/wp\/v2\/categories?post=67481"},{"taxonomy":"post_tag","embeddable":true,"href":"https:\/\/catolicanet.net\/wp-cnet\/wp-json\/wp\/v2\/tags?post=67481"}],"curies":[{"name":"wp","href":"https:\/\/api.w.org\/{rel}","templated":true}]}}