{"id":67462,"date":"2021-05-15T09:31:49","date_gmt":"2021-05-15T12:31:49","guid":{"rendered":"https:\/\/catolicanet.net\/wp-cnet\/?p=67462"},"modified":"2021-05-11T21:32:35","modified_gmt":"2021-05-12T00:32:35","slug":"pregai-o-evangelho-a-toda-a-criatura","status":"publish","type":"post","link":"https:\/\/catolicanet.net\/wp-cnet\/pregai-o-evangelho-a-toda-a-criatura\/","title":{"rendered":"PREGAI O EVANGELHO A TODA A CRIATURA"},"content":{"rendered":"<p style=\"text-align: justify;\">Celebramos neste final de semana o 7\u00ba Domingo da P\u00e1scoa, que para n\u00f3s no Brasil \u00e9 a solenidade da Ascen\u00e7\u00e3o do Senhor transferida de quinta-feira passada para o domingo. Tamb\u00e9m comemoramos o 55\u00ba Dia Mundial das Comunica\u00e7\u00f5es Sociais. Estamos nos aproximando do fim do Tempo Pascal, que se encerra na pr\u00f3xima semana com a celebra\u00e7\u00e3o de Pentecostes. A partir disso, somos chamados e enviados por Deus a partirmos em miss\u00e3o com o aux\u00edlio do Esp\u00edrito Santo para anunciarmos a boa nova do Evangelho.<\/p>\n<p style=\"text-align: justify;\">\u00a0\u00a0\u00a0\u00a0\u00a0\u00a0\u00a0\u00a0 Os disc\u00edpulos de Jesus n\u00e3o podem ter medo, pois o medo nos aprisiona, n\u00e3o nos deixa sair do lugar e anunciar a salva\u00e7\u00e3o para as pessoas. Antes de subir ao c\u00e9u, Jesus diz que n\u00e3o nos deixaria \u00f3rf\u00e3os, que enviaria o defensor, o par\u00e1clito, que nos guiaria em nossa miss\u00e3o. Ao subir ao c\u00e9u e voltar ao Pai, Jesus n\u00e3o nos abandona, mas est\u00e1 sempre conosco por interm\u00e9dio da a\u00e7\u00e3o do Esp\u00edrito Santo.<\/p>\n<p style=\"text-align: justify;\">\u00a0\u00a0\u00a0\u00a0\u00a0\u00a0\u00a0\u00a0 O 55\u00ba Dia Mundial das Comunica\u00e7\u00f5es Sociais, conforme estabelecido pelo decreto Inter Mirifica do Conc\u00edlio Vaticano II, traz como tema \u201c<em>Vem e ver\u00e1s\u201d (<\/em>Jo 1,46) e como lema \u201cC<em>omunicar encontrando as pessoas onde est\u00e3o e como s\u00e3o\u201d. <\/em>Nesse intuito, somos motivados a anunciar a boa nova do Evangelho onde estivermos e usarmos as redes sociais para evangelizar, sobretudo, nesse tempo dif\u00edcil de pandemia que atravessamos.<\/p>\n<p style=\"text-align: justify;\">\u00a0\u00a0\u00a0\u00a0\u00a0\u00a0\u00a0\u00a0 Estamos na novena de Pentecostes ou iniciamos a semana de prepara\u00e7\u00e3o para Pentecostes que culminar\u00e1 com a grande Vig\u00edlia no S\u00e1bado. Nesta semana que se inicia, comemoramos no hemisf\u00e9rio sul a semana de Ora\u00e7\u00e3o pela unidade dos crist\u00e3os, que tem como tema <em>\u201cPermanecei no meu amor e produzireis muitos frutos\u201d.<\/em> Pe\u00e7amos ao Senhor que possamos ficar unidos em seu amor. Dessa forma, celebramos hoje o Dia Mundial das Comunica\u00e7\u00f5es Sociais, que serve para promover a uni\u00e3o das pessoas no amor de Deus.<\/p>\n<p style=\"text-align: justify;\">\u00a0\u00a0\u00a0\u00a0\u00a0\u00a0\u00a0\u00a0 Na Primeira Leitura <em>(At 1,1-11), <\/em>Lucas, que \u00e9 o autor do livro dos Atos dos Ap\u00f3stolos, tem um di\u00e1logo com Te\u00f3filo e diz que em seu primeiro livro (Evangelho) j\u00e1 havia dito e descrito tudo aquilo que Jesus fez enquanto esteve entre n\u00f3s. Lucas conta ainda que Jesus morreu e ressuscitou e instruiu os ap\u00f3stolos por meio do Esp\u00edrito Santo a continuarem a miss\u00e3o iniciada por ele. Jesus parte para o c\u00e9u diante dos disc\u00edpulos e eles ficam olhando para o c\u00e9u e, enquanto eles olhavam para o c\u00e9u, aparecem dois homens que diz a eles: \u201c<em>Esse Jesus que vos foi levado para o c\u00e9u, vir\u00e1 do mesmo modo como o vistes partir para o c\u00e9u\u201d (At 1,11). <\/em><\/p>\n<p style=\"text-align: justify;\"><em>\u00a0\u00a0\u00a0\u00a0\u00a0\u00a0\u00a0\u00a0 <\/em>O Salmo Responsorial <em>46(47) <\/em>nos diz em seu refr\u00e3o que por entre aclama\u00e7\u00f5es, Deus se elevou, o Senhor subiu ao toque da trombeta. Deus reina sobre todas as na\u00e7\u00f5es da terra e todos os povos devem bater palmas diante dele. Ele subiu ao c\u00e9u, para que ao lado de Deus interceda por n\u00f3s.<\/p>\n<p style=\"text-align: justify;\">\u00a0\u00a0\u00a0\u00a0\u00a0\u00a0\u00a0\u00a0 Na Segunda Leitura (<em>Ef 1,17-23), <\/em>Paulo diz \u00e0 comunidade de \u00c9feso que o Deus Pai que ressuscitou a Jesus dos mortos, envie o Esp\u00edrito Santo de sabedoria para que eles recebam a revela\u00e7\u00e3o e possam realmente acreditar em tudo o que aconteceu. Ele nos chama para miss\u00e3o e por meio dele nos adv\u00e9m o perd\u00e3o dos pecados. Ele \u00e9 nosso intercessor no c\u00e9u junto a Deus.<\/p>\n<p style=\"text-align: justify;\">\u00a0\u00a0\u00a0\u00a0\u00a0\u00a0\u00a0\u00a0 E no Evangelho <em>(Mc 16, 15-20) <\/em>Jesus antes de subir ao c\u00e9u envia os disc\u00edpulos em miss\u00e3o, para que com o aux\u00edlio do Esp\u00edrito Santo fossem por todo o mundo anunciar a boa nova do evangelho. Jesus diz que eles n\u00e3o ficariam \u00f3rf\u00e3os, mas ele enviaria o paraclito, o defensor, que iria a frente deles na miss\u00e3o. O Esp\u00edrito Santo \u00e9 visto como o protagonista da miss\u00e3o, dos disc\u00edpulos de Jesus e acompanha e sustenta a Igreja at\u00e9 os dias de hoje.<\/p>\n<p style=\"text-align: justify;\">\u00a0\u00a0\u00a0\u00a0\u00a0\u00a0\u00a0\u00a0 Quem cr\u00ea no batismo pregado pelos disc\u00edpulos ser\u00e1 salvo, quem n\u00e3o crer ser\u00e1 condenado. Que em nossa miss\u00e3o nos dias de hoje possamos conduzir muitos batizados a Deus e que todos sejam salvos. Esse \u00e9 desejo \u00faltimo de Deus, que todas as almas sejam salvas.<\/p>\n<p style=\"text-align: justify;\"><em>\u00a0\u00a0\u00a0\u00a0\u00a0\u00a0\u00a0\u00a0 <\/em>Ap\u00f3s a Ascens\u00e3o de Jesus e o mandato apost\u00f3lico dado por Ele, os disc\u00edpulos partem para pregar por toda a parte e assim inicia a miss\u00e3o da Igreja que perdura at\u00e9 os dias de hoje.<\/p>\n<p style=\"text-align: justify;\">Celebremos com alegria no 7\u00ba Domingo da P\u00e1scoa a Solenidade da Ascen\u00e7\u00e3o do Senhor ao c\u00e9u, pedindo a Deus que Ele nos envie o Esp\u00edrito Santo de amor para sairmos em miss\u00e3o aos quatro cantos da terra para anunciar o Evangelho da vida e da salva\u00e7\u00e3o.<\/p>\n","protected":false},"excerpt":{"rendered":"<p>Celebramos neste final de semana o 7\u00ba Domingo da P\u00e1scoa, que para n\u00f3s no Brasil \u00e9 a solenidade da Ascen\u00e7\u00e3o do Senhor transferida de quinta-feira passada para o domingo. Tamb\u00e9m comemoramos o 55\u00ba Dia Mundial das Comunica\u00e7\u00f5es Sociais. Estamos nos aproximando do fim do Tempo Pascal, que se encerra na pr\u00f3xima semana com a celebra\u00e7\u00e3o [&hellip;]<\/p>\n","protected":false},"author":5,"featured_media":55819,"comment_status":"open","ping_status":"closed","sticky":false,"template":"","format":"standard","meta":{"footnotes":""},"categories":[9],"tags":[],"class_list":["post-67462","post","type-post","status-publish","format-standard","has-post-thumbnail","hentry","category-artigos"],"_links":{"self":[{"href":"https:\/\/catolicanet.net\/wp-cnet\/wp-json\/wp\/v2\/posts\/67462","targetHints":{"allow":["GET"]}}],"collection":[{"href":"https:\/\/catolicanet.net\/wp-cnet\/wp-json\/wp\/v2\/posts"}],"about":[{"href":"https:\/\/catolicanet.net\/wp-cnet\/wp-json\/wp\/v2\/types\/post"}],"author":[{"embeddable":true,"href":"https:\/\/catolicanet.net\/wp-cnet\/wp-json\/wp\/v2\/users\/5"}],"replies":[{"embeddable":true,"href":"https:\/\/catolicanet.net\/wp-cnet\/wp-json\/wp\/v2\/comments?post=67462"}],"version-history":[{"count":1,"href":"https:\/\/catolicanet.net\/wp-cnet\/wp-json\/wp\/v2\/posts\/67462\/revisions"}],"predecessor-version":[{"id":67463,"href":"https:\/\/catolicanet.net\/wp-cnet\/wp-json\/wp\/v2\/posts\/67462\/revisions\/67463"}],"wp:featuredmedia":[{"embeddable":true,"href":"https:\/\/catolicanet.net\/wp-cnet\/wp-json\/wp\/v2\/media\/55819"}],"wp:attachment":[{"href":"https:\/\/catolicanet.net\/wp-cnet\/wp-json\/wp\/v2\/media?parent=67462"}],"wp:term":[{"taxonomy":"category","embeddable":true,"href":"https:\/\/catolicanet.net\/wp-cnet\/wp-json\/wp\/v2\/categories?post=67462"},{"taxonomy":"post_tag","embeddable":true,"href":"https:\/\/catolicanet.net\/wp-cnet\/wp-json\/wp\/v2\/tags?post=67462"}],"curies":[{"name":"wp","href":"https:\/\/api.w.org\/{rel}","templated":true}]}}