{"id":67456,"date":"2021-05-09T10:15:49","date_gmt":"2021-05-09T13:15:49","guid":{"rendered":"https:\/\/catolicanet.net\/wp-cnet\/?p=67456"},"modified":"2021-05-11T21:16:46","modified_gmt":"2021-05-12T00:16:46","slug":"dia-da-maes-2","status":"publish","type":"post","link":"https:\/\/catolicanet.net\/wp-cnet\/dia-da-maes-2\/","title":{"rendered":"DIA DA M\u00c3ES"},"content":{"rendered":"<p style=\"text-align: justify;\">Car\u00edssimas m\u00e3es biol\u00f3gicas ou espirituais, neste dia especial suplico a M\u00e3e de Cristo por todas as suas representantes em nossos presbit\u00e9rios, m\u00e3es espirituais de nossos sacerdotes.<\/p>\n<p style=\"text-align: justify;\">Recordo-lhes como surgiu esta comemora\u00e7\u00e3o: em 09\/05\/1905, nos Estados Unidos, faleceu a m\u00e3e de uma enfermeira, chamada Ana Jervs, muito querida em seu trabalho e na comunidade e que muito amava a sua querida m\u00e3e. Sempre se lembrava dela e, anualmente, convidava as suas colegas para, com ela, \u201cvisitar o t\u00famulo de sua m\u00e3e\u201d. A ideia criou ra\u00edzes e suas colegas, cujas m\u00e3es tinham morrido, uniram-se a esse costume que se tornou anual. Fizeram propaganda do evento e, em 1908, j\u00e1 foi solenemente celebrado o Dia das M\u00e3es falecidas. Em 1910, foi oficializado. Em 1914, foi determinado que no 2\u00ba domingo de maio se destinasse a esta celebra\u00e7\u00e3o, por ser um dia pr\u00f3ximo ao dia 5 do m\u00eas.<\/p>\n<p style=\"text-align: justify;\">Esta celebra\u00e7\u00e3o, <strong>Dia das M\u00e3es falecidas<\/strong>, entrou no Brasil em 1918, em Porto Alegre, promovida pela Associa\u00e7\u00e3o de Jovens Crist\u00e3os. Em 1930, foi aceita e at\u00e9 promovida, em todo o Brasil, pelo presidente da Rep\u00fablica, Get\u00falio Dornelles Vargas, que a oficializou em 05\/05\/1932, pelo Decreto n\u00ba 21.366. Em 1945, tamb\u00e9m no 2\u00ba domingo de maio, foi celebrado, religiosamente, no Rio de Janeiro, por permiss\u00e3o do Cardeal Arcebispo Dom Jaime de Barros, Cardeal C\u00e2mara, incluindo nesta celebra\u00e7\u00e3o a M\u00e3e de Cristo, da Igreja e nossa: Maria Sant\u00edssima.<\/p>\n<p style=\"text-align: justify;\">Nos s\u00e9culos XIX e XX, numa sociedade consumista, onde o lucro l\u00edcito, justo, legal, ao contr\u00e1rio, muitas vezes o busca a qualquer pre\u00e7o, incluiu-se no Dia das M\u00e3es falecidas, as m\u00e3es que ainda est\u00e3o na peregrina\u00e7\u00e3o terrena, enfrentando at\u00e9 mesmo um mundo desonesto e injusto, interessando-se apenas na venda lucrativa de \u201cpresentes\u201d.<\/p>\n<p style=\"text-align: justify;\">Por isso, hoje, tamb\u00e9m, queremos nos unir a esta comemora\u00e7\u00e3o, sem se esquecer das m\u00e3es falecidas, daquelas que continuam nas lutas di\u00e1rias, dando-nos o exemplo de qualidades maternas necess\u00e1rias a todas que realmente honram a doa\u00e7\u00e3o materna, com seu amor, seu carinho, sua bondade, sua dedica\u00e7\u00e3o, sua doa\u00e7\u00e3o, sua mansid\u00e3o, sua compreens\u00e3o, seu perd\u00e3o, sua felicidade, seu tempo, seus sofrimentos, sua pr\u00f3pria vida a ponto de quando falamos estas palavras \u00e9 o nome de m\u00e3e que vem em nossa mem\u00f3ria.<\/p>\n<p style=\"text-align: justify;\">Vamos nos unir ao Santo Padre o Papa Francisco, na reza do ter\u00e7o todos os dias do m\u00eas de maio, n\u00e3o s\u00f3 por Myanmar, mas tamb\u00e9m pelas m\u00e3es. Rezo, particularmente, pelas m\u00e3es que est\u00e3o trabalhando em nossas unidades hospitalares. Muitas est\u00e3o cansadas, com jornadas duplicadas, para atender aos doentes nestes tempos dif\u00edceis da Covid-19. Elevo a Deus, por intercess\u00e3o de Nossa Senhora de F\u00e1tima, Auxiliadora dos Crist\u00e3os, que aben\u00e7oe, ilumine, guarde e proteja todas as m\u00e3es.<\/p>\n<p style=\"text-align: justify;\">No domingo das m\u00e3es, colocarei no altar da Santa Missa todas as m\u00e3es falecidas, particularmente, as que faleceram durante o advento da pandemia!<\/p>\n<p style=\"text-align: justify;\">Que a M\u00e3e Maria, Rainha do C\u00e9u e das fam\u00edlias, aben\u00e7oe a maternidade e continue inspirando as m\u00e3es a levarem adiante sua miss\u00e3o formativa e educadora.<\/p>\n<p style=\"text-align: justify;\">Assim, com estas considera\u00e7\u00f5es quero pedir a b\u00ean\u00e7\u00e3o e, tamb\u00e9m, beijar as m\u00e3os e os cora\u00e7\u00f5es de todas as m\u00e3es que tomarem conhecimento deste texto e que elas recebam a minha b\u00ean\u00e7\u00e3o paternal, fraterna e filial.<\/p>\n","protected":false},"excerpt":{"rendered":"<p>Car\u00edssimas m\u00e3es biol\u00f3gicas ou espirituais, neste dia especial suplico a M\u00e3e de Cristo por todas as suas representantes em nossos presbit\u00e9rios, m\u00e3es espirituais de nossos sacerdotes. Recordo-lhes como surgiu esta comemora\u00e7\u00e3o: em 09\/05\/1905, nos Estados Unidos, faleceu a m\u00e3e de uma enfermeira, chamada Ana Jervs, muito querida em seu trabalho e na comunidade e que [&hellip;]<\/p>\n","protected":false},"author":10,"featured_media":55817,"comment_status":"open","ping_status":"closed","sticky":false,"template":"","format":"standard","meta":{"footnotes":""},"categories":[9],"tags":[],"class_list":["post-67456","post","type-post","status-publish","format-standard","has-post-thumbnail","hentry","category-artigos"],"_links":{"self":[{"href":"https:\/\/catolicanet.net\/wp-cnet\/wp-json\/wp\/v2\/posts\/67456","targetHints":{"allow":["GET"]}}],"collection":[{"href":"https:\/\/catolicanet.net\/wp-cnet\/wp-json\/wp\/v2\/posts"}],"about":[{"href":"https:\/\/catolicanet.net\/wp-cnet\/wp-json\/wp\/v2\/types\/post"}],"author":[{"embeddable":true,"href":"https:\/\/catolicanet.net\/wp-cnet\/wp-json\/wp\/v2\/users\/10"}],"replies":[{"embeddable":true,"href":"https:\/\/catolicanet.net\/wp-cnet\/wp-json\/wp\/v2\/comments?post=67456"}],"version-history":[{"count":1,"href":"https:\/\/catolicanet.net\/wp-cnet\/wp-json\/wp\/v2\/posts\/67456\/revisions"}],"predecessor-version":[{"id":67457,"href":"https:\/\/catolicanet.net\/wp-cnet\/wp-json\/wp\/v2\/posts\/67456\/revisions\/67457"}],"wp:featuredmedia":[{"embeddable":true,"href":"https:\/\/catolicanet.net\/wp-cnet\/wp-json\/wp\/v2\/media\/55817"}],"wp:attachment":[{"href":"https:\/\/catolicanet.net\/wp-cnet\/wp-json\/wp\/v2\/media?parent=67456"}],"wp:term":[{"taxonomy":"category","embeddable":true,"href":"https:\/\/catolicanet.net\/wp-cnet\/wp-json\/wp\/v2\/categories?post=67456"},{"taxonomy":"post_tag","embeddable":true,"href":"https:\/\/catolicanet.net\/wp-cnet\/wp-json\/wp\/v2\/tags?post=67456"}],"curies":[{"name":"wp","href":"https:\/\/api.w.org\/{rel}","templated":true}]}}