{"id":67435,"date":"2021-05-09T09:48:22","date_gmt":"2021-05-09T12:48:22","guid":{"rendered":"https:\/\/catolicanet.net\/wp-cnet\/?p=67435"},"modified":"2021-05-11T20:49:39","modified_gmt":"2021-05-11T23:49:39","slug":"dia-das-maes-4","status":"publish","type":"post","link":"https:\/\/catolicanet.net\/wp-cnet\/dia-das-maes-4\/","title":{"rendered":"Dia das M\u00e3es"},"content":{"rendered":"<p style=\"text-align: justify;\">Comemoramos neste pr\u00f3ximo dia 9 de maio, segundo domingo do m\u00eas dedicado, dentro desse m\u00eas de devo\u00e7\u00e3o mariana, o Dia das M\u00e3es. Mais do que uma data comercial, o Dia das M\u00e3es deve ser um momento oportuno para estarmos com nossas m\u00e3es. Se n\u00e3o for poss\u00edvel estar com ela, devido \u00e0 pandemia da Covid-19 que persiste por mais um ano, poderemos telefonar, mandar mensagem ou at\u00e9 uma chamada de v\u00eddeo com nossas m\u00e3es, para que de certa forma ela se sinta abra\u00e7ada nesse dia por seus filhos.<\/p>\n<p style=\"text-align: justify;\">O Dia das M\u00e3es ocorre em um m\u00eas muito especial, \u00e9 o m\u00eas dedicado a Nossa Senhora, que foi um exemplo de m\u00e3e, mulher e disc\u00edpula. No dia 13 de maio celebramos Nossa Senhora de F\u00e1tima e, no dia 24 de Maio, Nossa Senhora Auxiliadora dos Crist\u00e3os e, neste ano, tamb\u00e9m Maria, m\u00e3e da Igreja por ser a segunda-feira ap\u00f3s Pentecostes. Rezemos a Nossa Senhora para que proteja todas as m\u00e3es e que todas as nossas m\u00e3es sigam o exemplo de Nossa Senhora.<\/p>\n<p style=\"text-align: justify;\">Elevemos uma prece especial nesse dia por todas as m\u00e3es e av\u00f3s falecidas, para que do c\u00e9u contemplando o rosto de Maria, elas intercedam por todos os seus filhos que aqui ficaram. Muitos filhos perderam as suas m\u00e3es nesse tempo de pandemia; que Deus e Nossa Senhora possam os confortar.<\/p>\n<p style=\"text-align: justify;\">Rezemos de igual modo por todas as m\u00e3es que sofrem a perda de seus filhos, seja para a doen\u00e7a, para o crime ou para as drogas. Tamb\u00e9m rezemos por aquelas que perdem seus filhos devido \u00e0 viol\u00eancia da grande cidade como tivemos aqui nestes dias. Tantas m\u00e3es que passam esse dia sozinhas, pois n\u00e3o t\u00eam mais os seus filhos aqui com elas. Que a Virgem das Dores, que soube se manter em sil\u00eancio diante do sofrimento, conforte essas m\u00e3es.<\/p>\n<p style=\"text-align: justify;\">Aproveitemos enquanto temos as nossas m\u00e3es em nosso conv\u00edvio fa\u00e7amos pelo menos um telefonema e a troca de mensagens j\u00e1 s\u00e3o uma mostra de carinho, pois estaremos lembrando delas.<\/p>\n<p style=\"text-align: justify;\">Podemos tamb\u00e9m lembrar de nossas m\u00e3es nesse dia por meio da ora\u00e7\u00e3o, indo \u00e0 celebra\u00e7\u00e3o eucar\u00edstica, rezando por aquelas que j\u00e1 partiram para a morada eterna ou aquelas que est\u00e3o conosco. Agradecendo, sobretudo, por elas nos terem gerado a vida e podemos oferecer rosas \u00e0s nossas m\u00e3es, em forma de prece, por meio da ora\u00e7\u00e3o da Ave Maria.<\/p>\n<p style=\"text-align: justify;\">Agrade\u00e7amos a Deus nesse dia por nos ter dado Nossa Senhora como m\u00e3e e que por meio dela nos veio a salva\u00e7\u00e3o. Agrade\u00e7amos a Ele por ter designado que a M\u00e3e do seu Filho, fosse tamb\u00e9m a nossa m\u00e3e. Sejamos gratos a Deus por tudo isso, por termos uma m\u00e3e na terra e outra no c\u00e9u.<\/p>\n<p style=\"text-align: justify;\">Dessa maneira, temos muitos motivos para comemorarmos o Dia das M\u00e3es, n\u00e3o somente o motivo comercial, mas o motivo crist\u00e3o, que d\u00e1 sentido a essa data. Agradecendo a Deus, sobretudo, por ter permitido que nossas m\u00e3es nos gerassem para a vida. A maternidade \u00e9 divina e para ser m\u00e3e \u00e9 preciso corresponder a um chamado divino, pois a responsabilidade \u00e9 muito grande.<\/p>\n<p style=\"text-align: justify;\">O Dia das M\u00e3es deve ser comemorado por todos os filhos e por todas as m\u00e3es, mas antes de tudo deve ser um dia de agradecimento a Deus por nos ter dado a oportunidade de formarmos uma fam\u00edlia, por meio do consentimento dos nossos pais na celebra\u00e7\u00e3o do matrim\u00f4nio e da consuma\u00e7\u00e3o desse casamento em que os nossos pais nos geraram para Deus.<\/p>\n<p style=\"text-align: justify;\">Enfim, a m\u00e3e \u00e9 aquela que sempre esteve junto conosco desde a concep\u00e7\u00e3o e nos carregou nove meses no ventre e nos acompanhou em diversos momentos da vida, nada mais justo que dediquemos esse dia a ela, agradecendo o muito que ela fez por n\u00f3s e por muitas vezes n\u00e3o retribu\u00edmos como ela merece.<\/p>\n<p style=\"text-align: justify;\">A m\u00e3e \u00e9 aquela que sempre est\u00e1 pronta para acolher, se o filho n\u00e3o deu certo no casamento, volta para casa da m\u00e3e; se o filho resolveu ir embora de casa para viver sua vida, mas depois n\u00e3o d\u00e1 certo e se arrepende, volta para casa da m\u00e3e. Se o filho foi preso por algum motivo, quando sai vai para a casa da m\u00e3e. E, via de regra, a m\u00e3e \u00e9 a primeira a visitar o filho detento. A m\u00e3e sempre d\u00e1 um teto, um carinho para o filho, nunca se nega, aconte\u00e7a o que acontecer, a m\u00e3e sempre vai defender e proteger o seu filho.<\/p>\n<p style=\"text-align: justify;\">Podemos comparar a figura da m\u00e3e com a de Nossa Senhora. At\u00e9 por isso, o Dia das M\u00e3es \u00e9 celebrado alguns dias antes do dia de Nossa Senhora de F\u00e1tima e est\u00e1 inserido no m\u00eas mariano. Assim como Nossa Senhora, a nossa m\u00e3e nos deu a vida, nos gerou nove meses em seu ventre, nos educou, catequisou, se alegrou e muitas vezes chorou a nossa dor junto conosco, assim como fez Nossa Senhora.<\/p>\n<p style=\"text-align: justify;\">Valorize a sua m\u00e3e, esteja junto com ela ao menos virtualmente, fa\u00e7a com que est\u00e1 data para ela seja uma data alegre e feliz, e que ela se orgulhe de ter voc\u00ea como filho e voc\u00ea tenha orgulho de t\u00ea-la como m\u00e3e. Antes de comprar presente, fa\u00e7a-se presente na vida dela. Essa \u00e9 melhor forma de gesto e carinho que podemos oferecer as nossas m\u00e3es.<\/p>\n<p style=\"text-align: justify;\">Que Deus aben\u00e7oe todas as m\u00e3es e fam\u00edlias do Brasil inteiro, para que sempre possam estar unidas pelo amor, se amando e se respeitando a cada dia. Am\u00e9m.<\/p>\n<p style=\"text-align: justify;\">Nossa Senhora de F\u00e1tima, rogai por n\u00f3s.<\/p>\n","protected":false},"excerpt":{"rendered":"<p>Comemoramos neste pr\u00f3ximo dia 9 de maio, segundo domingo do m\u00eas dedicado, dentro desse m\u00eas de devo\u00e7\u00e3o mariana, o Dia das M\u00e3es. Mais do que uma data comercial, o Dia das M\u00e3es deve ser um momento oportuno para estarmos com nossas m\u00e3es. Se n\u00e3o for poss\u00edvel estar com ela, devido \u00e0 pandemia da Covid-19 que [&hellip;]<\/p>\n","protected":false},"author":5,"featured_media":55819,"comment_status":"open","ping_status":"closed","sticky":false,"template":"","format":"standard","meta":{"footnotes":""},"categories":[9],"tags":[],"class_list":["post-67435","post","type-post","status-publish","format-standard","has-post-thumbnail","hentry","category-artigos"],"_links":{"self":[{"href":"https:\/\/catolicanet.net\/wp-cnet\/wp-json\/wp\/v2\/posts\/67435","targetHints":{"allow":["GET"]}}],"collection":[{"href":"https:\/\/catolicanet.net\/wp-cnet\/wp-json\/wp\/v2\/posts"}],"about":[{"href":"https:\/\/catolicanet.net\/wp-cnet\/wp-json\/wp\/v2\/types\/post"}],"author":[{"embeddable":true,"href":"https:\/\/catolicanet.net\/wp-cnet\/wp-json\/wp\/v2\/users\/5"}],"replies":[{"embeddable":true,"href":"https:\/\/catolicanet.net\/wp-cnet\/wp-json\/wp\/v2\/comments?post=67435"}],"version-history":[{"count":2,"href":"https:\/\/catolicanet.net\/wp-cnet\/wp-json\/wp\/v2\/posts\/67435\/revisions"}],"predecessor-version":[{"id":67437,"href":"https:\/\/catolicanet.net\/wp-cnet\/wp-json\/wp\/v2\/posts\/67435\/revisions\/67437"}],"wp:featuredmedia":[{"embeddable":true,"href":"https:\/\/catolicanet.net\/wp-cnet\/wp-json\/wp\/v2\/media\/55819"}],"wp:attachment":[{"href":"https:\/\/catolicanet.net\/wp-cnet\/wp-json\/wp\/v2\/media?parent=67435"}],"wp:term":[{"taxonomy":"category","embeddable":true,"href":"https:\/\/catolicanet.net\/wp-cnet\/wp-json\/wp\/v2\/categories?post=67435"},{"taxonomy":"post_tag","embeddable":true,"href":"https:\/\/catolicanet.net\/wp-cnet\/wp-json\/wp\/v2\/tags?post=67435"}],"curies":[{"name":"wp","href":"https:\/\/api.w.org\/{rel}","templated":true}]}}