{"id":67395,"date":"2021-05-07T09:35:16","date_gmt":"2021-05-07T12:35:16","guid":{"rendered":"https:\/\/catolicanet.net\/wp-cnet\/?p=67395"},"modified":"2021-05-07T15:44:51","modified_gmt":"2021-05-07T18:44:51","slug":"vaticano-mais-300-pobres-vao-receber-a-vacina-anti-covid","status":"publish","type":"post","link":"https:\/\/catolicanet.net\/wp-cnet\/vaticano-mais-300-pobres-vao-receber-a-vacina-anti-covid\/","title":{"rendered":"Vaticano: mais 300 pobres v\u00e3o receber a vacina anti-Covid"},"content":{"rendered":"<figure class=\"article__image\" style=\"text-align: justify;\"><span class=\"didascalia_img\">A vacina\u00e7\u00e3o deste s\u00e1bado (8) vai contemplar ades\u00f5es recebidas no Vaticano\u00a0 (Vatican Media)<\/span><\/figure>\n<div class=\"article__meta\">\n<div class=\"article__subTitle\" style=\"text-align: justify;\">Neste s\u00e1bado (8), na Sala Paulo VI, moradores de rua, fr\u00e1geis e vulner\u00e1veis ser\u00e3o vacinados gra\u00e7as \u00e0 iniciativa da Esmolaria Apost\u00f3lica. Enquanto isso, continua a ser bem aceita a campanha da &#8220;vacina suspensa&#8221;, que j\u00e1 ajudou pa\u00edses em s\u00e9rias dificuldades devido \u00e0 pandemia, como a \u00cdndia e a S\u00edria.<\/div>\n<div class=\"title__separator\" style=\"text-align: justify;\"><\/div>\n<div class=\"article__text \">\n<p style=\"text-align: justify;\"><b>Benedetta Capelli &#8211; Vatican News<\/b><\/p>\n<p style=\"text-align: justify;\">\u00c9 um pedido que veio espontaneamente de muitos que vivem nas ruas, impressionados pela generosidade do Papa de ajudar os mais vulner\u00e1veis e tamb\u00e9m os mais expostos ao cont\u00e1gio do coronav\u00edrus. O cardeal Konrad Krajewski, o esmoleiro do Papa, conta como h\u00e1 duas semanas no ambulat\u00f3rio &#8220;M\u00e3e da Miseric\u00f3rdia&#8221;, localizado sob a Colunata de S\u00e3o Pedro, tem sido recolhidas ades\u00f5es daqueles que gostariam de ser vacinados. Neste s\u00e1bado (8), ent\u00e3o, na Sala Paulo VI, s\u00e3o esperadas 300 pessoas. Trata-se de um grupo que normalmente n\u00e3o \u00e9 assistido por organiza\u00e7\u00f5es que trabalham no territ\u00f3rio, como foi o caso para das cerca de 1400 pessoas pobres vacinadas no Vaticano nas \u00faltimas semanas.<\/p>\n<h2 style=\"text-align: justify;\">Ajuda \u00e0 \u00cdndia e \u00e0 S\u00edria<\/h2>\n<p style=\"text-align: justify;\">Enquanto isso, a Esmolaria Apost\u00f3lica faz saber que a iniciativa da &#8220;vacina suspensa&#8221; reuniu um consenso que vai al\u00e9m de todas as expectativas. Doar neste momento de dificuldade n\u00e3o \u00e9 um gesto \u00f3bvio, tem um valor importante e \u00e9 tamb\u00e9m gra\u00e7as a uma pequena contribui\u00e7\u00e3o, que pode ser alcan\u00e7ada atrav\u00e9s do site www.elemosineria.va, que tanto est\u00e1 sendo feito no mundo.<\/p>\n<p style=\"text-align: justify;\">A \u00cdndia, um pa\u00eds duramente afetado pela segunda onda da pandemia e ao qual Francisco dirigiu uma mensagem de proximidade e espiritualidade na quinta-feira (6), recebeu 200 mil d\u00f3lares para serem usados na luta contra a Covid. A S\u00edria, outro pa\u00eds marcado por conflitos intermin\u00e1veis e tamb\u00e9m pelo agravamento do coronav\u00edrus, recebeu 350 mil euros. As contribui\u00e7\u00f5es, como explica a Esmolaria, s\u00e3o confiadas \u00e0s nunciaturas que depois distribuem os valores de acordo com as necessidades.<\/p>\n<h2 style=\"text-align: justify;\">Compartilhando o milagre da caridade<\/h2>\n<p style=\"text-align: justify;\">No dia 23 de abril, festa de S\u00e3o Jorge e dia do onom\u00e1stico do Papa, Francisco chegou fazer uma surpresa \u00e0s cerca de 600 pessoas vulner\u00e1veis que haviam recebido a segunda dose da vacina Pfizer-Biontech na Sala Paulo VI. A primeira dose havia sido dada durante a Semana Santa, dando assim concrecute aos v\u00e1rios apelos do Pont\u00edfice para que ningu\u00e9m fosse exclu\u00eddo da campanha de vacina\u00e7\u00e3o contra o coronav\u00edrus.<\/p>\n<\/div>\n<\/div>\n","protected":false},"excerpt":{"rendered":"<p>A vacina\u00e7\u00e3o deste s\u00e1bado (8) vai contemplar ades\u00f5es recebidas no Vaticano\u00a0 (Vatican Media) Neste s\u00e1bado (8), na Sala Paulo VI, moradores de rua, fr\u00e1geis e vulner\u00e1veis ser\u00e3o vacinados gra\u00e7as \u00e0 iniciativa da Esmolaria Apost\u00f3lica. Enquanto isso, continua a ser bem aceita a campanha da &#8220;vacina suspensa&#8221;, que j\u00e1 ajudou pa\u00edses em s\u00e9rias dificuldades devido \u00e0 [&hellip;]<\/p>\n","protected":false},"author":1,"featured_media":67396,"comment_status":"open","ping_status":"closed","sticky":false,"template":"","format":"standard","meta":{"footnotes":""},"categories":[3],"tags":[],"class_list":["post-67395","post","type-post","status-publish","format-standard","has-post-thumbnail","hentry","category-vaticano"],"_links":{"self":[{"href":"https:\/\/catolicanet.net\/wp-cnet\/wp-json\/wp\/v2\/posts\/67395","targetHints":{"allow":["GET"]}}],"collection":[{"href":"https:\/\/catolicanet.net\/wp-cnet\/wp-json\/wp\/v2\/posts"}],"about":[{"href":"https:\/\/catolicanet.net\/wp-cnet\/wp-json\/wp\/v2\/types\/post"}],"author":[{"embeddable":true,"href":"https:\/\/catolicanet.net\/wp-cnet\/wp-json\/wp\/v2\/users\/1"}],"replies":[{"embeddable":true,"href":"https:\/\/catolicanet.net\/wp-cnet\/wp-json\/wp\/v2\/comments?post=67395"}],"version-history":[{"count":1,"href":"https:\/\/catolicanet.net\/wp-cnet\/wp-json\/wp\/v2\/posts\/67395\/revisions"}],"predecessor-version":[{"id":67397,"href":"https:\/\/catolicanet.net\/wp-cnet\/wp-json\/wp\/v2\/posts\/67395\/revisions\/67397"}],"wp:featuredmedia":[{"embeddable":true,"href":"https:\/\/catolicanet.net\/wp-cnet\/wp-json\/wp\/v2\/media\/67396"}],"wp:attachment":[{"href":"https:\/\/catolicanet.net\/wp-cnet\/wp-json\/wp\/v2\/media?parent=67395"}],"wp:term":[{"taxonomy":"category","embeddable":true,"href":"https:\/\/catolicanet.net\/wp-cnet\/wp-json\/wp\/v2\/categories?post=67395"},{"taxonomy":"post_tag","embeddable":true,"href":"https:\/\/catolicanet.net\/wp-cnet\/wp-json\/wp\/v2\/tags?post=67395"}],"curies":[{"name":"wp","href":"https:\/\/api.w.org\/{rel}","templated":true}]}}