{"id":67379,"date":"2021-05-06T09:19:13","date_gmt":"2021-05-06T12:19:13","guid":{"rendered":"https:\/\/catolicanet.net\/wp-cnet\/?p=67379"},"modified":"2021-05-06T12:20:48","modified_gmt":"2021-05-06T15:20:48","slug":"pastoral-familiar-estuda-aspectos-eclesiologicos-morais-e-pastorais-de-exortacoes-apostolicas-sobre-a-familia","status":"publish","type":"post","link":"https:\/\/catolicanet.net\/wp-cnet\/pastoral-familiar-estuda-aspectos-eclesiologicos-morais-e-pastorais-de-exortacoes-apostolicas-sobre-a-familia\/","title":{"rendered":"PASTORAL FAMILIAR ESTUDA ASPECTOS ECLESIOL\u00d3GICOS, MORAIS E PASTORAIS DE EXORTA\u00c7\u00d5ES APOST\u00d3LICAS SOBRE A FAM\u00cdLIA"},"content":{"rendered":"<p style=\"text-align: justify;\">Nesta semana, a Comiss\u00e3o Episcopal Pastoral para a Vida e a Fam\u00edlia da Confer\u00eancia Nacional dos Bispos do Brasil (CNBB), por meio da Comiss\u00e3o Nacional da Pastoral Familiar, oferece uma forma\u00e7\u00e3o especial sobre as exorta\u00e7\u00f5es apost\u00f3licas Familiaris Consortio, de S\u00e3o Jo\u00e3o Paulo II, e Amoris Laetitia, do Papa Francisco. Desde segunda-feira, dia 3, at\u00e9 sexta, 7, s\u00e3o estudados os aspectos eclesiol\u00f3gicos, morais e pastorais dos dois documentos. O Semin\u00e1rio On-line Alegria do Amor tem reunido agentes da Pastoral Familiar, integrantes de movimentos e servi\u00e7os, al\u00e9m de bispos, presb\u00edteros, religiosas e religiosos e seminaristas de todo o Brasil.<\/p>\n<h3 style=\"text-align: justify;\">Eclesiologia<\/h3>\n<p style=\"text-align: justify;\">Na segunda-feira, o\u00a0vice-presidente e diretor da Se\u00e7\u00e3o Brasileira do Pontif\u00edcio Instituto Teol\u00f3gico Jo\u00e3o Paulo II para o Matrim\u00f4nio e Fam\u00edlia, padre Rafael Fornasier, abordou as quest\u00f5es eclesiol\u00f3gicas e doutrinais presentes nas duas exorta\u00e7\u00f5es apost\u00f3licas. Em especial, ele colocou em foco duas express\u00f5es importantes nos \u00faltimos tempos: \u201cIgreja dom\u00e9stica\u201d e \u201cIgreja, fam\u00edlia de fam\u00edlias\u201d.<\/p>\n<p style=\"text-align: justify;\">Na primeira parte, padre Fornasier recapitulou os textos das exorta\u00e7\u00f5es apost\u00f3licas. Ele destacou que h\u00e1 uma continuidade entre as abordagens de S\u00e3o Jo\u00e3o Paulo II e do Papa Francisco. \u201cNa\u00a0<em>Familiaris Consortio<\/em>\u00a0o termo \u2018Igreja dom\u00e9stica\u2019 \u00e9 citado 11 vezes e na\u00a0<em>Amoris Laeitia<\/em>\u00a0aparece sete vezes a express\u00e3o\u201d, calculou.<\/p>\n<p style=\"text-align: justify;\">Por sua vez, \u2018Igreja, fam\u00edlia de fam\u00edlias\u2019, aparece apenas em 2007, no Documento de Aparecida, mas se tornou recorrente nos \u00faltimos anos no relat\u00f3rio final do S\u00ednodo de 2015 e na\u00a0<em>Amoris Laetitia<\/em>. \u00a0\u201cNos prim\u00f3rdios, a Igreja come\u00e7a nas casas. S\u00f3 depois que aparecem as igrejas como comunidade. E essas duas situa\u00e7\u00f5es devemos estreitar ainda mais\u201d, destacou o te\u00f3logo.<\/p>\n<figure id=\"attachment_263293\" class=\"wp-caption aligncenter\" style=\"text-align: justify;\" aria-describedby=\"caption-attachment-263293\"><img loading=\"lazy\" decoding=\"async\" class=\"wp-image-263293 size-full lazyloaded\" src=\"https:\/\/eadn-wc02-718006.nxedge.io\/cdn\/wp-content\/uploads\/2021\/05\/pe-rafael-fornasier-webinario-alegria-do-amor.jpg\" sizes=\"auto, (max-width: 750px) 100vw, 750px\" srcset=\"https:\/\/eadn-wc02-718006.nxedge.io\/cdn\/wp-content\/uploads\/2021\/05\/pe-rafael-fornasier-webinario-alegria-do-amor.jpg 750w, https:\/\/eadn-wc02-718006.nxedge.io\/cdn\/wp-content\/uploads\/2021\/05\/pe-rafael-fornasier-webinario-alegria-do-amor-300x169.jpg 300w, https:\/\/eadn-wc02-718006.nxedge.io\/cdn\/wp-content\/uploads\/2021\/05\/pe-rafael-fornasier-webinario-alegria-do-amor-500x281.jpg 500w\" alt=\"\" width=\"750\" height=\"422\" data-ll-status=\"loaded\" \/><figcaption id=\"caption-attachment-263293\" class=\"wp-caption-text\">Padre Rafael Fornasier<\/figcaption><\/figure>\n<p style=\"text-align: justify;\">Na segunda parte da palestra, padre Rafael Fornasier apontou que nos \u00faltimos anos tem sido importante pensar a fam\u00edlia no campo da teologia, em especial ap\u00f3s com a exorta\u00e7\u00e3o\u00a0<em>Evangelium Gaudium<\/em>, sobre o an\u00fancio do evangelho no mundo atual \u2013 que deve contar com a participa\u00e7\u00e3o das fam\u00edlias.<\/p>\n<blockquote class=\"wp-block-quote\"><p>\u201c<em>A fam\u00edlia n\u00e3o \u00e9 uma c\u00e9lula isolada. Ela cresce, se transforma e se conecta em outras c\u00e9lulas. Da mesma forma ocorre nas par\u00f3quias. \u00c9 formada por fam\u00edlias que est\u00e3o relacionadas em rede e, portanto, a igreja se concretiza ali<\/em>\u201d, disse.<\/p><\/blockquote>\n<div class=\"wp-block-image\" style=\"text-align: justify;\"><span style=\"color: #111111; font-family: Roboto, sans-serif; font-size: 22px;\">Moral<\/span><\/div>\n<div style=\"text-align: justify;\">\n<p>No segundo dia de encontro, o presb\u00edtero da arquidiocese de Londrina (PR), padre Rafael Solano, que \u00e9 mestre e doutor em Teologia Moral, tratou dos aspectos morais dos dois documentos, elencando as formas, mentalidade e lei da gradualidade apresentadas nos textos. Tamb\u00e9m refletiu sobre a fam\u00edlia inserida no processo de evangeliza\u00e7\u00e3o e sobre o conceito de espiritualidade familiar, que pode ajudar a colocar os documentos em pr\u00e1tica.<\/p>\n<p>Padre Rafael Solano citou a Didaqu\u00ea do in\u00edcio da Igreja como catequeses que iluminavam a vida crist\u00e3 com \u201cos primeiros elementos \u00e9ticos e morais que n\u00f3s vimos diante de n\u00f3s\u201d. Para ele, a Didaqu\u00e9 traz consigo a grandeza traduzida das Bem-Aventuran\u00e7as.<\/p>\n<figure id=\"attachment_263294\" class=\"wp-caption aligncenter\" aria-describedby=\"caption-attachment-263294\"><img loading=\"lazy\" decoding=\"async\" class=\"wp-image-263294 size-full lazyloaded\" src=\"https:\/\/eadn-wc02-718006.nxedge.io\/cdn\/wp-content\/uploads\/2021\/05\/pe-rafael-solano-webinario-alegria-do-amor.jpg\" sizes=\"auto, (max-width: 750px) 100vw, 750px\" srcset=\"https:\/\/eadn-wc02-718006.nxedge.io\/cdn\/wp-content\/uploads\/2021\/05\/pe-rafael-solano-webinario-alegria-do-amor.jpg 750w, https:\/\/eadn-wc02-718006.nxedge.io\/cdn\/wp-content\/uploads\/2021\/05\/pe-rafael-solano-webinario-alegria-do-amor-300x169.jpg 300w, https:\/\/eadn-wc02-718006.nxedge.io\/cdn\/wp-content\/uploads\/2021\/05\/pe-rafael-solano-webinario-alegria-do-amor-500x281.jpg 500w\" alt=\"\" width=\"750\" height=\"422\" data-ll-status=\"loaded\" \/><figcaption id=\"caption-attachment-263294\" class=\"wp-caption-text\"><em>Padre Jos\u00e9 Rafael Solano Dur\u00e1n<\/em><\/figcaption><\/figure>\n<h3>Evangeliza\u00e7\u00e3o da fam\u00edlia<\/h3>\n<p>Para o padre Solano, o primeiro aspecto moral da Familiaris Consortio, junto com a Amoris Laetitia, \u00e9 o processo de evangeliza\u00e7\u00e3o. \u201cN\u00e3o existe Pastoral Familiar, n\u00e3o existe teologia moral familiar, se o Evangelho n\u00e3o entra em casa. Ele deve se fazer conhecido no lar\u201d, destacou.<\/p>\n<h3>Alegria do Amor<\/h3>\n<p>O Semin\u00e1rio Alegria do Amor continua nesta quarta-feira com a palestra de dom Leomar Brustolin, bispo auxiliar de Porto Alegre (RS), sobre os aspectos pastorais. Na quinta-feira, o bispo de Rio Grande (RS) e presidente da Comiss\u00e3o Vida e Fam\u00edlia, dom Ricardo Hoepers, conduz uma mesa redonda com os tr\u00eas palestrantes e a te\u00f3loga Maria In\u00eas de Castro Millen. Na sexta-feira, 7, o arcebispo de Florian\u00f3polis (SC), dom Wilson Tadeu J\u00f6nck, aprofundar\u00e1 os aspectos \u201cSer pai e ser m\u00e3e, homem e mulher\u201d \u00e0 luz dos documentos que iluminam o evento.<\/p>\n<p>Acompanhe pelos canais da Pastoral Familiar e da CNBB no Youtube:<br \/>\nPastoral Familiar:\u00a0<a href=\"https:\/\/www.youtube.com\/pastoralfamiliarcnbb\" target=\"_blank\" rel=\"noopener\" data-rel=\"lightbox-video-0\">youtube.com\/pastoralfamiliarcnbb<\/a><br \/>\nCNBB Oficial:\u00a0<a href=\"https:\/\/www.youtube.com\/cnbbnacional\" target=\"_blank\" rel=\"noopener\" data-rel=\"lightbox-video-1\">youtube.com\/cnbbnacional<\/a><\/p>\n<\/div>\n<p style=\"text-align: justify;\"><a href=\"http:\/\/vidaefamilia.org.br\/acompanhe-ao-vivo-seminario-alegria-do-amor\/\" target=\"_blank\" rel=\"noopener\">Clique aqui e saiba mais sobre o semin\u00e1rio<\/a><\/p>\n","protected":false},"excerpt":{"rendered":"<p>Nesta semana, a Comiss\u00e3o Episcopal Pastoral para a Vida e a Fam\u00edlia da Confer\u00eancia Nacional dos Bispos do Brasil (CNBB), por meio da Comiss\u00e3o Nacional da Pastoral Familiar, oferece uma forma\u00e7\u00e3o especial sobre as exorta\u00e7\u00f5es apost\u00f3licas Familiaris Consortio, de S\u00e3o Jo\u00e3o Paulo II, e Amoris Laetitia, do Papa Francisco. Desde segunda-feira, dia 3, at\u00e9 sexta, [&hellip;]<\/p>\n","protected":false},"author":1,"featured_media":67380,"comment_status":"open","ping_status":"closed","sticky":false,"template":"","format":"standard","meta":{"footnotes":""},"categories":[7,13],"tags":[],"class_list":["post-67379","post","type-post","status-publish","format-standard","has-post-thumbnail","hentry","category-cnbb","category-featured"],"_links":{"self":[{"href":"https:\/\/catolicanet.net\/wp-cnet\/wp-json\/wp\/v2\/posts\/67379","targetHints":{"allow":["GET"]}}],"collection":[{"href":"https:\/\/catolicanet.net\/wp-cnet\/wp-json\/wp\/v2\/posts"}],"about":[{"href":"https:\/\/catolicanet.net\/wp-cnet\/wp-json\/wp\/v2\/types\/post"}],"author":[{"embeddable":true,"href":"https:\/\/catolicanet.net\/wp-cnet\/wp-json\/wp\/v2\/users\/1"}],"replies":[{"embeddable":true,"href":"https:\/\/catolicanet.net\/wp-cnet\/wp-json\/wp\/v2\/comments?post=67379"}],"version-history":[{"count":1,"href":"https:\/\/catolicanet.net\/wp-cnet\/wp-json\/wp\/v2\/posts\/67379\/revisions"}],"predecessor-version":[{"id":67381,"href":"https:\/\/catolicanet.net\/wp-cnet\/wp-json\/wp\/v2\/posts\/67379\/revisions\/67381"}],"wp:featuredmedia":[{"embeddable":true,"href":"https:\/\/catolicanet.net\/wp-cnet\/wp-json\/wp\/v2\/media\/67380"}],"wp:attachment":[{"href":"https:\/\/catolicanet.net\/wp-cnet\/wp-json\/wp\/v2\/media?parent=67379"}],"wp:term":[{"taxonomy":"category","embeddable":true,"href":"https:\/\/catolicanet.net\/wp-cnet\/wp-json\/wp\/v2\/categories?post=67379"},{"taxonomy":"post_tag","embeddable":true,"href":"https:\/\/catolicanet.net\/wp-cnet\/wp-json\/wp\/v2\/tags?post=67379"}],"curies":[{"name":"wp","href":"https:\/\/api.w.org\/{rel}","templated":true}]}}