{"id":67373,"date":"2021-05-06T09:11:16","date_gmt":"2021-05-06T12:11:16","guid":{"rendered":"https:\/\/catolicanet.net\/wp-cnet\/?p=67373"},"modified":"2021-05-06T12:13:41","modified_gmt":"2021-05-06T15:13:41","slug":"papa-a-guarda-suica-com-cortesia-e-doacao-sao-um-testemunho-de-acolhimento-da-igreja","status":"publish","type":"post","link":"https:\/\/catolicanet.net\/wp-cnet\/papa-a-guarda-suica-com-cortesia-e-doacao-sao-um-testemunho-de-acolhimento-da-igreja\/","title":{"rendered":"Papa \u00e0 Guarda Su\u00ed\u00e7a: com cortesia e doa\u00e7\u00e3o, s\u00e3o um testemunho de acolhimento da Igreja"},"content":{"rendered":"<div class=\"article__subTitle\" style=\"text-align: justify;\">Por tr\u00e1s do uniforme e das bandeiras, um s\u00edmbolo do Vaticano, a Guarda Su\u00ed\u00e7a Pontif\u00edcia protege o Papa desde 1506 e anualmente recruta novos soldados. Nesta quinta-feira (6), 34 deles v\u00e3o prestar juramento para atuar em defesa do Pont\u00edfice. Durante uma audi\u00eancia especial com eles, Francisco descreveu o servi\u00e7o que ir\u00e3o prestar, com devo\u00e7\u00e3o e fidelidade \u00e0 S\u00e9 Apost\u00f3lica, numa oportunidade tamb\u00e9m para bem receber os peregrinos que v\u00eam a Roma: &#8220;nunca esque\u00e7am da cortesia e da disponibilidade que representam um belo testemunho e s\u00e3o um sinal de acolhimento da Igreja.\u201d<\/div>\n<div class=\"title__separator\" style=\"text-align: justify;\"><\/div>\n<div class=\"article__text \">\n<p style=\"text-align: justify;\"><b>Andressa Collet &#8211; Vatican News<\/b><\/p>\n<div style=\"text-align: justify;\">\n<div class=\"article__embed article__embed--unwrap article__embed--dark\">\n<div class=\"article__innerTitle\">Ou\u00e7a a reportagem com a voz do Papa e compartilhe<\/div>\n<div>\n<!--[if lt IE 9]><script>document.createElement('audio');<\/script><![endif]-->\n<audio class=\"wp-audio-shortcode\" id=\"audio-67373-1\" preload=\"none\" style=\"width: 100%;\" controls=\"controls\"><source type=\"audio\/mpeg\" src=\"https:\/\/media.vaticannews.va\/media\/audio\/s1\/2021\/05\/06\/12\/136037981_F136037981.mp3?_=1\" \/><a href=\"https:\/\/media.vaticannews.va\/media\/audio\/s1\/2021\/05\/06\/12\/136037981_F136037981.mp3\">https:\/\/media.vaticannews.va\/media\/audio\/s1\/2021\/05\/06\/12\/136037981_F136037981.mp3<\/a><\/audio>\n<\/div>\n<\/div>\n<\/div>\n<p style=\"text-align: justify;\">As celebra\u00e7\u00f5es em homenagem aos 34 novos recrutas da Guarda Su\u00ed\u00e7a come\u00e7aram ainda na quarta-feira (5) com uma programa\u00e7\u00e3o que vai culminar com a cerim\u00f4nia do juramento no final da tarde desta quinta-feira (6) no P\u00e1tio S\u00e3o D\u00e2maso, no Vaticano. O evento est\u00e1 marcado para \u00e0s 17h na It\u00e1lia (12h no hor\u00e1rio de Bras\u00edlia), sem p\u00fablico externo devido \u00e0s restri\u00e7\u00f5es da pandemia, mas novamente transmitido on-line \u2013 e com coment\u00e1rios em portugu\u00eas \u2013 pelo\u00a0<a href=\"https:\/\/schweizergarde.ch\/paepstliche-schweizergarde\/de\/ueber-uns\/?fbclid=IwAR0xBPxDmFmh0IH5ePyKKqdNGXSdz20AiXnl78t2mCeIq8H6R8paKSTT9OA\" target=\"_blank\" rel=\"external nofollow noopener\">site oficial da Guarda Su\u00ed\u00e7a<\/a>. A data \u00e9 hist\u00f3rica porque recorda a mem\u00f3ria de 147 soldados que perderam a vida em defesa do Papa Clemente VII, durante a invas\u00e3o e o saque a Roma pelos b\u00e1rbaros, em 1527.<\/p>\n<h2 style=\"text-align: justify;\">A audi\u00eancia com o Papa<\/h2>\n<p style=\"text-align: justify;\">Na audi\u00eancia especial com o Papa na Sala Clementina, no final da manh\u00e3 desta quinta-feira (6), Francisco se dirigiu a familiares, oficiais e membros do menor e mais antigo ex\u00e9rcito do mundo, fundado pelo Papa J\u00falio II em 1506, enaltecendo que \u201cos lugares onde os novos recrutas s\u00e3o chamados a servir est\u00e3o carregados de hist\u00f3ria\u201d. De fato, com a finalidade primordial de prestar servi\u00e7o ao Papa sendo respons\u00e1veis pela sua seguran\u00e7a pessoal, os soldados s\u00e3o encarregados de vigiar as entradas do Vaticano, participar das cerim\u00f4nias oficiais e visitas de Estado, al\u00e9m de custodiar o Col\u00e9gio Cardinal\u00edcio durante a S\u00e9 Vacante.<\/p>\n<p style=\"text-align: justify;\">Desde a cria\u00e7\u00e3o da\u00a0<a href=\"https:\/\/www.instagram.com\/guardiasvizzerapontificia\/\" target=\"_blank\" rel=\"external nofollow noopener\">Guarda Su\u00ed\u00e7a<\/a>, \u201cmuitos jovens realizaram com empenho e fidelidade aquela peculiar miss\u00e3o\u201d que continuam desempenhando at\u00e9 hoje: \u201calguns chegaram ao ponto de sacrificar a pr\u00f3pria vida para defender o Papa\u201d, lembrou Francisco. Al\u00e9m disso, o Pont\u00edfice falou do apre\u00e7o pelos jovens que optam \u201cpor dedicar alguns anos de suas vidas no generoso servi\u00e7o ao Sucessor de Pedro e \u00e0 comunidade eclesial\u201d.<\/p>\n<div style=\"text-align: justify;\">\n<div class=\"article__embed article__embed--border embed_style\">\n<blockquote><p>\u201cO Senhor \u00e0s vezes chama alguns de voc\u00eas a segui-lo no caminho do sacerd\u00f3cio ou da vida consagrada, encontrando um terreno dispon\u00edvel cultivado precisamente durante o tempo de servi\u00e7o na Guarda. Outros, entretanto, seguem a voca\u00e7\u00e3o conjugal e formam uma pr\u00f3pria fam\u00edlia. Agrade\u00e7o com voc\u00eas ao Senhor, fonte de todo bem, pelos v\u00e1rios dons e voca\u00e7\u00f5es que Ele lhes confia, e rezo para que aqueles que agora est\u00e3o come\u00e7ando o servi\u00e7o possam responder plenamente ao chamado de Cristo, seguindo-o com fiel generosidade.\u201d<\/p><\/blockquote>\n<\/div>\n<\/div>\n<h2 style=\"text-align: justify;\">A Guarda Su\u00ed\u00e7a e os peregrinos<\/h2>\n<p style=\"text-align: justify;\">O Papa Francisco tamb\u00e9m disse apreciar a \u201ccapacidade de combinar os aspectos profissionais e aqueles espirituais, expressando assim a devo\u00e7\u00e3o e fidelidade \u00e0 S\u00e9 Apost\u00f3lica\u201d. O desejo, enfim, do Pont\u00edfice para que os novos recrutas aproveitem o novo per\u00edodo dentro da\u00a0<a href=\"https:\/\/www.facebook.com\/GSP1506\/\" target=\"_blank\" rel=\"external nofollow noopener\">Guarda Su\u00ed\u00e7a<\/a>\u00a0para aprofundar \u201ca f\u00e9 e um amor ainda mais forte pela Igreja\u201d, refletidos no contato com os turistas que chegam no Vaticano:<\/p>\n<div>\n<div class=\"article__embed article__embed--border embed_style\">\n<blockquote><p>\u201cOs peregrinos e turistas que v\u00eam a Roma t\u00eam a oportunidade de experimentar a cortesia e a disponibilidade dos guardas nas diversas entradas da Cidade do Vaticano. Nunca se esque\u00e7am dessas qualidades que representam um belo testemunho e s\u00e3o um sinal de acolhimento da Igreja.\u201d<\/p><\/blockquote>\n<\/div>\n<\/div>\n<\/div>\n","protected":false},"excerpt":{"rendered":"<p>Por tr\u00e1s do uniforme e das bandeiras, um s\u00edmbolo do Vaticano, a Guarda Su\u00ed\u00e7a Pontif\u00edcia protege o Papa desde 1506 e anualmente recruta novos soldados. Nesta quinta-feira (6), 34 deles v\u00e3o prestar juramento para atuar em defesa do Pont\u00edfice. Durante uma audi\u00eancia especial com eles, Francisco descreveu o servi\u00e7o que ir\u00e3o prestar, com devo\u00e7\u00e3o e [&hellip;]<\/p>\n","protected":false},"author":1,"featured_media":67374,"comment_status":"open","ping_status":"closed","sticky":false,"template":"","format":"standard","meta":{"footnotes":""},"categories":[3],"tags":[],"class_list":["post-67373","post","type-post","status-publish","format-standard","has-post-thumbnail","hentry","category-vaticano"],"_links":{"self":[{"href":"https:\/\/catolicanet.net\/wp-cnet\/wp-json\/wp\/v2\/posts\/67373","targetHints":{"allow":["GET"]}}],"collection":[{"href":"https:\/\/catolicanet.net\/wp-cnet\/wp-json\/wp\/v2\/posts"}],"about":[{"href":"https:\/\/catolicanet.net\/wp-cnet\/wp-json\/wp\/v2\/types\/post"}],"author":[{"embeddable":true,"href":"https:\/\/catolicanet.net\/wp-cnet\/wp-json\/wp\/v2\/users\/1"}],"replies":[{"embeddable":true,"href":"https:\/\/catolicanet.net\/wp-cnet\/wp-json\/wp\/v2\/comments?post=67373"}],"version-history":[{"count":1,"href":"https:\/\/catolicanet.net\/wp-cnet\/wp-json\/wp\/v2\/posts\/67373\/revisions"}],"predecessor-version":[{"id":67375,"href":"https:\/\/catolicanet.net\/wp-cnet\/wp-json\/wp\/v2\/posts\/67373\/revisions\/67375"}],"wp:featuredmedia":[{"embeddable":true,"href":"https:\/\/catolicanet.net\/wp-cnet\/wp-json\/wp\/v2\/media\/67374"}],"wp:attachment":[{"href":"https:\/\/catolicanet.net\/wp-cnet\/wp-json\/wp\/v2\/media?parent=67373"}],"wp:term":[{"taxonomy":"category","embeddable":true,"href":"https:\/\/catolicanet.net\/wp-cnet\/wp-json\/wp\/v2\/categories?post=67373"},{"taxonomy":"post_tag","embeddable":true,"href":"https:\/\/catolicanet.net\/wp-cnet\/wp-json\/wp\/v2\/tags?post=67373"}],"curies":[{"name":"wp","href":"https:\/\/api.w.org\/{rel}","templated":true}]}}