{"id":67351,"date":"2021-05-05T09:32:10","date_gmt":"2021-05-05T12:32:10","guid":{"rendered":"https:\/\/catolicanet.net\/wp-cnet\/?p=67351"},"modified":"2021-05-05T11:37:11","modified_gmt":"2021-05-05T14:37:11","slug":"audiencia-geral-papa-relanca-convite-para-rezar-o-terco","status":"publish","type":"post","link":"https:\/\/catolicanet.net\/wp-cnet\/audiencia-geral-papa-relanca-convite-para-rezar-o-terco\/","title":{"rendered":"Audi\u00eancia Geral, Papa relan\u00e7a convite para rezar o Ter\u00e7o"},"content":{"rendered":"<div class=\"article__subTitle\" style=\"text-align: justify;\">No final de sua catequese de quarta-feira, Francisco convidou novamente os fi\u00e9is a aderirem \u00e0 iniciativa de ora\u00e7\u00e3o que, durante todo o m\u00eas de maio, une 30 santu\u00e1rios marianos do mundo.<\/div>\n<div class=\"title__separator\" style=\"text-align: justify;\"><\/div>\n<div class=\"article__text \">\n<p style=\"text-align: justify;\"><b>Debora Donnini\/Mariangela Jaguraba \u2013 Vatican News<\/b><\/p>\n<p style=\"text-align: justify;\">&#8220;Cada um de n\u00f3s recorre \u00e0 m\u00e3e quando estamos em necessidade ou em dificuldade.&#8221; No final de sua catequese desta quarta-feira, 4 de maio, o Papa Francisco exortou as pessoas a aderirem \u00e0 &#8220;maratona&#8221; de ora\u00e7\u00e3o do Ter\u00e7o a fim de invocar o fim da pandemia da Covid-19:<\/p>\n<p style=\"text-align: justify;\"><i>Guiados pelos Santu\u00e1rios espalhados no mundo, neste m\u00eas de maio rezemos o Ter\u00e7o para invocar o fim da pandemia e a retomada das atividades sociais e profissionais. Hoje, o santu\u00e1rio da Bem-aventurada Virgem do Ros\u00e1rio em Namyang, na Coreia do Sul, conduz esta ora\u00e7\u00e3o mariana. Vamos nos unir aos que est\u00e3o reunidos neste santu\u00e1rio, rezando especialmente pelas crian\u00e7as e adolescentes.<\/i><\/p>\n<div style=\"text-align: justify;\">\n<div class=\"article__embed article__embed--unwrap article__embed--dark\">\n<div class=\"article__innerTitle\">Ou\u00e7a e compartilhe<\/div>\n<div>\n<!--[if lt IE 9]><script>document.createElement('audio');<\/script><![endif]-->\n<audio class=\"wp-audio-shortcode\" id=\"audio-67351-1\" preload=\"none\" style=\"width: 100%;\" controls=\"controls\"><source type=\"audio\/mpeg\" src=\"https:\/\/media.vaticannews.va\/media\/audio\/s1\/2021\/05\/05\/14\/136037147_F136037147.mp3?_=1\" \/><a href=\"https:\/\/media.vaticannews.va\/media\/audio\/s1\/2021\/05\/05\/14\/136037147_F136037147.mp3\">https:\/\/media.vaticannews.va\/media\/audio\/s1\/2021\/05\/05\/14\/136037147_F136037147.mp3<\/a><\/audio>\n<\/div>\n<\/div>\n<\/div>\n<p style=\"text-align: justify;\">Cada dia do m\u00eas de maio, um dos 30 santu\u00e1rios que aderiram \u00e0 iniciativa de ora\u00e7\u00e3o guia a ora\u00e7\u00e3o do Ter\u00e7o: da Nig\u00e9ria \u00e0 Terra Santa, da Argentina \u00e0 Austr\u00e1lia. Uma ora\u00e7\u00e3o que atravessa os cinco continentes, iniciada no dia 1\u00ba de maio e que se encerrar\u00e1 no dia 31 pelo Papa Francisco no Vaticano. Uma ora\u00e7\u00e3o que percorre o mundo h\u00e1 s\u00e9culos, e que percorre o mundo h\u00e1 mais de um ano com o v\u00edrus que at\u00e9 agora causou mais de 3 milh\u00f5es de mortos, 150 milh\u00f5es de infectados, paralisou ou retardou as economias e o trabalho, mostrando a vulnerabilidade e a interconex\u00e3o, e marca uma mudan\u00e7a de \u00e9poca. Portanto, uma crise. E das crises, como o Papa nos lembrou muitas vezes, sai-se melhor ou pior, mas nunca do mesmo jeito.<\/p>\n<h2 style=\"text-align: justify;\">Unir-se \u00e0 S\u00faplica de Pompeia<\/h2>\n<p style=\"text-align: justify;\">No dia 30 de maio, o Ter\u00e7o ser\u00e1 rezado de Pompeia, cora\u00e7\u00e3o da difus\u00e3o desta ora\u00e7\u00e3o mariana com o ap\u00f3stolo do Ros\u00e1rio, Bartolo Longo. Em sua sauda\u00e7\u00e3o aos fi\u00e9is de l\u00edngua italiana, o Papa os exortou a se unirem espiritualmente \u00e0 S\u00faplica a Nossa Senhora do Ros\u00e1rio, que ser\u00e1 realizada no pr\u00f3ximo s\u00e1bado, 8 de maio, ao meio-dia, no Santu\u00e1rio de Pompeia. Em sua sauda\u00e7\u00e3o aos fi\u00e9is de outras l\u00ednguas, Francisco sublinhou a a\u00e7\u00e3o da Virgem Maria. Em particular, quando dirigiu sua sauda\u00e7\u00e3o aos fi\u00e9is de l\u00edngua polonesa, o Papa lembrou sua tradi\u00e7\u00e3o:<\/p>\n<p style=\"text-align: justify;\"><i>Segundo a tradi\u00e7\u00e3o de seus pais, voc\u00eas se re\u00fanem nas igrejas, nas casas e tamb\u00e9m diante das imagens e est\u00e1tuas da M\u00e3e de Deus, colocadas nas pra\u00e7as, no cruzamento das ruas e nas capelas dom\u00e9sticas, para contemplar sua beleza, amor e bondade. Que a Virgem Imaculada, liberte a humanidade do drama da pandemia e guie seu pa\u00eds e suas fam\u00edlias rumo a seu Filho, Jesus Cristo.<\/i><\/p>\n<h2 style=\"text-align: justify;\">Uma &#8220;corrida de revezamento&#8221; da f\u00e9<\/h2>\n<p style=\"text-align: justify;\">H\u00e1 uma forte devo\u00e7\u00e3o \u00e0 Virgem atrav\u00e9s desta ora\u00e7\u00e3o que durante s\u00e9culos se elevou dos l\u00e1bios dos crist\u00e3os para a M\u00e3e celestial invocada em privado e nos santu\u00e1rios do mundo que no ano passado, em 2020, se conectaram, na tarde de 30 de maio, para rezar o ter\u00e7o com o Papa diante da Gruta de Lourdes, nos Jardins Vaticanos. Este ano, 30 desses lugares marianos de ora\u00e7\u00e3o conduzir\u00e3o a invoca\u00e7\u00e3o \u00e0 Virgem, participando da iniciativa &#8220;De toda a Igreja subia incessantemente a ora\u00e7\u00e3o a Deus&#8221;, promovida pelo Pontif\u00edcio Conselho para a Promo\u00e7\u00e3o da Nova Evangeliza\u00e7\u00e3o. De cada santu\u00e1rio ser\u00e1 feita uma inten\u00e7\u00e3o particular para uma ou mais categorias de pessoas mais afetadas pelo coronav\u00edrus. Neste m\u00eas, o mundo ser\u00e1 envolvido numa cadeia de f\u00e9 e esperan\u00e7a com os olhos voltados para a M\u00e3e a quem buscamos ref\u00fagio.<\/p>\n<\/div>\n","protected":false},"excerpt":{"rendered":"<p>No final de sua catequese de quarta-feira, Francisco convidou novamente os fi\u00e9is a aderirem \u00e0 iniciativa de ora\u00e7\u00e3o que, durante todo o m\u00eas de maio, une 30 santu\u00e1rios marianos do mundo. Debora Donnini\/Mariangela Jaguraba \u2013 Vatican News &#8220;Cada um de n\u00f3s recorre \u00e0 m\u00e3e quando estamos em necessidade ou em dificuldade.&#8221; No final de sua [&hellip;]<\/p>\n","protected":false},"author":1,"featured_media":67352,"comment_status":"open","ping_status":"closed","sticky":false,"template":"","format":"standard","meta":{"footnotes":""},"categories":[3],"tags":[],"class_list":["post-67351","post","type-post","status-publish","format-standard","has-post-thumbnail","hentry","category-vaticano"],"_links":{"self":[{"href":"https:\/\/catolicanet.net\/wp-cnet\/wp-json\/wp\/v2\/posts\/67351","targetHints":{"allow":["GET"]}}],"collection":[{"href":"https:\/\/catolicanet.net\/wp-cnet\/wp-json\/wp\/v2\/posts"}],"about":[{"href":"https:\/\/catolicanet.net\/wp-cnet\/wp-json\/wp\/v2\/types\/post"}],"author":[{"embeddable":true,"href":"https:\/\/catolicanet.net\/wp-cnet\/wp-json\/wp\/v2\/users\/1"}],"replies":[{"embeddable":true,"href":"https:\/\/catolicanet.net\/wp-cnet\/wp-json\/wp\/v2\/comments?post=67351"}],"version-history":[{"count":1,"href":"https:\/\/catolicanet.net\/wp-cnet\/wp-json\/wp\/v2\/posts\/67351\/revisions"}],"predecessor-version":[{"id":67353,"href":"https:\/\/catolicanet.net\/wp-cnet\/wp-json\/wp\/v2\/posts\/67351\/revisions\/67353"}],"wp:featuredmedia":[{"embeddable":true,"href":"https:\/\/catolicanet.net\/wp-cnet\/wp-json\/wp\/v2\/media\/67352"}],"wp:attachment":[{"href":"https:\/\/catolicanet.net\/wp-cnet\/wp-json\/wp\/v2\/media?parent=67351"}],"wp:term":[{"taxonomy":"category","embeddable":true,"href":"https:\/\/catolicanet.net\/wp-cnet\/wp-json\/wp\/v2\/categories?post=67351"},{"taxonomy":"post_tag","embeddable":true,"href":"https:\/\/catolicanet.net\/wp-cnet\/wp-json\/wp\/v2\/tags?post=67351"}],"curies":[{"name":"wp","href":"https:\/\/api.w.org\/{rel}","templated":true}]}}