{"id":67337,"date":"2021-05-03T09:32:58","date_gmt":"2021-05-03T12:32:58","guid":{"rendered":"https:\/\/catolicanet.net\/wp-cnet\/?p=67337"},"modified":"2021-05-04T10:33:56","modified_gmt":"2021-05-04T13:33:56","slug":"orai-por-nos","status":"publish","type":"post","link":"https:\/\/catolicanet.net\/wp-cnet\/orai-por-nos\/","title":{"rendered":"ORAI POR N\u00d3S"},"content":{"rendered":"<p style=\"text-align: justify;\">\u00a0\u00a0\u00a0\u00a0\u00a0\u00a0\u00a0\u00a0\u00a0\u00a0\u00a0 Maio deveria mudar de nome: m\u00eas da Maioria&#8230; Maio, Maria, maioria. A grande maioria de cat\u00f3licos no mundo j\u00e1 aprendeu a associar o m\u00eas ao nome suave, sonoro e sempre consolador de Maria, m\u00e3e de todos n\u00f3s, m\u00e3e do Filho de Deus. Mas esse maio dif\u00edcil e assustador que estamos iniciando em nada nos parece simp\u00e1tico ao nome a ele vinculado. Um filme com o sugestivo t\u00edtulo do clamor humano (Orai por n\u00f3s!) que estreou na \u00faltima sexta feira santa no seu pa\u00eds de origem, chega ao Brasil neste m\u00eas, com promessa de estreia no pr\u00f3ximo dia 20. Nada seria t\u00e3o tr\u00e1gico n\u00e3o fosse o enredo provocativo de mais uma sat\u00e2nica produ\u00e7\u00e3o cinematogr\u00e1fica, tentando enlamear a beleza da f\u00e9 crist\u00e3. Maria, nesta pel\u00edcula que se diz art\u00edstica, \u00e9 apresentada com a face demon\u00edaca a exibir sua pureza maternal, enquanto dissimula seu outro lado para enganar a f\u00e9 do povo. Maria seria o ant\u00eddoto de seu Filho, um engodo espiritual para desviar aqueles que o \u201cbendito fruto do seu ventre\u201d foi capaz de atrair. O outro lado da moeda da f\u00e9 libertadora, apregoada por Jesus.<\/p>\n<p style=\"text-align: justify;\">\u00a0\u00a0\u00a0\u00a0\u00a0\u00a0\u00a0\u00a0\u00a0\u00a0\u00a0 Mas de mentiras e fic\u00e7\u00f5es ardilosas j\u00e1 estamos fartos. A hist\u00f3ria de uma falsa e demon\u00edaca apari\u00e7\u00e3o da Virgem Maria, produzido pela mente f\u00e9rtil de um descrente, Sam Raimi, na verdade \u00e9 mais uma tentativa frustrada de sucesso \u00e0s custas da f\u00e9 crist\u00e3. Essa fic\u00e7\u00e3o sobre suposta apari\u00e7\u00e3o mariana nos prova apenas que o Dem\u00f4nio age esporadicamente nos limites da realidade temporal, mas n\u00e3o pode realizar obras sobrenaturais, pois neste campo a mentira n\u00e3o tem vez, nem voz. Gra\u00e7as a Deus! Mas, para evitar confus\u00e3o, \u00e9 bom alertar previamente os incautos e desavisados, para que n\u00e3o se deixem instrumentalizar por argumentos t\u00e3o vazios da l\u00f3gica crist\u00e3.<\/p>\n<p style=\"text-align: justify;\">\u00a0\u00a0\u00a0\u00a0\u00a0\u00a0\u00a0\u00a0\u00a0\u00a0\u00a0 Um personagem do filme bem o afirma: \u201cQuando Deus constr\u00f3i uma Igreja, o Dem\u00f4nio constr\u00f3i uma capela ao lado\u201d. Que este continue em sua triste e desastrosa sina, pois daqui de nosso mundinho sofrido e pressionado por tantas mazelas, ainda soa o canto constante registrado desde o in\u00edcio da nossa f\u00e9: \u201cDe toda a Igreja subia incessantemente a ora\u00e7\u00e3o da Deus\u201d (At 12,5). Somente esse \u201cfilme\u201d, o brado da nossa f\u00e9, nos interessa agora. O brado incessante ao Senhor e o clamor popular que elevamos a Maria, em especial neste m\u00eas consagrado \u00e0 sua devo\u00e7\u00e3o. Papa Francisco, aos p\u00e9s de uma imagem de Nossa Senhora do Socorro, na Capela Gregoriana do Vaticano, deu in\u00edcio neste m\u00eas a trinta dias de ora\u00e7\u00f5es pela intercess\u00e3o de Maria para que Deus nos livre desses dias febris e pand\u00eamicos.<\/p>\n<p style=\"text-align: justify;\">\u00a0\u00a0\u00a0\u00a0\u00a0\u00a0\u00a0\u00a0\u00a0\u00a0\u00a0 Mais uma vez a Igreja refor\u00e7a sua devo\u00e7\u00e3o e cren\u00e7a na intercess\u00e3o mariana. Quantas vezes ouvimos ou proclamamos essa verdade: pe\u00e7a \u00e0 M\u00e3e que o Filho atende? Pois o Papa refor\u00e7a agora essa media\u00e7\u00e3o sacrossanta da M\u00e3e dos homens junto aos tribunais divinos. \u00c9 hora de unidade ao redor da M\u00e3e, de confian\u00e7a plena, n\u00e3o nega\u00e7\u00e3o do que vimos e testemunhamos at\u00e9 aqui, independente de qualquer a\u00e7\u00e3o demon\u00edaca que minasse nossa f\u00e9, nossa devo\u00e7\u00e3o mariana. N\u00e3o caiamos nesse buraco negro da nega\u00e7\u00e3o da f\u00e9, do negacionismo das doen\u00e7as e tribula\u00e7\u00f5es que bem sentimos, de qualquer outra incerteza ou inseguran\u00e7a que coloque em d\u00favidas as for\u00e7as espirituais que nos protegem. Vamos, sim, continuar clamando. Neste aben\u00e7oado m\u00eas de Maria trinta santu\u00e1rios marianos ao redor do mundo estar\u00e3o rezando, diariamente, (um a cada dia) o santo Ros\u00e1rio, para que nossa M\u00e3e interceda. Papa Francisco saiu \u00e0 frente<\/p>\n<p style=\"text-align: justify;\">\u00a0\u00a0\u00a0\u00a0\u00a0\u00a0\u00a0\u00a0\u00a0\u00a0\u00a0 \u201cMae do Socorro, acolhei-nos sob o vosso manto e protegei-nos, sustentai-nos na hora da prova\u00e7\u00e3o e acendei em nossos cora\u00e7\u00f5es a luz da esperan\u00e7a pelo futuro\u201d, clamou o Santo Padre. N\u00e3o \u00e9 essa a ora\u00e7\u00e3o da maioria?<\/p>\n","protected":false},"excerpt":{"rendered":"<p>\u00a0\u00a0\u00a0\u00a0\u00a0\u00a0\u00a0\u00a0\u00a0\u00a0\u00a0 Maio deveria mudar de nome: m\u00eas da Maioria&#8230; Maio, Maria, maioria. A grande maioria de cat\u00f3licos no mundo j\u00e1 aprendeu a associar o m\u00eas ao nome suave, sonoro e sempre consolador de Maria, m\u00e3e de todos n\u00f3s, m\u00e3e do Filho de Deus. Mas esse maio dif\u00edcil e assustador que estamos iniciando em nada nos [&hellip;]<\/p>\n","protected":false},"author":17,"featured_media":55826,"comment_status":"open","ping_status":"closed","sticky":false,"template":"","format":"standard","meta":{"footnotes":""},"categories":[9],"tags":[],"class_list":["post-67337","post","type-post","status-publish","format-standard","has-post-thumbnail","hentry","category-artigos"],"_links":{"self":[{"href":"https:\/\/catolicanet.net\/wp-cnet\/wp-json\/wp\/v2\/posts\/67337","targetHints":{"allow":["GET"]}}],"collection":[{"href":"https:\/\/catolicanet.net\/wp-cnet\/wp-json\/wp\/v2\/posts"}],"about":[{"href":"https:\/\/catolicanet.net\/wp-cnet\/wp-json\/wp\/v2\/types\/post"}],"author":[{"embeddable":true,"href":"https:\/\/catolicanet.net\/wp-cnet\/wp-json\/wp\/v2\/users\/17"}],"replies":[{"embeddable":true,"href":"https:\/\/catolicanet.net\/wp-cnet\/wp-json\/wp\/v2\/comments?post=67337"}],"version-history":[{"count":1,"href":"https:\/\/catolicanet.net\/wp-cnet\/wp-json\/wp\/v2\/posts\/67337\/revisions"}],"predecessor-version":[{"id":67338,"href":"https:\/\/catolicanet.net\/wp-cnet\/wp-json\/wp\/v2\/posts\/67337\/revisions\/67338"}],"wp:featuredmedia":[{"embeddable":true,"href":"https:\/\/catolicanet.net\/wp-cnet\/wp-json\/wp\/v2\/media\/55826"}],"wp:attachment":[{"href":"https:\/\/catolicanet.net\/wp-cnet\/wp-json\/wp\/v2\/media?parent=67337"}],"wp:term":[{"taxonomy":"category","embeddable":true,"href":"https:\/\/catolicanet.net\/wp-cnet\/wp-json\/wp\/v2\/categories?post=67337"},{"taxonomy":"post_tag","embeddable":true,"href":"https:\/\/catolicanet.net\/wp-cnet\/wp-json\/wp\/v2\/tags?post=67337"}],"curies":[{"name":"wp","href":"https:\/\/api.w.org\/{rel}","templated":true}]}}