{"id":67295,"date":"2021-04-30T10:30:27","date_gmt":"2021-04-30T13:30:27","guid":{"rendered":"https:\/\/catolicanet.net\/wp-cnet\/?p=67295"},"modified":"2021-04-30T22:57:28","modified_gmt":"2021-05-01T01:57:28","slug":"o-papa-por-uma-igreja-pobre-com-e-para-os-pobres","status":"publish","type":"post","link":"https:\/\/catolicanet.net\/wp-cnet\/o-papa-por-uma-igreja-pobre-com-e-para-os-pobres\/","title":{"rendered":"O Papa: \u201cPor uma Igreja pobre com e para os pobres\u201d"},"content":{"rendered":"<div class=\"article__subTitle\" style=\"text-align: justify;\">\u201cAtrav\u00e9s de suas iniciativas voc\u00eas tornam vis\u00edvel uma Igreja pobre com e para os pobres, uma Igreja em sa\u00edda que est\u00e1 pr\u00f3xima das pessoas em situa\u00e7\u00f5es de sofrimento, precariedade, marginaliza\u00e7\u00e3o e exclus\u00e3o\u201d. S\u00e3o palavras do Papa Francisco \u00e0 delega\u00e7\u00e3o da Fraternidade pol\u00edtica da Comunidade \u201cChemin Neuf\u201d da Fran\u00e7a<\/div>\n<div class=\"title__separator\" style=\"text-align: justify;\"><\/div>\n<div class=\"article__text \">\n<p style=\"text-align: justify;\"><b>Jane Nogara &#8211; Vatican News<\/b><\/p>\n<p style=\"text-align: justify;\">Na manh\u00e3 desta sexta-feira (30) o Papa Francisco recebeu uma delega\u00e7\u00e3o da Fraternidade Pol\u00edtica da Comunidade \u201cChemin Neuf\u201d da Fran\u00e7a. Comunidade formada por um corpo apost\u00f3lico que compartilha a espiritualidade inaciana e Carism\u00e1tica, as suas miss\u00f5es e a vida fraterna.<\/p>\n<p style=\"text-align: justify;\">O Santo Padre iniciou seu discurso agradecendo a presen\u00e7a de todos \u201capesar da pandemia\u201d e agradecendo ao Senhor pela obra do seu Esp\u00edrito, \u201cq<i>ue se manifesta no seu caminho humano e espiritual a servi\u00e7o do bem comum e dos pobres, caminho que se realiza rejeitando a mis\u00e9ria e trabalhando por um mundo mais justo e fraterno<\/i>\u201d. Depois de recordar um trecho da Exorta\u00e7\u00e3o Apost\u00f3lica\u00a0<i>Christus vivit<\/i>\u00a0que afirma que \u201c<i>a voca\u00e7\u00e3o laical \u00e9, antes de mais nada, a caridade na fam\u00edlia, a caridade social e caridade pol\u00edtica: \u00e9 um compromisso concreto nascido da f\u00e9 para a constru\u00e7\u00e3o duma sociedade nova, \u00e9 viver no meio do mundo e da sociedade para evangelizar as suas diversas inst\u00e2ncias, fazer crescer a paz, a conviv\u00eancia, a justi\u00e7a, os direitos humanos, a miseric\u00f3rdia, e assim estender o Reino de Deus no mundo<\/i>\u201d o Papa afirmou:<\/p>\n<div style=\"text-align: justify;\">\n<div class=\"article__embed article__embed--border embed_style\">\n<blockquote><p>\u201c\u00c9 justamente nesta din\u00e2mica que voc\u00eas caminham, com uma abertura ecum\u00eanica e um cora\u00e7\u00e3o disposto a acolher diferentes culturas e tradi\u00e7\u00f5es, a fim de transformar o rosto da nossa sociedade\u201d<\/p><\/blockquote>\n<\/div>\n<\/div>\n<h2 style=\"text-align: justify;\"><b>Igreja com e para os pobres<\/b><\/h2>\n<p style=\"text-align: justify;\">E encorajou os presentes:<\/p>\n<div style=\"text-align: justify;\">\n<div class=\"article__embed article__embed--border embed_style\">\n<blockquote><p>\u201cCaros amigos, eu os encorajo a n\u00e3o ter medo de percorrer os caminhos da fraternidade e de construir pontes entre as pessoas, entre os povos, em um mundo onde tantos muros ainda est\u00e3o sendo constru\u00eddos por medo dos outros. Atrav\u00e9s de suas iniciativas, seus projetos e suas atividades, voc\u00eas tornam vis\u00edvel uma Igreja pobre com e para os pobres, uma Igreja em sa\u00edda que est\u00e1 pr\u00f3xima das pessoas em situa\u00e7\u00f5es de sofrimento, precariedade, marginaliza\u00e7\u00e3o e exclus\u00e3o\u201d<\/p><\/blockquote>\n<\/div>\n<\/div>\n<h2 style=\"text-align: justify;\"><b>Convers\u00e3o ecol\u00f3gica<\/b><\/h2>\n<p style=\"text-align: justify;\">Ao recordar a presen\u00e7a de tantos jovens na comunidade o Pont\u00edfice disse:<\/p>\n<div style=\"text-align: justify;\">\n<div class=\"article__embed article__embed--border embed_style\">\n<blockquote><p>\u201cCom os jovens da sua comunidade, hoje mais do que nunca, voc\u00eas enfrentam desafios nos quais a sa\u00fade de nossa casa comum est\u00e1 em jogo. Trata-se verdadeiramente uma convers\u00e3o ecol\u00f3gica que reconhece a eminente dignidade de cada pessoa, seu pr\u00f3prio valor, criatividade e capacidade de buscar e promover o bem comum\u201d<\/p><\/blockquote>\n<\/div>\n<\/div>\n<p style=\"text-align: justify;\">Reiterando mais uma vez:<\/p>\n<p style=\"text-align: justify;\">&#8220;<i>O que estamos vivendo atualmente com a pandemia nos ensina em termos concretos que estamos todos no mesmo barco e que s\u00f3 podemos superar as dificuldades se concordarmos em trabalhar juntos<\/i>\u201d.<\/p>\n<h2 style=\"text-align: justify;\"><b>Compreender e conhecer os migrantes<\/b><\/h2>\n<p style=\"text-align: justify;\">E pediu para que reflitam sobre um aspecto particular da nossa vida comum:\u00a0\u201c<i>a presen\u00e7a de migrantes e de seu acolhimento na Europa de hoje. De fato, sabe-se que, quando falamos de migrantes e pessoas deslocadas com muita frequ\u00eancia, citamos n\u00fameros. Mas n\u00e3o se trata de n\u00fameros, trata-se de pessoas! Se os encontrarmos, vamos conhec\u00ea-los. E conhecendo suas hist\u00f3rias seremos capazes de os compreender<\/i>\u201d.<\/p>\n<p style=\"text-align: justify;\">Por fim o Papa saudou a delega\u00e7\u00e3o presente com estas palavras:<\/p>\n<p style=\"text-align: justify;\">\u201c<i>Caros amigos, convido-os a permanecerem firmes em suas convic\u00e7\u00f5es e em sua f\u00e9. Nunca esque\u00e7am que Cristo est\u00e1 vivo e que ele o chama para caminhar corajosamente com ele. Com Ele, seja aquela chama que reaviva a esperan\u00e7a no cora\u00e7\u00e3o de tantos jovens desanimados, tristes e sem perspectivas. Que voc\u00eas possam gerar la\u00e7os de amizade, de partilha fraterna, para um mundo melhor. O Senhor conta com sua ousadia, sua coragem e seu entusiasmo<\/i>\u201d.<\/p>\n<p style=\"text-align: justify;\">&#8220;<i>Confio cada um de voc\u00eas e suas fam\u00edlias, assim como os membros de sua Fraternidade e todos os jovens que voc\u00eas encontram \u00e0 intercess\u00e3o da Virgem Maria e \u00e0 prote\u00e7\u00e3o de Santo In\u00e1cio. Aben\u00e7oo a todos do meu cora\u00e7\u00e3o. Por favor, n\u00e3o se esque\u00e7am de rezar por mim<\/i>&#8220;.<\/p>\n<\/div>\n","protected":false},"excerpt":{"rendered":"<p>\u201cAtrav\u00e9s de suas iniciativas voc\u00eas tornam vis\u00edvel uma Igreja pobre com e para os pobres, uma Igreja em sa\u00edda que est\u00e1 pr\u00f3xima das pessoas em situa\u00e7\u00f5es de sofrimento, precariedade, marginaliza\u00e7\u00e3o e exclus\u00e3o\u201d. S\u00e3o palavras do Papa Francisco \u00e0 delega\u00e7\u00e3o da Fraternidade pol\u00edtica da Comunidade \u201cChemin Neuf\u201d da Fran\u00e7a Jane Nogara &#8211; Vatican News Na manh\u00e3 [&hellip;]<\/p>\n","protected":false},"author":1,"featured_media":67297,"comment_status":"open","ping_status":"closed","sticky":false,"template":"","format":"standard","meta":{"footnotes":""},"categories":[13,3],"tags":[],"class_list":["post-67295","post","type-post","status-publish","format-standard","has-post-thumbnail","hentry","category-featured","category-vaticano"],"_links":{"self":[{"href":"https:\/\/catolicanet.net\/wp-cnet\/wp-json\/wp\/v2\/posts\/67295","targetHints":{"allow":["GET"]}}],"collection":[{"href":"https:\/\/catolicanet.net\/wp-cnet\/wp-json\/wp\/v2\/posts"}],"about":[{"href":"https:\/\/catolicanet.net\/wp-cnet\/wp-json\/wp\/v2\/types\/post"}],"author":[{"embeddable":true,"href":"https:\/\/catolicanet.net\/wp-cnet\/wp-json\/wp\/v2\/users\/1"}],"replies":[{"embeddable":true,"href":"https:\/\/catolicanet.net\/wp-cnet\/wp-json\/wp\/v2\/comments?post=67295"}],"version-history":[{"count":1,"href":"https:\/\/catolicanet.net\/wp-cnet\/wp-json\/wp\/v2\/posts\/67295\/revisions"}],"predecessor-version":[{"id":67298,"href":"https:\/\/catolicanet.net\/wp-cnet\/wp-json\/wp\/v2\/posts\/67295\/revisions\/67298"}],"wp:featuredmedia":[{"embeddable":true,"href":"https:\/\/catolicanet.net\/wp-cnet\/wp-json\/wp\/v2\/media\/67297"}],"wp:attachment":[{"href":"https:\/\/catolicanet.net\/wp-cnet\/wp-json\/wp\/v2\/media?parent=67295"}],"wp:term":[{"taxonomy":"category","embeddable":true,"href":"https:\/\/catolicanet.net\/wp-cnet\/wp-json\/wp\/v2\/categories?post=67295"},{"taxonomy":"post_tag","embeddable":true,"href":"https:\/\/catolicanet.net\/wp-cnet\/wp-json\/wp\/v2\/tags?post=67295"}],"curies":[{"name":"wp","href":"https:\/\/api.w.org\/{rel}","templated":true}]}}