{"id":67279,"date":"2021-04-27T11:46:11","date_gmt":"2021-04-27T14:46:11","guid":{"rendered":"https:\/\/catolicanet.net\/wp-cnet\/?p=67279"},"modified":"2021-04-27T17:47:24","modified_gmt":"2021-04-27T20:47:24","slug":"pastoral-juvenil-prepara-ii-edicao-do-integra-encontro-nacional-de-membros-do-setor-diocesano-de-juventude","status":"publish","type":"post","link":"https:\/\/catolicanet.net\/wp-cnet\/pastoral-juvenil-prepara-ii-edicao-do-integra-encontro-nacional-de-membros-do-setor-diocesano-de-juventude\/","title":{"rendered":"PASTORAL JUVENIL PREPARA II EDI\u00c7\u00c3O DO INTEGRA \u2013 ENCONTRO NACIONAL DE MEMBROS DO SETOR DIOCESANO DE JUVENTUDE"},"content":{"rendered":"<p style=\"text-align: justify;\">Est\u00e3o abertas as inscri\u00e7\u00f5es para o\u00a0<strong>II Encontro Nacional de membros do Setor Diocesano de Juventude<\/strong>, o\u00a0<strong>INTEGRA<\/strong>. A\u00a0proposta para 2021 \u00e9 vivenciar\u00a0momentos de partilha, testemunhos e momentos formativos.\u00a0O INTEGRA ir\u00e1 acontecer no dia\u00a022 de maio,\u00a0pelo\u00a0<a href=\"http:\/\/youtube.com\/jovensconectados\" target=\"_blank\" rel=\"noopener\" data-rel=\"lightbox-video-0\">Youtube<\/a>, das 14h30 \u00e0s 16h e das 19h30 \u00e0s 21h. Com o tema:\u00a0<em>\u201cPlenamente tu mesmo\u201d\u00a0<\/em>(CV 107), inspirado na exorta\u00e7\u00e3o apost\u00f3lica p\u00f3s-sinodal\u00a0<em>Christus Vivit<\/em>, o encontro \u00e9 um convite para que os jovens vivam com autenticidade, confiantes no Amor de Deus e na a\u00e7\u00e3o do Esp\u00edrito Santo.<\/p>\n<p style=\"text-align: justify;\"><img loading=\"lazy\" decoding=\"async\" class=\"wp-image-68445 alignleft lazyloaded\" src=\"https:\/\/jovensconectados.org.br\/wp-content\/uploads\/2021\/04\/F1.png\" sizes=\"auto, (max-width: 471px) 100vw, 471px\" srcset=\"https:\/\/jovensconectados.org.br\/wp-content\/uploads\/2021\/04\/F1.png 1584w, https:\/\/jovensconectados.org.br\/wp-content\/uploads\/2021\/04\/F1-355x450.png 355w, https:\/\/jovensconectados.org.br\/wp-content\/uploads\/2021\/04\/F1-807x1024.png 807w, https:\/\/jovensconectados.org.br\/wp-content\/uploads\/2021\/04\/F1-768x974.png 768w, https:\/\/jovensconectados.org.br\/wp-content\/uploads\/2021\/04\/F1-1211x1536.png 1211w, https:\/\/jovensconectados.org.br\/wp-content\/uploads\/2021\/04\/F1-150x190.png 150w\" alt=\"\" width=\"324\" height=\"411\" data-ll-status=\"loaded\" \/><\/p>\n<p style=\"text-align: justify;\"><em>\u201cN\u00e3o deixes que te roubem a esperan\u00e7a e a alegria, que te narcotizem para te usar como escravo dos seus interesses. Ousa ser mais, porque o teu ser \u00e9 mais importante do que qualquer outra coisa; n\u00e3o precisas de ter nem de parecer. Podes chegar a ser aquilo que Deus, teu Criador, sabe que tu \u00e9s, se reconheceres o muito a que est\u00e1s chamado. Invoca o Esp\u00edrito Santo e caminha, confiante, para a grande meta: a santidade. Assim, n\u00e3o ser\u00e1s uma fotoc\u00f3pia; ser\u00e1s plenamente tu mesmo\u201d, escreveu o Papa Francisco no par\u00e1grafo da exorta\u00e7\u00e3o que d\u00e1 o norte para as reflex\u00f5es do encontro.<\/em><\/p>\n<p style=\"text-align: justify;\">Para ajudar nessa reflex\u00e3o, os membros do Setor Diocesano de Juventude contar\u00e3o com a assessoria do padre Valdecir Ferreira, presb\u00edtero da diocese de Apucarana (PR) e ex-assessor da Comiss\u00e3o Episcopal para os Minist\u00e9rios Ordenados e a Vida Consagrada da CNBB, que conduzir\u00e1 a forma\u00e7\u00e3o sobre o\u00a0<strong><em>\u201cSentido da Vida e Felicidade\u201d<\/em><\/strong>, refor\u00e7ando o pedido do Papa Francisco:\u00a0<em>\u201cPara isso, precisa reconhecer uma coisa fundamental: ser jovem n\u00e3o significa apenas procurar prazeres transit\u00f3rios e sucessos superficiais. Para a juventude desempenhar a finalidade que lhe cabe no curso da vida, deve ser um tempo de doa\u00e7\u00e3o generosa, de oferta sincera, de sacrif\u00edcios que custam, mas tornam-nos fecundos [\u2026]\u201d. (CV 108).<\/em><\/p>\n<h3 style=\"text-align: justify;\"><b>Inscri\u00e7\u00f5es<\/b><\/h3>\n<p class=\"p1\" style=\"text-align: justify;\">As\u00a0inscri\u00e7\u00f5es ser\u00e3o GRATUITAS\u00a0e dever\u00e3o ser feitas at\u00e9 o dia\u00a021\/05\/2021\u00a0pelo\u00a0<b>JOVEM L\u00cdDER,<\/b>\u00a0atrav\u00e9s deste link:\u00a0<a href=\"https:\/\/forms.gle\/gYzEBHLZkuVt12tEA\" target=\"_blank\" rel=\"noopener\"><span class=\"s1\">\u201cInscri\u00e7\u00f5es para o II Encontro de membros do setor diocesano de juventude\u201d<\/span><\/a>.<\/p>\n","protected":false},"excerpt":{"rendered":"<p>Est\u00e3o abertas as inscri\u00e7\u00f5es para o\u00a0II Encontro Nacional de membros do Setor Diocesano de Juventude, o\u00a0INTEGRA. A\u00a0proposta para 2021 \u00e9 vivenciar\u00a0momentos de partilha, testemunhos e momentos formativos.\u00a0O INTEGRA ir\u00e1 acontecer no dia\u00a022 de maio,\u00a0pelo\u00a0Youtube, das 14h30 \u00e0s 16h e das 19h30 \u00e0s 21h. Com o tema:\u00a0\u201cPlenamente tu mesmo\u201d\u00a0(CV 107), inspirado na exorta\u00e7\u00e3o apost\u00f3lica p\u00f3s-sinodal\u00a0Christus Vivit, [&hellip;]<\/p>\n","protected":false},"author":1,"featured_media":67280,"comment_status":"open","ping_status":"closed","sticky":false,"template":"","format":"standard","meta":{"footnotes":""},"categories":[7],"tags":[],"class_list":["post-67279","post","type-post","status-publish","format-standard","has-post-thumbnail","hentry","category-cnbb"],"_links":{"self":[{"href":"https:\/\/catolicanet.net\/wp-cnet\/wp-json\/wp\/v2\/posts\/67279","targetHints":{"allow":["GET"]}}],"collection":[{"href":"https:\/\/catolicanet.net\/wp-cnet\/wp-json\/wp\/v2\/posts"}],"about":[{"href":"https:\/\/catolicanet.net\/wp-cnet\/wp-json\/wp\/v2\/types\/post"}],"author":[{"embeddable":true,"href":"https:\/\/catolicanet.net\/wp-cnet\/wp-json\/wp\/v2\/users\/1"}],"replies":[{"embeddable":true,"href":"https:\/\/catolicanet.net\/wp-cnet\/wp-json\/wp\/v2\/comments?post=67279"}],"version-history":[{"count":1,"href":"https:\/\/catolicanet.net\/wp-cnet\/wp-json\/wp\/v2\/posts\/67279\/revisions"}],"predecessor-version":[{"id":67281,"href":"https:\/\/catolicanet.net\/wp-cnet\/wp-json\/wp\/v2\/posts\/67279\/revisions\/67281"}],"wp:featuredmedia":[{"embeddable":true,"href":"https:\/\/catolicanet.net\/wp-cnet\/wp-json\/wp\/v2\/media\/67280"}],"wp:attachment":[{"href":"https:\/\/catolicanet.net\/wp-cnet\/wp-json\/wp\/v2\/media?parent=67279"}],"wp:term":[{"taxonomy":"category","embeddable":true,"href":"https:\/\/catolicanet.net\/wp-cnet\/wp-json\/wp\/v2\/categories?post=67279"},{"taxonomy":"post_tag","embeddable":true,"href":"https:\/\/catolicanet.net\/wp-cnet\/wp-json\/wp\/v2\/tags?post=67279"}],"curies":[{"name":"wp","href":"https:\/\/api.w.org\/{rel}","templated":true}]}}