{"id":67229,"date":"2021-04-20T10:55:45","date_gmt":"2021-04-20T13:55:45","guid":{"rendered":"https:\/\/catolicanet.net\/wp-cnet\/?p=67229"},"modified":"2021-04-20T15:57:04","modified_gmt":"2021-04-20T18:57:04","slug":"5-principios-do-padre-pio-que-podem-ajudar-a-enfrentar-o-coronavirus-2","status":"publish","type":"post","link":"https:\/\/catolicanet.net\/wp-cnet\/5-principios-do-padre-pio-que-podem-ajudar-a-enfrentar-o-coronavirus-2\/","title":{"rendered":"5 princ\u00edpios do Padre Pio que podem ajudar a enfrentar o coronav\u00edrus"},"content":{"rendered":"<p style=\"text-align: justify;\">O Padre\u00a0Pio de Pietrelcina, um santo que sobreviveu \u00e0 gripe espanhola, uma pandemia devastadora no in\u00edcio do s\u00e9culo XX, deixou alguns princ\u00edpios inspiradores para levar uma\u00a0vida\u00a0virtuosa e que podem ajudar a enfrentar a atual crise por coronav\u00edrus.<\/p>\n<p style=\"text-align: justify;\">Esses 5 princ\u00edpios, compilados por\u00a0National Catholic Register, prov\u00eam de trechos de uma carta enviada pelo Padre Pio em 1917 a uma de suas filhas espirituais, Antonietta Vona, e que podem ser resumidos com o ditado que ele sempre repetia: \u201cReze, espere e n\u00e3o se preocupe&#8221;.<\/p>\n<p style=\"text-align: justify;\">Como introdu\u00e7\u00e3o \u00e0 revela\u00e7\u00e3o dos princ\u00edpios, Padre Pio pede a Antonietta (Cartas III, p. 833): &#8220;N\u00e3o tenhas medo de nenhum dano futuro que possa te acontecer neste mundo, porque talvez n\u00e3o aconte\u00e7a contigo em absoluto, mas, em todo caso, se vier para ti, Deus te daria a for\u00e7a para suport\u00e1-lo. Se Deus te permite caminhar sobre as \u00e1guas tormentosas da adversidade, n\u00e3o duvides&#8230; n\u00e3o tenhas medo. Deus est\u00e1 contigo. Tem coragem e ficar\u00e1 mais f\u00e1cil\u201d.<\/p>\n<p style=\"text-align: justify;\">Em seguida, S\u00e3o Pio compartilha os 5 princ\u00edpios: 1.- \u201cSabemos que todas as coisas concorrem para o bem daqueles que amam a Deus (Romanos 8, 28)\u201d; 2.- &#8220;Deus \u00e9 nosso pai&#8221;; 3.- &#8220;Quando vos mandei sem bolsa, sem mochila e sem cal\u00e7ado, faltou-vos porventura alguma coisa?&#8221; (Lucas 22, 35); 4.- &#8220;Eternidade&#8221; e 5.- &#8221; &#8220;Quanto a mim, n\u00e3o pretendo, jamais, gloriar-me, a n\u00e3o ser na cruz de nosso Senhor Jesus Cristo&#8221; (G\u00e1latas 6,14).<\/p>\n<p style=\"text-align: justify;\">Register explica que esses princ\u00edpios s\u00e3o bons para qualquer ocasi\u00e3o, mas tamb\u00e9m \u00e9 poss\u00edvel ver o seu valor quando se vive uma situa\u00e7\u00e3o de pandemia. Por exemplo, o artigo assinala que ao afirmar a verdade de que \u201cDeus \u00e9 nosso Pai\u201d traz o consolo de estar \u201csob o cuidado de sua amorosa provid\u00eancia e prote\u00e7\u00e3o, e que, inclusive, se passamos por situa\u00e7\u00f5es dif\u00edceis, Ele est\u00e1 conosco\u201d.<\/p>\n","protected":false},"excerpt":{"rendered":"<p>O Padre\u00a0Pio de Pietrelcina, um santo que sobreviveu \u00e0 gripe espanhola, uma pandemia devastadora no in\u00edcio do s\u00e9culo XX, deixou alguns princ\u00edpios inspiradores para levar uma\u00a0vida\u00a0virtuosa e que podem ajudar a enfrentar a atual crise por coronav\u00edrus. Esses 5 princ\u00edpios, compilados por\u00a0National Catholic Register, prov\u00eam de trechos de uma carta enviada pelo Padre Pio em [&hellip;]<\/p>\n","protected":false},"author":1,"featured_media":67230,"comment_status":"open","ping_status":"closed","sticky":false,"template":"","format":"standard","meta":{"footnotes":""},"categories":[4,13],"tags":[],"class_list":["post-67229","post","type-post","status-publish","format-standard","has-post-thumbnail","hentry","category-cotidiano","category-featured"],"_links":{"self":[{"href":"https:\/\/catolicanet.net\/wp-cnet\/wp-json\/wp\/v2\/posts\/67229","targetHints":{"allow":["GET"]}}],"collection":[{"href":"https:\/\/catolicanet.net\/wp-cnet\/wp-json\/wp\/v2\/posts"}],"about":[{"href":"https:\/\/catolicanet.net\/wp-cnet\/wp-json\/wp\/v2\/types\/post"}],"author":[{"embeddable":true,"href":"https:\/\/catolicanet.net\/wp-cnet\/wp-json\/wp\/v2\/users\/1"}],"replies":[{"embeddable":true,"href":"https:\/\/catolicanet.net\/wp-cnet\/wp-json\/wp\/v2\/comments?post=67229"}],"version-history":[{"count":1,"href":"https:\/\/catolicanet.net\/wp-cnet\/wp-json\/wp\/v2\/posts\/67229\/revisions"}],"predecessor-version":[{"id":67231,"href":"https:\/\/catolicanet.net\/wp-cnet\/wp-json\/wp\/v2\/posts\/67229\/revisions\/67231"}],"wp:featuredmedia":[{"embeddable":true,"href":"https:\/\/catolicanet.net\/wp-cnet\/wp-json\/wp\/v2\/media\/67230"}],"wp:attachment":[{"href":"https:\/\/catolicanet.net\/wp-cnet\/wp-json\/wp\/v2\/media?parent=67229"}],"wp:term":[{"taxonomy":"category","embeddable":true,"href":"https:\/\/catolicanet.net\/wp-cnet\/wp-json\/wp\/v2\/categories?post=67229"},{"taxonomy":"post_tag","embeddable":true,"href":"https:\/\/catolicanet.net\/wp-cnet\/wp-json\/wp\/v2\/tags?post=67229"}],"curies":[{"name":"wp","href":"https:\/\/api.w.org\/{rel}","templated":true}]}}