{"id":67117,"date":"2021-04-14T09:00:47","date_gmt":"2021-04-14T12:00:47","guid":{"rendered":"https:\/\/catolicanet.net\/wp-cnet\/?p=67117"},"modified":"2021-04-14T19:16:41","modified_gmt":"2021-04-14T22:16:41","slug":"francisco-as-mudancas-na-igreja-sem-oracao-nao-sao-mudancas-na-igreja-sao-mudancas-de-grupo","status":"publish","type":"post","link":"https:\/\/catolicanet.net\/wp-cnet\/francisco-as-mudancas-na-igreja-sem-oracao-nao-sao-mudancas-na-igreja-sao-mudancas-de-grupo\/","title":{"rendered":"Francisco: as mudan\u00e7as na Igreja sem ora\u00e7\u00e3o n\u00e3o s\u00e3o mudan\u00e7as na Igreja. S\u00e3o mudan\u00e7as de grupo"},"content":{"rendered":"<div class=\"article__subTitle\" style=\"text-align: justify;\">&#8220;A Igreja \u00e9 uma grande escola de ora\u00e7\u00e3o. Muitos de n\u00f3s aprendemos a silabar as primeiras ora\u00e7\u00f5es enquanto est\u00e1vamos no colo dos pais ou dos av\u00f3s. Talvez conservemos a mem\u00f3ria da m\u00e3e e do pai que nos ensinavam a recitar as ora\u00e7\u00f5es antes de dormir. Estes momentos de recolhimento s\u00e3o frequentemente aqueles em que os pais ouvem algumas confid\u00eancias \u00edntimas dos filhos e podem dar os seus conselhos inspirados pelo Evangelho&#8221;, frisou o Pont\u00edfice em sua catequese.<\/div>\n<div class=\"title__separator\" style=\"text-align: justify;\"><\/div>\n<div class=\"article__text \">\n<p style=\"text-align: justify;\"><b>Mariangela Jaguraba &#8211; Vatican News<\/b><\/p>\n<p style=\"text-align: justify;\">&#8220;A Igreja mestra de ora\u00e7\u00e3o&#8221; foi o tema da catequese do Papa Francisco na Audi\u00eancia Geral, desta quarta-feira (14\/04), realizada na Biblioteca do Pal\u00e1cio Apost\u00f3lico.<\/p>\n<p style=\"text-align: justify;\">&#8220;A Igreja \u00e9 uma grande escola de ora\u00e7\u00e3o. Muitos de n\u00f3s aprendemos a silabar as primeiras ora\u00e7\u00f5es enquanto est\u00e1vamos no colo dos pais ou dos av\u00f3s. Talvez conservemos a mem\u00f3ria da m\u00e3e e do pai que nos ensinavam a recitar as ora\u00e7\u00f5es antes de dormir. Estes momentos de recolhimento s\u00e3o frequentemente aqueles em que os pais ouvem algumas confid\u00eancias \u00edntimas dos filhos e podem dar os seus conselhos inspirados pelo Evangelho&#8221;, frisou o Pont\u00edfice.<\/p>\n<p style=\"text-align: justify;\">A seguir, o Papa recordou que &#8220;no caminho do crescimento, h\u00e1 outros encontros, com outras testemunhas e mestres de ora\u00e7\u00e3o&#8221;.<\/p>\n<p style=\"text-align: justify;\"><i>A vida de uma par\u00f3quia e de cada comunidade crist\u00e3 \u00e9 cadenciada pelos tempos da liturgia e da ora\u00e7\u00e3o comunit\u00e1ria. Aquele dom, que na inf\u00e2ncia recebemos com simplicidade, compreendemos que \u00e9 um patrim\u00f4nio grande e muito rico, e que a experi\u00eancia da ora\u00e7\u00e3o merece ser aprofundada cada vez mais. O h\u00e1bito da f\u00e9 n\u00e3o \u00e9 engomado; desenvolve-se conosco, at\u00e9 atrav\u00e9s dos momentos de crise e ressurrei\u00e7\u00e3o. Ali\u00e1s, n\u00e3o \u00e9 poss\u00edvel crescer sem os momentos de crise. A crise faz crescer. Entrar em crise \u00e9 uma maneira necess\u00e1ria para crescer.<\/i><\/p>\n<p style=\"text-align: justify;\">&#8220;O sopro da f\u00e9 \u00e9 a ora\u00e7\u00e3o: crescemos na f\u00e9 tanto quanto aprendemos a rezar. Depois de certas passagens da vida, compreendemos que sem f\u00e9 n\u00e3o poder\u00edamos ter bom \u00eaxito e que a ora\u00e7\u00e3o foi a nossa for\u00e7a. N\u00e3o s\u00f3 a ora\u00e7\u00e3o pessoal, mas tamb\u00e9m a dos irm\u00e3os e irm\u00e3s, e da comunidade que nos acompanhou e apoiou&#8221;, sublinhou Francisco.<\/p>\n<h2 style=\"text-align: justify;\">Tudo na Igreja nasce na ora\u00e7\u00e3o<\/h2>\n<p style=\"text-align: justify;\">&#8220;Tamb\u00e9m por este motivo na Igreja florescem continuamente comunidades e grupos dedicados \u00e0 ora\u00e7\u00e3o. Alguns crist\u00e3os sentem at\u00e9 o chamado de fazer da ora\u00e7\u00e3o a a\u00e7\u00e3o principal dos seus dias. Na Igreja existem mosteiros, conventos e eremit\u00e9rios onde vivem pessoas consagradas a Deus e que muitas vezes se tornam centros de irradia\u00e7\u00e3o espiritual, comunidades de ora\u00e7\u00e3o que irradiam espiritualidade. Pequenos o\u00e1sis em que se partilha uma ora\u00e7\u00e3o intensa e se constr\u00f3i a comunh\u00e3o fraterna dia ap\u00f3s dia. Trata-se de c\u00e9lulas vitais, n\u00e3o apenas para o tecido da Igreja, mas para a pr\u00f3pria sociedade.\u00a0<b>Tudo na Igreja nasce na ora\u00e7\u00e3o, e tudo cresce gra\u00e7as \u00e0 ora\u00e7\u00e3o.\u00a0<\/b>Quando o Inimigo, o Maligno, quer combater contra a Igreja, o faz primeiro procurando secar as suas fontes, impedindo-as de rezar&#8221;, disse ainda Francisco, acrescentando:<\/p>\n<p style=\"text-align: justify;\"><i>Por exemplo, vemos isso em certos grupos que concordam em realizar reformas eclesiais, mudan\u00e7as na vida da Igreja, organiza\u00e7\u00e3o, e os meios de comunica\u00e7\u00e3o que informam. Mas a ora\u00e7\u00e3o n\u00e3o se v\u00ea, n\u00e3o se reza. Devemos mudar isso, temos que tomar decis\u00f5es um pouco fortes. \u00c9 interessante a proposta. \u00c9 interessante! Somente com discuss\u00e3o, somente com a m\u00eddia. Mas onde est\u00e1 a ora\u00e7\u00e3o? A ora\u00e7\u00e3o abre a porta ao Esp\u00edrito Santo que inspira a ir adiante. As mudan\u00e7as na Igreja sem ora\u00e7\u00e3o n\u00e3o s\u00e3o mudan\u00e7as na Igreja. S\u00e3o mudan\u00e7as de grupo. E quando o Inimigo &#8211; como eu disse &#8211; quer lutar contra a Igreja, o faz primeiro tentando secar suas fontes, impedindo-as de rezar e fazer outras propostas.<\/i><\/p>\n<div style=\"text-align: justify;\">\n<aside class=\"article__readmore\">\n<div class=\"teaser--labelEvidence teaser teaser--type-udienze_papali \">\n<article>\n<div class=\"teaser__labelWrapper\">\n<div class=\"teaser__label\">LEIA TAMB\u00c9M<\/div>\n<\/div>\n<div class=\"teaser__contentWrapper\">\n<figure class=\"teaser__image\">\n<div class=\"overlay-video\"><\/div>\n<picture><source srcset=\"\/content\/dam\/vaticannews\/agenzie\/images\/srv\/2021\/04\/14\/2021-04-14-udienza-generale\/1618390401497.JPG\/_jcr_content\/renditions\/cq5dam.thumbnail.cropped.500.281.jpeg\" media=\"(min-width: 768px)\" data-original-set=\"\/content\/dam\/vaticannews\/agenzie\/images\/srv\/2021\/04\/14\/2021-04-14-udienza-generale\/1618390401497.JPG\/_jcr_content\/renditions\/cq5dam.thumbnail.cropped.500.281.jpeg\" \/><source srcset=\"\/content\/dam\/vaticannews\/agenzie\/images\/srv\/2021\/04\/14\/2021-04-14-udienza-generale\/1618390401497.JPG\/_jcr_content\/renditions\/cq5dam.thumbnail.cropped.500.281.jpeg\" media=\"(min-width: 340px)\" data-original-set=\"\/content\/dam\/vaticannews\/agenzie\/images\/srv\/2021\/04\/14\/2021-04-14-udienza-generale\/1618390401497.JPG\/_jcr_content\/renditions\/cq5dam.thumbnail.cropped.500.281.jpeg\" \/><source srcset=\"\/content\/dam\/vaticannews\/agenzie\/images\/srv\/2021\/04\/14\/2021-04-14-udienza-generale\/1618390401497.JPG\/_jcr_content\/renditions\/cq5dam.thumbnail.cropped.500.281.jpeg\" data-original-set=\"\/content\/dam\/vaticannews\/agenzie\/images\/srv\/2021\/04\/14\/2021-04-14-udienza-generale\/1618390401497.JPG\/_jcr_content\/renditions\/cq5dam.thumbnail.cropped.500.281.jpeg\" \/><img decoding=\"async\" class=\"loaded\" src=\"https:\/\/www.vaticannews.va\/content\/dam\/vaticannews\/agenzie\/images\/srv\/2021\/04\/14\/2021-04-14-udienza-generale\/1618390401497.JPG\/_jcr_content\/renditions\/cq5dam.thumbnail.cropped.500.281.jpeg\" alt=\"Audi\u00eancia Geral de 14 de abril de 2021\" data-original=\"\/content\/dam\/vaticannews\/agenzie\/images\/srv\/2021\/04\/14\/2021-04-14-udienza-generale\/1618390401497.JPG\/_jcr_content\/renditions\/cq5dam.thumbnail.cropped.500.281.jpeg\" data-was-processed=\"true\" \/><\/picture><\/figure>\n<div class=\"teaser__info\">14\/04\/2021<\/p>\n<div class=\"vn_social_inline_share_toolbox\" data-description=\"\" data-title=\"Audi\u00eancia Geral de 14 de abril de 2021\" data-url=\"https:\/\/www.vaticannews.va\/pt\/papa-francisco\/audiencias-papal\/2021-04\/audiencia-geral-14-de-abril-de-2021.html\" data-media=\"https:\/\/www.vaticannews.va\/content\/dam\/vaticannews\/agenzie\/images\/srv\/2021\/04\/14\/2021-04-14-udienza-generale\/1618390401497.JPG\/_jcr_content\/renditions\/cq5dam.thumbnail.cropped.500.281.jpeg\"><\/div>\n<\/div>\n<h2 class=\"teaser__title\"><a title=\"Audi\u00eancia Geral de 14 de abril de 2021\" href=\"https:\/\/www.vaticannews.va\/pt\/papa-francisco\/audiencias-papal\/2021-04\/audiencia-geral-14-de-abril-de-2021.html\">Audi\u00eancia Geral de 14 de abril de 2021<\/a><\/h2>\n<\/div>\n<\/article>\n<\/div>\n<\/aside>\n<\/div>\n<p style=\"text-align: justify;\">&#8220;As mulheres e os homens santos n\u00e3o t\u00eam uma vida mais f\u00e1cil do que os outros, pelo contr\u00e1rio, tamb\u00e9m eles t\u00eam os pr\u00f3prios problemas para enfrentar e, al\u00e9m disso, s\u00e3o frequentemente objeto de oposi\u00e7\u00f5es. Os santos, que muitas vezes contam pouco aos olhos do mundo, na realidade s\u00e3o aqueles que o sustentam, n\u00e3o com as armas do dinheiro e do poder, mas com as armas da ora\u00e7\u00e3o&#8221;, frisou o Papa.<\/p>\n<h2 style=\"text-align: justify;\">L\u00e2mpada da f\u00e9 acesa enquanto houver o \u00f3leo da ora\u00e7\u00e3o<\/h2>\n<p style=\"text-align: justify;\">No Evangelho de Lucas, Jesus apresenta uma pergunta dram\u00e1tica que nos faz sempre refletir: \u00abQuando vier o Filho do Homem, encontrar\u00e1 f\u00e9 sobre a terra?\u00bb ou encontrar\u00e1 apenas organiza\u00e7\u00f5es, como um grupo de empres\u00e1rios da f\u00e9, todos bem organizados, que fazem benefic\u00eancia, muitas coisas ou encontrar\u00e1 f\u00e9? &#8220;<b>Podemos concluir que a l\u00e2mpada da f\u00e9 estar\u00e1 sempre acesa na terra, enquanto houver o \u00f3leo da ora\u00e7\u00e3o<\/b>&#8220;, disse ele.<\/p>\n<p style=\"text-align: justify;\"><i>\u00c9 o que leva adiante a f\u00e9 e leva adiante a nossa vida pobre, fr\u00e1gil e pecadora, mas a ora\u00e7\u00e3o a leva adiante com certeza. Uma pergunta que n\u00f3s, crist\u00e3os, devemos nos fazer \u00e9: eu rezo? Rezamos? Como rezo? Como papagaio ou rezo com o cora\u00e7\u00e3o? Rezo com a certeza de que estou na Igreja ou rezo um pouco de acordo com minhas ideias e fa\u00e7o com que minhas ideias se tornem ora\u00e7\u00e3o? Esta \u00e9 uma ora\u00e7\u00e3o pag\u00e3, n\u00e3o crist\u00e3. Repito: podemos concluir que a l\u00e2mpada da f\u00e9 estar\u00e1 sempre acesa na terra enquanto houver o \u00f3leo da ora\u00e7\u00e3o.<\/i><\/p>\n<p style=\"text-align: justify;\">&#8220;Esta \u00e9 uma tarefa essencial da Igreja: rezar e educar para rezar. Transmitir de gera\u00e7\u00e3o em gera\u00e7\u00e3o a l\u00e2mpada da f\u00e9 com o \u00f3leo da ora\u00e7\u00e3o. A l\u00e2mpada da f\u00e9 que ilumina, arruma realmente as coisas como s\u00e3o, mas s\u00f3 pode ir adiante com o \u00f3leo da f\u00e9. Ao contr\u00e1rio, se apaga.<b>\u00a0<\/b>Sem a luz desta l\u00e2mpada, n\u00e3o poder\u00edamos ver o caminho para evangelizar; n\u00e3o poder\u00edamos ver os rostos dos irm\u00e3os dos quais nos devemos aproximar e servir<a id=\"_GoBack\" target=\"_blank\" rel=\"external nofollow noopener\" name=\"_GoBack\"><\/a>; n\u00e3o poder\u00edamos iluminar a sala onde nos encontramos em comunidade. Sem f\u00e9, tudo se desmorona; e sem a ora\u00e7\u00e3o, a f\u00e9 se extingue. Por isso a Igreja, que \u00e9 casa e escola de comunh\u00e3o, \u00e9 casa e escola de ora\u00e7\u00e3o&#8221;, concluiu.<\/p>\n<\/div>\n","protected":false},"excerpt":{"rendered":"<p>&#8220;A Igreja \u00e9 uma grande escola de ora\u00e7\u00e3o. Muitos de n\u00f3s aprendemos a silabar as primeiras ora\u00e7\u00f5es enquanto est\u00e1vamos no colo dos pais ou dos av\u00f3s. Talvez conservemos a mem\u00f3ria da m\u00e3e e do pai que nos ensinavam a recitar as ora\u00e7\u00f5es antes de dormir. Estes momentos de recolhimento s\u00e3o frequentemente aqueles em que os [&hellip;]<\/p>\n","protected":false},"author":1,"featured_media":67118,"comment_status":"open","ping_status":"closed","sticky":false,"template":"","format":"standard","meta":{"footnotes":""},"categories":[13,3],"tags":[],"class_list":["post-67117","post","type-post","status-publish","format-standard","has-post-thumbnail","hentry","category-featured","category-vaticano"],"_links":{"self":[{"href":"https:\/\/catolicanet.net\/wp-cnet\/wp-json\/wp\/v2\/posts\/67117","targetHints":{"allow":["GET"]}}],"collection":[{"href":"https:\/\/catolicanet.net\/wp-cnet\/wp-json\/wp\/v2\/posts"}],"about":[{"href":"https:\/\/catolicanet.net\/wp-cnet\/wp-json\/wp\/v2\/types\/post"}],"author":[{"embeddable":true,"href":"https:\/\/catolicanet.net\/wp-cnet\/wp-json\/wp\/v2\/users\/1"}],"replies":[{"embeddable":true,"href":"https:\/\/catolicanet.net\/wp-cnet\/wp-json\/wp\/v2\/comments?post=67117"}],"version-history":[{"count":1,"href":"https:\/\/catolicanet.net\/wp-cnet\/wp-json\/wp\/v2\/posts\/67117\/revisions"}],"predecessor-version":[{"id":67119,"href":"https:\/\/catolicanet.net\/wp-cnet\/wp-json\/wp\/v2\/posts\/67117\/revisions\/67119"}],"wp:featuredmedia":[{"embeddable":true,"href":"https:\/\/catolicanet.net\/wp-cnet\/wp-json\/wp\/v2\/media\/67118"}],"wp:attachment":[{"href":"https:\/\/catolicanet.net\/wp-cnet\/wp-json\/wp\/v2\/media?parent=67117"}],"wp:term":[{"taxonomy":"category","embeddable":true,"href":"https:\/\/catolicanet.net\/wp-cnet\/wp-json\/wp\/v2\/categories?post=67117"},{"taxonomy":"post_tag","embeddable":true,"href":"https:\/\/catolicanet.net\/wp-cnet\/wp-json\/wp\/v2\/tags?post=67117"}],"curies":[{"name":"wp","href":"https:\/\/api.w.org\/{rel}","templated":true}]}}