{"id":67088,"date":"2021-04-10T09:37:48","date_gmt":"2021-04-10T12:37:48","guid":{"rendered":"https:\/\/catolicanet.net\/wp-cnet\/?p=67088"},"modified":"2021-04-11T01:39:15","modified_gmt":"2021-04-11T04:39:15","slug":"a-misericordia-em-francisco","status":"publish","type":"post","link":"https:\/\/catolicanet.net\/wp-cnet\/a-misericordia-em-francisco\/","title":{"rendered":"A MISERIC\u00d3RDIA EM FRANCISCO"},"content":{"rendered":"<p style=\"text-align: justify;\"><strong><em>(Miserando atque eligendo: o<\/em><\/strong><strong><em>lhou-o com miseric\u00f3rdia e o escolheu)<\/em><\/strong><\/p>\n<p style=\"text-align: justify;\"><strong>\u00a0<\/strong>O Papa Francisco iniciou o seu pontificado em 19 de mar\u00e7o de 2013 e, durante esse tempo que est\u00e1 \u00e0 frente da Igreja, tem se pautado pela miseric\u00f3rdia. O Papa Francisco nos ensina, com os seus gestos de miseric\u00f3rdia, a termos em n\u00f3s os mesmos sentimentos de Jesus Cristo, que olhava para todas as pessoas com miseric\u00f3rdia. A proclama\u00e7\u00e3o do jubileu da miseric\u00f3rdia e os confessores com prerrogativas especiais para a absolvi\u00e7\u00e3o foi um claro sinal dessa miseric\u00f3rdia.<\/p>\n<p style=\"text-align: justify;\">O Papa Francisco nos mostra como devemos de fato viver a nossa f\u00e9 cat\u00f3lica, que deve ser uma total doa\u00e7\u00e3o de amor ao pr\u00f3ximo. O Santo Padre o Papa Francisco, assim como Jesus, prega com autoridade, ou seja, ele vive tudo aquilo que prega e nos ensina a fazer o mesmo.<\/p>\n<p style=\"text-align: justify;\">Estamos num tempo muito delicado devido \u00e0 pandemia da Covid-19, em que devemos praticar a miseric\u00f3rdia com o pr\u00f3ximo, sobretudo com aqueles que padecem do v\u00edrus ou com pessoas que perderam seus entes queridos devido serem acometidos pela doen\u00e7a. Essa pandemia de certo modo nos ensinou uma li\u00e7\u00e3o, que devemos dar mais aten\u00e7\u00e3o ao pr\u00f3ximo, ter mais Deus no cora\u00e7\u00e3o. Devemos viver em uma cultura de paz, o mundo est\u00e1 sedento de paz e de amor.<\/p>\n<p style=\"text-align: justify;\">O Papa Francisco fez uma visita surpresa aos m\u00e9dicos que est\u00e3o na linha de frente de combate \u00e0 pandemia da Covid-19, encorajando-os a continuar a sua miss\u00e3o e que eles s\u00e3o sinais do Cristo Ressuscitado aos doentes. Esse foi um gesto de miseric\u00f3rdia do Papa, pois n\u00e3o estava prevista essa visita, foi um ato de miseric\u00f3rdia, lembrar desses profissionais que algumas vezes s\u00e3o esquecidos.<\/p>\n<p style=\"text-align: justify;\">Durante o seu pontificado, o Papa Francisco busca viver intensamente essa miseric\u00f3rdia que adv\u00e9m de Jesus Cristo. Francisco busca criar pontes entre as religi\u00f5es e os povos. Essas pontes s\u00e3o de amor, paz e miseric\u00f3rdia. A pr\u00f3pria visita do Papa ao Iraque \u2013 pa\u00eds em que os cat\u00f3licos s\u00e3o minoria e que vive em constante guerra \u2013 a visita do Sumo Pont\u00edfice a esse pa\u00eds foi, justamente, para criar pontes de amor e de miseric\u00f3rdia e construir a paz.<\/p>\n<p style=\"text-align: justify;\">Ao longo de sua vida o Papa Francisco se destacou por sua humildade e o cuidado que tinha com os mais pobres. Francisco ao longo da sua vida e, inclusive agora no seu pontificado, tem um cuidado muito especial com o di\u00e1logo com as na\u00e7\u00f5es, religi\u00f5es e entre os crist\u00e3os.<\/p>\n<p style=\"text-align: justify;\">Uma outra marca do pontificado de Francisco \u00e9 que ele entende que a Igreja deve ser uma Igreja em sa\u00edda, ou seja, n\u00e3o deve ser apenas uma Igreja de sacristia, aguardando que as pessoas busquem a Igreja, mas ao contr\u00e1rio, a Igreja deve ir ao encontro das pessoas para anunciar o reino de Deus e ministrar os sacramentos. Temos que ir ao encontro dos batizados, que por um motivo ou outro abandonaram a sua f\u00e9.<\/p>\n<p style=\"text-align: justify;\">O Papa Francisco diz que os sacerdotes devem ter o cheiro das ovelhas, ou seja, estar no meio do povo, pois foi para isso que padre foi ordenado; sair do meio do povo, para depois voltar para esse povo. O padre tem que ter consci\u00eancia da sua miss\u00e3o, que \u00e9 atender bem o povo que a ele foi confiado. Tudo isso \u00e9 um ato de miseric\u00f3rdia, que aprendemos de Jesus e o Papa nos exorta a fazermos o mesmo.<\/p>\n<p style=\"text-align: justify;\">O Papa Francisco durante o seu pontificado prega o cuidado que devemos ter com o meio ambiente (Enc\u00edclica <em>Laudato Si<\/em>), pois temos que ter o cuidado com a casa comum, que \u00e9 o local em que vivemos. N\u00e3o devemos poluir, sujar as ruas, usar carros com gases poluentes, n\u00e3o poluir os rios, lagoas, c\u00f3rregos, val\u00f5es, enfim. O Papa Francisco ensina que o cuidado com o meio ambiente tamb\u00e9m \u00e9 um ato de miseric\u00f3rdia.<\/p>\n<p style=\"text-align: justify;\">As enc\u00edclicas que o Papa escreveu durante o seu pontificado, <strong><em>Laudato Si <\/em><\/strong>(Louvado Seja), <strong><em>Lumen Fidei<\/em><\/strong> (Luz da F\u00e9) e <strong><em>Fratelli Tutti<\/em><\/strong> (Somos todos irm\u00e3os), s\u00e3o todas com o olhar voltado para a miseric\u00f3rdia de Deus e a miseric\u00f3rdia que devemos ter com o pr\u00f3ximo. Deus criou o mundo e criou o homem a sua imagem e semelhan\u00e7a. A partir do momento que eu cuido da natureza que Deus criou, e me importo com o meu pr\u00f3ximo, agirei com miseric\u00f3rdia, pois agirei com o olhar de Deus.<\/p>\n<p style=\"text-align: justify;\">O pr\u00f3prio lema que permeia o pontificado de Francisco lembra a miseric\u00f3rdia de Deus: <strong><em>Miserando atque eligendo<\/em><\/strong> (Olhou-o com miseric\u00f3rdia e o escolheu), pois o pr\u00f3prio Papa diz que ele era muito \u201cpecador\u201d para ser escolhido para tamanha miss\u00e3o, mas disse que confiava na miseric\u00f3rdia de Deus por ele. Ao iniciar o seu pontificado, em sua primeira apari\u00e7\u00e3o p\u00fablica, o Papa Francisco fez um belo gesto, se curvou diante do povo e pediu que todos rezassem por ele. Francisco, com esse gesto nobre, mostra a sua humildade e o rosto misericordioso de Deus que pauta o seu pontificado.<\/p>\n<p style=\"text-align: justify;\">Que a miseric\u00f3rdia de Deus nos alcance e que possamos aprender com o Papa Francisco a cuidar do meio ambiente que vivemos e a tratar com amor e respeito o nosso pr\u00f3ximo. Que possamos dar a aten\u00e7\u00e3o devida aqueles que mais sofrem e que est\u00e3o passando por dificuldade, principalmente, agora devido \u00e0 pandemia da Covid-19, sejamos solid\u00e1rios, estendendo a m\u00e3o ao pr\u00f3ximo e sejamos, acima de tudo, uma Igreja em sa\u00edda.<\/p>\n<p style=\"text-align: justify;\">Rezemos pelo Papa Francisco, para que ele tenha sa\u00fade e for\u00e7a f\u00edsica para continuar o seu pontificado. Que a miseric\u00f3rdia de Deus continue acompanhando os seus passos e o Esp\u00edrito Santo que o elegeu, o ilumine.<\/p>\n","protected":false},"excerpt":{"rendered":"<p>(Miserando atque eligendo: olhou-o com miseric\u00f3rdia e o escolheu) \u00a0O Papa Francisco iniciou o seu pontificado em 19 de mar\u00e7o de 2013 e, durante esse tempo que est\u00e1 \u00e0 frente da Igreja, tem se pautado pela miseric\u00f3rdia. O Papa Francisco nos ensina, com os seus gestos de miseric\u00f3rdia, a termos em n\u00f3s os mesmos sentimentos [&hellip;]<\/p>\n","protected":false},"author":5,"featured_media":55819,"comment_status":"open","ping_status":"closed","sticky":false,"template":"","format":"standard","meta":{"footnotes":""},"categories":[9],"tags":[],"class_list":["post-67088","post","type-post","status-publish","format-standard","has-post-thumbnail","hentry","category-artigos"],"_links":{"self":[{"href":"https:\/\/catolicanet.net\/wp-cnet\/wp-json\/wp\/v2\/posts\/67088","targetHints":{"allow":["GET"]}}],"collection":[{"href":"https:\/\/catolicanet.net\/wp-cnet\/wp-json\/wp\/v2\/posts"}],"about":[{"href":"https:\/\/catolicanet.net\/wp-cnet\/wp-json\/wp\/v2\/types\/post"}],"author":[{"embeddable":true,"href":"https:\/\/catolicanet.net\/wp-cnet\/wp-json\/wp\/v2\/users\/5"}],"replies":[{"embeddable":true,"href":"https:\/\/catolicanet.net\/wp-cnet\/wp-json\/wp\/v2\/comments?post=67088"}],"version-history":[{"count":1,"href":"https:\/\/catolicanet.net\/wp-cnet\/wp-json\/wp\/v2\/posts\/67088\/revisions"}],"predecessor-version":[{"id":67089,"href":"https:\/\/catolicanet.net\/wp-cnet\/wp-json\/wp\/v2\/posts\/67088\/revisions\/67089"}],"wp:featuredmedia":[{"embeddable":true,"href":"https:\/\/catolicanet.net\/wp-cnet\/wp-json\/wp\/v2\/media\/55819"}],"wp:attachment":[{"href":"https:\/\/catolicanet.net\/wp-cnet\/wp-json\/wp\/v2\/media?parent=67088"}],"wp:term":[{"taxonomy":"category","embeddable":true,"href":"https:\/\/catolicanet.net\/wp-cnet\/wp-json\/wp\/v2\/categories?post=67088"},{"taxonomy":"post_tag","embeddable":true,"href":"https:\/\/catolicanet.net\/wp-cnet\/wp-json\/wp\/v2\/tags?post=67088"}],"curies":[{"name":"wp","href":"https:\/\/api.w.org\/{rel}","templated":true}]}}